{"id":96764,"date":"2012-04-02T00:10:25","date_gmt":"2012-04-02T00:10:25","guid":{"rendered":"http:\/\/www.fuldaer-nachrichten.de\/?p=96764"},"modified":"2012-04-01T18:49:14","modified_gmt":"2012-04-01T18:49:14","slug":"sommerfreizeiten-der-stadt-fulda-noch-freie-platze-fur-kinder-und-jugendliche","status":"publish","type":"post","link":"https:\/\/www.fuldaernachrichten.de\/?p=96764","title":{"rendered":"Sommerfreizeiten der Stadt Fulda: Noch freie Pl\u00e4tze f\u00fcr Kinder und Jugendliche"},"content":{"rendered":"<p>Fulda (cp). Die Kinder- und Jugendf\u00f6rderung der Stadt Fulda bietet auch in den kommenden Sommerferien wieder eine bunte Palette verschiedener Ferienfreizeiten an. Noch sind einige Pl\u00e4tze frei. Die Ziele reichen von der Rh\u00f6n bis in den hohen Norden nach Cuxhaven. Hier ist garantiert f\u00fcr jeden, der mal ohne die Eltern weg m\u00f6chte, etwas dabei.<!--more--><br \/>\n<strong>Lake Sunshine\/ Bosau vom 14.07. \u2013 28.07. 2012<\/strong><br \/>\n11 \u2013 13 Jahre<br \/>\nF\u00fcr alle Jungs und M\u00e4dels, die was erleben wollen, aber auch gerne mal baden gehen und am See entspannen m\u00f6chten, kommt Lake Sunshine gerade recht. Hier im hohen Norden in Bosau k\u00f6nnt Ihr Kanu fahren, klettern, Volleyball- und Fu\u00dfballspielen. Ausfl\u00fcge wie zur Unterwasserwelt Sealife stehen nat\u00fcrlich ebenso auf der Tagesordnung.<br \/>\nTeilnahmebeitrag 375,- \u00e2\u201a\u00ac<\/p>\n<p><strong>Indianercamp\/ Trendelburg vom 30.07. \u2013 06.08. 2012<\/strong><br \/>\n10 \u2013 12 Jahre<br \/>\nOberhalb von Kassel liegt das Hofgut Stammen. Hier findet unser Indianercamp statt. Ein Woche lang leben wie die Indianer mit Kanu Fahren, Bogenschie\u00dfen und \u00dcbernachten in Holztippis. Abends setzen sich alle ans w\u00e4rmende Lagerfeuer und bereiten ihr Stockbrot zu. Diese Freizeit verspricht ein gro\u00dfes Abenteuer zu werden.<br \/>\nTeilnahmebeitrag 185,- \u00e2\u201a\u00ac<\/p>\n<p><strong>An der Nordseek\u00fcste\/ Cuxhaven vom 27.07. \u2013 10.08.2012<\/strong><br \/>\n11 \u2013 13 Jahre<br \/>\nAction gibt es an der Nordsee. Am nahegelegenen Strand besteht neben der Abk\u00fchlung im Meer nat\u00fcrlich M\u00f6glichkeit zum Beachvolleyball und Fu\u00dfball spielen. Eine Wattwanderung darf an der Nordseek\u00fcste auch nicht fehlen. Sollte das Wetter doch einmal schlechter werden, k\u00f6nnt ihr immer noch einen sch\u00f6nen Tag im Erlebnisbad \u201eAhoi\u201c verbringen.<br \/>\nTeilnahmebeitrag: 375,- \u00e2\u201a\u00ac<\/p>\n<p><strong>Die Rh\u00f6n ist sch\u00f6n\/ in Dietges vom 16.07. \u2013 22.07.2012<\/strong><br \/>\n9 \u2013 11 Jahre<br \/>\nMit Sack und Pack geht es in das Selbstversorgerhaus in Dietges. W\u00e4hrend der Woche sind spannende Outdooraktivit\u00e4ten geplant. So stehen hier GPS-Rallye, Klettern und Rodelbahn auf dem Programm sowie der Bau einer riesigen Murmelbahn aus Materialien, die der Wald bietet. Eine prima Freizeit f\u00fcr die Kleinen, die das erste Mal alleine wegfahren m\u00f6chten.<br \/>\nTeilnahmebeitrag: 155,- \u00e2\u201a\u00ac<\/p>\n<p><strong>Buchung und Informationen<\/strong><br \/>\nDaniel Hunold von der Kinder- und Jugendf\u00f6rderung der Stadt Fulda, Zitronemannsg\u00e4sschen 2 in Fulda ist unter Tel.: 0661 \u2013 102 1962 oder per E-Mail unter freizeit@fulda.de zu erreichen. Au\u00dferdem k\u00f6nnen unter www.freizeitfulda.de zus\u00e4tzlich ein Anmeldeformular und die aktuell noch freien Pl\u00e4tze abgerufen werden.\u00c2\u00a0 Familien mit mindestens drei Kindern oder Familien mit geringen Einkommensverh\u00e4ltnissen k\u00f6nnen eine Erm\u00e4\u00dfigung des Teilnahmebeitrags beantragen.<\/p>\n","protected":false},"excerpt":{"rendered":"<div class=\"tmnf_excerpt\"><p>Fulda (cp). Die Kinder- und Jugendf\u00f6rderung der Stadt Fulda bietet auch in den kommenden Sommerferien wieder eine bunte Palette verschiedener Ferienfreizeiten an. Noch sind einige Pl\u00e4tze frei. Die Ziele reichen von der Rh\u00f6n bis in den hohen Norden nach Cuxhaven. Hier ist garantiert f\u00fcr jeden, der mal ohne die Eltern weg m\u00f6chte, etwas dabei.<\/p>\n<\/div>","protected":false},"author":1,"featured_media":0,"comment_status":"closed","ping_status":"closed","sticky":false,"template":"","format":"standard","meta":{"footnotes":""},"categories":[1,53,72],"tags":[],"class_list":["post-96764","post","type-post","status-publish","format-standard","hentry","category-startseite","category-bildung","category-jugend"],"_links":{"self":[{"href":"https:\/\/www.fuldaernachrichten.de\/index.php?rest_route=\/wp\/v2\/posts\/96764","targetHints":{"allow":["GET"]}}],"collection":[{"href":"https:\/\/www.fuldaernachrichten.de\/index.php?rest_route=\/wp\/v2\/posts"}],"about":[{"href":"https:\/\/www.fuldaernachrichten.de\/index.php?rest_route=\/wp\/v2\/types\/post"}],"author":[{"embeddable":true,"href":"https:\/\/www.fuldaernachrichten.de\/index.php?rest_route=\/wp\/v2\/users\/1"}],"replies":[{"embeddable":true,"href":"https:\/\/www.fuldaernachrichten.de\/index.php?rest_route=%2Fwp%2Fv2%2Fcomments&post=96764"}],"version-history":[{"count":0,"href":"https:\/\/www.fuldaernachrichten.de\/index.php?rest_route=\/wp\/v2\/posts\/96764\/revisions"}],"wp:attachment":[{"href":"https:\/\/www.fuldaernachrichten.de\/index.php?rest_route=%2Fwp%2Fv2%2Fmedia&parent=96764"}],"wp:term":[{"taxonomy":"category","embeddable":true,"href":"https:\/\/www.fuldaernachrichten.de\/index.php?rest_route=%2Fwp%2Fv2%2Fcategories&post=96764"},{"taxonomy":"post_tag","embeddable":true,"href":"https:\/\/www.fuldaernachrichten.de\/index.php?rest_route=%2Fwp%2Fv2%2Ftags&post=96764"}],"curies":[{"name":"wp","href":"https:\/\/api.w.org\/{rel}","templated":true}]}}