{"id":96754,"date":"2012-04-02T00:11:24","date_gmt":"2012-04-02T00:11:24","guid":{"rendered":"http:\/\/www.fuldaer-nachrichten.de\/?p=96754"},"modified":"2012-04-01T18:45:53","modified_gmt":"2012-04-01T18:45:53","slug":"neue-atemschutzgeratetrager-fur-das-technische-hilfswerk-ausgebildet","status":"publish","type":"post","link":"https:\/\/www.fuldaernachrichten.de\/?p=96754","title":{"rendered":"Neue Atemschutzger\u00e4tetr\u00e4ger f\u00fcr das Technische Hilfswerk ausgebildet"},"content":{"rendered":"<p><a href=\"http:\/\/www.fuldaer-nachrichten.de\/wp-content\/uploads\/2012\/04\/Img_2147.jpg\"><img decoding=\"async\" class=\"alignleft size-thumbnail wp-image-96756\" title=\"Img_2147\" src=\"http:\/\/www.fuldaer-nachrichten.de\/wp-content\/uploads\/2012\/04\/Img_2147-265x176.jpg\" alt=\"\" width=\"265\" height=\"176\" srcset=\"https:\/\/www.fuldaernachrichten.de\/wp-content\/uploads\/2012\/04\/Img_2147-265x176.jpg 265w, https:\/\/www.fuldaernachrichten.de\/wp-content\/uploads\/2012\/04\/Img_2147.jpg 600w\" sizes=\"(max-width: 265px) 100vw, 265px\" \/><\/a>Fulda. Das Technische Hilfswerk hat nun neun neue Atemschutzger\u00e4tetr\u00e4ger. Die Helfer aus den Ortsverb\u00e4nden Fulda, H\u00fcnfeld, Neuhof und Steinau absolvierten die 5-t\u00e4gige Ausbildung zum Atemschutzger\u00e4tetr\u00e4ger im Ortsverband Fulda. Neben der Vermittlung der Umfangreichen theoretischen Kenntnisse standen auch Gew\u00f6hnungs\u00fcbungen und Einsatz\u00fcbungen auf dem Ausbildungsplan.<!--more--><\/p>\n<p>Im theoretischen Teil wurde auf die Funktion der Atmung, die verschiedenen Atemgifte und ihre Wirkung sowie auf die Art, den Aufbau und die Funktion der verschiedenen Atemschutzger\u00e4te eingegangen. Auch die Einsatzm\u00f6glichkeiten und die Grenzen des Atemschutzes wurden abgehandelt. Dort zeigten sich auch viele Unterst\u00fctzungsm\u00f6glichkeiten f\u00fcr die \u00f6rtlichen Feuerwehren, zum Beispiel beim Absuchen von Geb\u00e4uden, dem Abst\u00fctzen von verqualmten R\u00e4umen oder der Einsatz des Berger\u00e4umger\u00e4tes (Radlader) unter Atemschutz.<\/p>\n<p>Dabei wurde besonders auf das Erkunden von Geb\u00e4uden bei Nullsicht durch Rauch wertgelegt. Des Weiteren wurden verschiedene Notfallszenarien in der Theorie durchgesprochen und sp\u00e4ter auch in der Praxis umgesetzt. Dazu diente zum Beispiel das Retten eines mit Atemschutz ausger\u00fcsteten Berger\u00e4umger\u00e4tefahrers, was sich auf Grund der engen Platzverh\u00e4ltnisse in der Kabine als keine leichte Aufgabe erwies.<\/p>\n<p>Auch wurde die Rettung von Personen in der praktischen Abschlusspr\u00fcfung ge\u00fcbt. Auch die Theorie wurde in einer Pr\u00fcfung abgefragt um so einen ausreichenden Kenntnisstand der Atemschutzger\u00e4tetr\u00e4ger sicherzustellen.<\/p>\n\n\t\t<style>\n\t\t\t#gallery-1 {\n\t\t\t\tmargin: auto;\n\t\t\t}\n\t\t\t#gallery-1 .gallery-item {\n\t\t\t\tfloat: left;\n\t\t\t\tmargin-top: 10px;\n\t\t\t\ttext-align: center;\n\t\t\t\twidth: 50%;\n\t\t\t}\n\t\t\t#gallery-1 img {\n\t\t\t\tborder: 2px solid #cfcfcf;\n\t\t\t}\n\t\t\t#gallery-1 .gallery-caption {\n\t\t\t\tmargin-left: 0;\n\t\t\t}\n\t\t\t\/* see gallery_shortcode() in wp-includes\/media.php *\/\n\t\t<\/style>\n\t\t<div id='gallery-1' class='gallery galleryid-96754 gallery-columns-2 gallery-size-thumbnail'><dl class='gallery-item'>\n\t\t\t<dt class='gallery-icon landscape'>\n\t\t\t\t<a href='https:\/\/www.fuldaernachrichten.de\/wp-content\/uploads\/2012\/04\/Img_2121.jpg'><img decoding=\"async\" width=\"150\" height=\"100\" src=\"https:\/\/www.fuldaernachrichten.de\/wp-content\/uploads\/2012\/04\/Img_2121-265x176.jpg\" class=\"attachment-thumbnail size-thumbnail\" alt=\"\" srcset=\"https:\/\/www.fuldaernachrichten.de\/wp-content\/uploads\/2012\/04\/Img_2121-265x176.jpg 265w, https:\/\/www.fuldaernachrichten.de\/wp-content\/uploads\/2012\/04\/Img_2121.jpg 600w\" sizes=\"(max-width: 150px) 100vw, 150px\" \/><\/a>\n\t\t\t<\/dt><\/dl><dl class='gallery-item'>\n\t\t\t<dt class='gallery-icon landscape'>\n\t\t\t\t<a href='https:\/\/www.fuldaernachrichten.de\/wp-content\/uploads\/2012\/04\/Img_2147.jpg'><img decoding=\"async\" width=\"150\" height=\"100\" src=\"https:\/\/www.fuldaernachrichten.de\/wp-content\/uploads\/2012\/04\/Img_2147-265x176.jpg\" class=\"attachment-thumbnail size-thumbnail\" alt=\"\" srcset=\"https:\/\/www.fuldaernachrichten.de\/wp-content\/uploads\/2012\/04\/Img_2147-265x176.jpg 265w, https:\/\/www.fuldaernachrichten.de\/wp-content\/uploads\/2012\/04\/Img_2147.jpg 600w\" sizes=\"(max-width: 150px) 100vw, 150px\" \/><\/a>\n\t\t\t<\/dt><\/dl><br style=\"clear: both\" \/><dl class='gallery-item'>\n\t\t\t<dt class='gallery-icon landscape'>\n\t\t\t\t<a href='https:\/\/www.fuldaernachrichten.de\/wp-content\/uploads\/2012\/04\/Img_2131.jpg'><img loading=\"lazy\" decoding=\"async\" width=\"150\" height=\"100\" src=\"https:\/\/www.fuldaernachrichten.de\/wp-content\/uploads\/2012\/04\/Img_2131-265x176.jpg\" class=\"attachment-thumbnail size-thumbnail\" alt=\"\" srcset=\"https:\/\/www.fuldaernachrichten.de\/wp-content\/uploads\/2012\/04\/Img_2131-265x176.jpg 265w, https:\/\/www.fuldaernachrichten.de\/wp-content\/uploads\/2012\/04\/Img_2131.jpg 600w\" sizes=\"(max-width: 150px) 100vw, 150px\" \/><\/a>\n\t\t\t<\/dt><\/dl><dl class='gallery-item'>\n\t\t\t<dt class='gallery-icon landscape'>\n\t\t\t\t<a href='https:\/\/www.fuldaernachrichten.de\/wp-content\/uploads\/2012\/04\/Img_1568.jpg'><img loading=\"lazy\" decoding=\"async\" width=\"150\" height=\"100\" src=\"https:\/\/www.fuldaernachrichten.de\/wp-content\/uploads\/2012\/04\/Img_1568-265x176.jpg\" class=\"attachment-thumbnail size-thumbnail\" alt=\"\" srcset=\"https:\/\/www.fuldaernachrichten.de\/wp-content\/uploads\/2012\/04\/Img_1568-265x176.jpg 265w, https:\/\/www.fuldaernachrichten.de\/wp-content\/uploads\/2012\/04\/Img_1568.jpg 600w\" sizes=\"(max-width: 150px) 100vw, 150px\" \/><\/a>\n\t\t\t<\/dt><\/dl><br style=\"clear: both\" \/><dl class='gallery-item'>\n\t\t\t<dt class='gallery-icon landscape'>\n\t\t\t\t<a href='https:\/\/www.fuldaernachrichten.de\/wp-content\/uploads\/2012\/04\/Img_2103.jpg'><img loading=\"lazy\" decoding=\"async\" width=\"150\" height=\"100\" src=\"https:\/\/www.fuldaernachrichten.de\/wp-content\/uploads\/2012\/04\/Img_2103-265x176.jpg\" class=\"attachment-thumbnail size-thumbnail\" alt=\"\" srcset=\"https:\/\/www.fuldaernachrichten.de\/wp-content\/uploads\/2012\/04\/Img_2103-265x176.jpg 265w, https:\/\/www.fuldaernachrichten.de\/wp-content\/uploads\/2012\/04\/Img_2103.jpg 600w\" sizes=\"(max-width: 150px) 100vw, 150px\" \/><\/a>\n\t\t\t<\/dt><\/dl><dl class='gallery-item'>\n\t\t\t<dt class='gallery-icon landscape'>\n\t\t\t\t<a href='https:\/\/www.fuldaernachrichten.de\/wp-content\/uploads\/2012\/04\/Img_2054.jpg'><img loading=\"lazy\" decoding=\"async\" width=\"150\" height=\"100\" src=\"https:\/\/www.fuldaernachrichten.de\/wp-content\/uploads\/2012\/04\/Img_2054-265x176.jpg\" class=\"attachment-thumbnail size-thumbnail\" alt=\"\" srcset=\"https:\/\/www.fuldaernachrichten.de\/wp-content\/uploads\/2012\/04\/Img_2054-265x176.jpg 265w, https:\/\/www.fuldaernachrichten.de\/wp-content\/uploads\/2012\/04\/Img_2054.jpg 600w\" sizes=\"(max-width: 150px) 100vw, 150px\" \/><\/a>\n\t\t\t<\/dt><\/dl><br style=\"clear: both\" \/>\n\t\t<\/div>\n\n<p>&nbsp;<\/p>\n","protected":false},"excerpt":{"rendered":"<div class=\"tmnf_excerpt\"><p>Fulda. Das Technische Hilfswerk hat nun neun neue Atemschutzger\u00e4tetr\u00e4ger. Die Helfer aus den Ortsverb\u00e4nden Fulda, H\u00fcnfeld, Neuhof und Steinau absolvierten die 5-t\u00e4gige Ausbildung zum Atemschutzger\u00e4tetr\u00e4ger im Ortsverband Fulda. Neben der Vermittlung der Umfangreichen theoretischen Kenntnisse standen auch Gew\u00f6hnungs\u00fcbungen und Einsatz\u00fcbungen auf dem Ausbildungsplan.<\/p>\n<\/div>","protected":false},"author":1,"featured_media":0,"comment_status":"closed","ping_status":"closed","sticky":false,"template":"","format":"standard","meta":{"footnotes":""},"categories":[1],"tags":[],"class_list":["post-96754","post","type-post","status-publish","format-standard","hentry","category-startseite"],"_links":{"self":[{"href":"https:\/\/www.fuldaernachrichten.de\/index.php?rest_route=\/wp\/v2\/posts\/96754","targetHints":{"allow":["GET"]}}],"collection":[{"href":"https:\/\/www.fuldaernachrichten.de\/index.php?rest_route=\/wp\/v2\/posts"}],"about":[{"href":"https:\/\/www.fuldaernachrichten.de\/index.php?rest_route=\/wp\/v2\/types\/post"}],"author":[{"embeddable":true,"href":"https:\/\/www.fuldaernachrichten.de\/index.php?rest_route=\/wp\/v2\/users\/1"}],"replies":[{"embeddable":true,"href":"https:\/\/www.fuldaernachrichten.de\/index.php?rest_route=%2Fwp%2Fv2%2Fcomments&post=96754"}],"version-history":[{"count":0,"href":"https:\/\/www.fuldaernachrichten.de\/index.php?rest_route=\/wp\/v2\/posts\/96754\/revisions"}],"wp:attachment":[{"href":"https:\/\/www.fuldaernachrichten.de\/index.php?rest_route=%2Fwp%2Fv2%2Fmedia&parent=96754"}],"wp:term":[{"taxonomy":"category","embeddable":true,"href":"https:\/\/www.fuldaernachrichten.de\/index.php?rest_route=%2Fwp%2Fv2%2Fcategories&post=96754"},{"taxonomy":"post_tag","embeddable":true,"href":"https:\/\/www.fuldaernachrichten.de\/index.php?rest_route=%2Fwp%2Fv2%2Ftags&post=96754"}],"curies":[{"name":"wp","href":"https:\/\/api.w.org\/{rel}","templated":true}]}}