{"id":96742,"date":"2012-04-01T09:13:40","date_gmt":"2012-04-01T09:13:40","guid":{"rendered":"http:\/\/www.fuldaer-nachrichten.de\/?p=96742"},"modified":"2012-04-01T09:13:40","modified_gmt":"2012-04-01T09:13:40","slug":"abwechselungsreiche-musik-in-vielen-verschiedenen-musikgruppen-jahreshauptversammlung-des-musikverein-steinau-steinhaus-1910-e-v","status":"publish","type":"post","link":"https:\/\/www.fuldaernachrichten.de\/?p=96742","title":{"rendered":"Abwechselungsreiche Musik in vielen verschiedenen Musikgruppen &#8211; Jahreshauptversammlung des Musikverein Steinau &#8211; Steinhaus 1910 e.V."},"content":{"rendered":"<p><a href=\"http:\/\/www.fuldaer-nachrichten.de\/wp-content\/uploads\/2012\/04\/IMG_8651.jpg\"><img fetchpriority=\"high\" decoding=\"async\" class=\"alignleft size-thumbnail wp-image-96743\" title=\"IMG_8651\" src=\"http:\/\/www.fuldaer-nachrichten.de\/wp-content\/uploads\/2012\/04\/IMG_8651-265x198.jpg\" alt=\"\" width=\"265\" height=\"198\" srcset=\"https:\/\/www.fuldaernachrichten.de\/wp-content\/uploads\/2012\/04\/IMG_8651-265x198.jpg 265w, https:\/\/www.fuldaernachrichten.de\/wp-content\/uploads\/2012\/04\/IMG_8651.jpg 600w\" sizes=\"(max-width: 265px) 100vw, 265px\" \/><\/a>Steinau. Der Musikverein Steinau-Steinhaus ist wieder um eine Musikgruppe gewachsen, \u201eBlechmucke\u201e hei\u00dft sie, eine kleine Gruppe von Polka-Musikern, dies konnte der 1.Vorsitzende Rainer Bahr bei der diesj\u00e4hrigen Mitgliederversammlung in der Gastst\u00e4tte \u201eRh\u00f6nblick\u201c in Steinau verk\u00fcnden. Als weitere gro\u00dfe Ereignisse z\u00e4hlten auch auf die vielen Auftritte und Konzerte des Vereins. Das Winter u. Herbstkonzert von Osthessen-Symphonic-Winds, das Weihnachtskonzert von der Blaskapelle zusammen mit der Bl\u00e4serklasse, dem Jugendorchester und Blechmucke, die gro\u00dfe Fahrt nach Spanien \/ Sabinanigo, der Auftritt vom Oldie-Swingtett am Dorfangerfest und die zahlreichen Auftritte von Tinnitus bei der Kirmes u. dem Fulda-Marathon.<!--more--><\/p>\n<p>Als G\u00e4ste konnten in Vertretung f\u00fcr den B\u00fcrgermeister und den Ortsvorsteher von Steinau &#8211; Thomas Vogel,\u00c2\u00a0 der Ortsvorsteher von Steinhaus &#8211; Stefan Darnieder und der Ortsvorsteher von Bernhards &#8211; Uwe Riethm\u00fcller begr\u00fc\u00dft werden. Die Mitgliederzahl ist im Jahr 2011 wiederum gestiegen auf eine stolze Zahl von 460 aktiven und passiven Mitgliedern.<\/p>\n<p>69 Mitglieder waren zur Versammlung gekommen, was den Vorstand sehr freute. Auch f\u00fcr das Jahr 2012 stehen wieder zahlreiche Auftritte, Aktivit\u00e4ten, Veranstaltungen und Fahrten auf dem Programm. Unter anderen die Fahrt nach Bornich zum Weinfest, die Benefizparty mit Saisonauftakt im Mai, das Hoffest in Bodes am Pfingstmontag, \u201eRock am Stein\u201c im August mit Tinnitus im Steinbruch von Steinhaus, die Jugendfahrt zum Frankfurter Zoo und noch viele weitere Aktivit\u00e4ten.<\/p>\n<p>Die musikalischen Leiter, bzw. Sprecher der Gruppen, Christian Brehl (Rh\u00f6ner Blaskapelle), Martin B\u00f6hm, (Osthessen-Symphonic-Winds), Yvonne Huder (Jugendorchester), Franziska Lederer (Bl\u00e4serklasse), Anne Kr\u00e4mer (Blockfl\u00f6tengruppen) und Helmut Lerch (Oldie-Swingtett) berichteten \u00fcber ihre Arbeit, Auftritte und die Aktivit\u00e4ten im vergangenen Jahr.<\/p>\n<p>Auch wurde mit der Jugend in Verbindung mit der Jugendvorstandsvorsitzenden Lucia Bleuel und der Jugendwartin Franziska Lederer viele Aktionen und Unternehmungen, wie der Besuch des hr2-Kinderkonzertes, die Nachwuchswerbung mit Instrumentenvorstellung und vieles mehr durchgef\u00fchrt.<\/p>\n<p>Auch das freudige Ereignis, dass 16 Jugendliche des Musikverein Steinau-Steinhaus das Musikerleistungsabzeichen mit Bronze und Silber bestanden haben, konnte der 1.Vorsitzende Rainer Bahr bei der diesj\u00e4hrigen Mitgliederversammlung verk\u00fcnden. Ein Dankesch\u00f6n ging ganz besonders an die 2 Ausbilder\/in Yvonne Huder u. Henrik Lederer.<\/p>\n<p>Zum Schluss bedankte sich Rainer Bahr bei allen Aktiven, dem Vorstand und dem Jugendvorstand f\u00fcr ihre tatkr\u00e4ftige Arbeit und freut sich, auch in 2012 wieder \u00c2\u00a0\u201e\u00e2\u20ac\u00a6mit Spa\u00df dabei !!\u201c zu sein. Er verabschiedete sich mit der Bitte: \u201eNur wer viel in den Verein einbringt, bekommt auch wieder viel zur\u00fcck\u201c!<\/p>\n<p><span style=\"text-decoration: underline;\">Vereinsdaten:<\/span><\/p>\n<p>Erster Vorsitzender: Rainer Bahr<br \/>\nZweite Vorsitzende: Anna Lederer<br \/>\nKassierer: Thomas Vogel<br \/>\nJugendwart: Franziska Lederer<br \/>\nSchriftf\u00fchrer: Mario Haseneier<br \/>\nHomepage: www.mv-steinau-steinhaus.de<br \/>\nKontakt: <a href=\"mailto:info@mv-steinau-steinhaus.de\">info@mv-steinau-steinhaus.de<\/a><\/p>\n<p><span style=\"text-decoration: underline;\">Musikerleistungsabzeichen:<\/span><\/p>\n<p><strong>D1 \u2013 Bronze<\/strong>: Johannes Kraemer (Saxophon), Chiara Brehl (Saxophon), Sinah Geffe (Klarinette), Robin Heum\u00fcller (Trompete), Tim Herbert (Trompete), Bj\u00f6rn Strehl (Saxophon), Sophia Riethm\u00fcller (Klarinette), Luisa Lechfellner (Klarinette)<\/p>\n<p><strong>D2 \u2013 Silber<\/strong>: Marc Herbert (Trompete), Nadine Kram (Saxophon), Antonia Dimmerling (Trompete), Mara Haseneier (Klarinette), Fabian Krieger (Trompete), Katharina Vogel (Klarinette), Katharina Schaub (Querfl\u00f6te), Verena Kram\u00c2\u00a0 (Klarinette)<\/p>\n","protected":false},"excerpt":{"rendered":"<div class=\"tmnf_excerpt\"><p>Steinau. Der Musikverein Steinau-Steinhaus ist wieder um eine Musikgruppe gewachsen, \u201eBlechmucke\u201e hei\u00dft sie, eine kleine Gruppe von Polka-Musikern, dies konnte der 1.Vorsitzende Rainer Bahr bei der diesj\u00e4hrigen Mitgliederversammlung in der Gastst\u00e4tte \u201eRh\u00f6nblick\u201c in Steinau verk\u00fcnden. Als weitere gro\u00dfe Ereignisse z\u00e4hlten auch auf die vielen Auftritte und Konzerte des Vereins. Das Winter u. Herbstkonzert von Osthessen-Symphonic-Winds, &hellip;<\/p>\n<\/div>","protected":false},"author":1,"featured_media":0,"comment_status":"closed","ping_status":"closed","sticky":false,"template":"","format":"standard","meta":{"footnotes":""},"categories":[1,44],"tags":[],"class_list":["post-96742","post","type-post","status-publish","format-standard","hentry","category-startseite","category-kultur"],"_links":{"self":[{"href":"https:\/\/www.fuldaernachrichten.de\/index.php?rest_route=\/wp\/v2\/posts\/96742","targetHints":{"allow":["GET"]}}],"collection":[{"href":"https:\/\/www.fuldaernachrichten.de\/index.php?rest_route=\/wp\/v2\/posts"}],"about":[{"href":"https:\/\/www.fuldaernachrichten.de\/index.php?rest_route=\/wp\/v2\/types\/post"}],"author":[{"embeddable":true,"href":"https:\/\/www.fuldaernachrichten.de\/index.php?rest_route=\/wp\/v2\/users\/1"}],"replies":[{"embeddable":true,"href":"https:\/\/www.fuldaernachrichten.de\/index.php?rest_route=%2Fwp%2Fv2%2Fcomments&post=96742"}],"version-history":[{"count":1,"href":"https:\/\/www.fuldaernachrichten.de\/index.php?rest_route=\/wp\/v2\/posts\/96742\/revisions"}],"predecessor-version":[{"id":96744,"href":"https:\/\/www.fuldaernachrichten.de\/index.php?rest_route=\/wp\/v2\/posts\/96742\/revisions\/96744"}],"wp:attachment":[{"href":"https:\/\/www.fuldaernachrichten.de\/index.php?rest_route=%2Fwp%2Fv2%2Fmedia&parent=96742"}],"wp:term":[{"taxonomy":"category","embeddable":true,"href":"https:\/\/www.fuldaernachrichten.de\/index.php?rest_route=%2Fwp%2Fv2%2Fcategories&post=96742"},{"taxonomy":"post_tag","embeddable":true,"href":"https:\/\/www.fuldaernachrichten.de\/index.php?rest_route=%2Fwp%2Fv2%2Ftags&post=96742"}],"curies":[{"name":"wp","href":"https:\/\/api.w.org\/{rel}","templated":true}]}}