{"id":96740,"date":"2012-04-01T00:16:08","date_gmt":"2012-04-01T00:16:08","guid":{"rendered":"http:\/\/www.fuldaer-nachrichten.de\/?p=96740"},"modified":"2012-04-01T09:11:00","modified_gmt":"2012-04-01T09:11:00","slug":"schulergruppe-aus-danemark-zu-gast-bei-der-heinrich-von-bibra-schule","status":"publish","type":"post","link":"https:\/\/www.fuldaernachrichten.de\/?p=96740","title":{"rendered":"Sch\u00fclergruppe aus D\u00e4nemark zu Gast bei der Heinrich-von-Bibra-Schule"},"content":{"rendered":"<p><a href=\"http:\/\/www.fuldaer-nachrichten.de\/wp-content\/uploads\/2012\/04\/DSC_0025.jpg\"><img decoding=\"async\" class=\"alignleft size-thumbnail wp-image-96741\" title=\"DSC_0025\" src=\"http:\/\/www.fuldaer-nachrichten.de\/wp-content\/uploads\/2012\/04\/DSC_0025-265x175.jpg\" alt=\"\" width=\"265\" height=\"175\" srcset=\"https:\/\/www.fuldaernachrichten.de\/wp-content\/uploads\/2012\/04\/DSC_0025-265x175.jpg 265w, https:\/\/www.fuldaernachrichten.de\/wp-content\/uploads\/2012\/04\/DSC_0025.jpg 600w\" sizes=\"(max-width: 265px) 100vw, 265px\" \/><\/a>Fulda (cp). \u201eIn D\u00e4nemark ist die Landschaft viel flacher als in Deutschland, hier gibt es viel mehr H\u00fcgel\u201c, ist Kirsten Bondgaard aufgefallen. Der 13-J\u00e4hrigen, die seit einem halben Jahr Deutsch lernt und schon mehrmals in Deutschland gewesen ist, gefallen in Fulda besonders die historischen Geb\u00e4ude und der Dom \u2013 wie sie in einem Mix aus Deutsch und Englisch erz\u00e4hlt. Zusammen mit den Lehrerinnen Laura Grundsoe und Anne Mette Andersen ist sie vom 26. bis 30. M\u00e4rz mit einer Sch\u00fclergruppe aus Langeskov von der d\u00e4nischen Insel F\u00fcnen\u00c2\u00a0 zu Gast bei der Heinrich-von-Bibra-Schule. \u201eSolch ein Sch\u00fcleraustausch belebt den europ\u00e4ischen Gedanken und wirbt gleichzeitig im Ausland f\u00fcr unsere sch\u00f6ne Barockstadt\u201c, erkl\u00e4rte Oberb\u00fcrgermeister Gerhard M\u00f6ller beim Empfang der Sch\u00fclergruppe, die vom Rektor der Fuldaer Realschule Thomas Junk und den Lehrerinnen Evelyn Hinz und Rebecca Herrlich begleitet wurde, erfreut. <!--more--><br \/>\n<strong>Vielseitiges Programm<\/strong><\/p>\n<p>Die Partnerschaft zwischen den beiden Schulen besteht seit 2011 und insbesondere Sch\u00fclerinnen und Sch\u00fcler der Jahrgangsstufen 7 und 8 nehmen an dem Austausch teil. \u201eDurch diese Partnerschaft m\u00f6chten wir uns europ\u00e4isch \u00f6ffnen, das Interesse an Fremdsprachen steigern und es den Sch\u00fclern erm\u00f6glichen, andere Schulsysteme sowie Kulturen kennen zu lernen\u201c, legte Schulleiter Thomas Junk dar. Nach dem ersten Besuch der Heinrich-von-Bibra-Schule in Langeskov im November letzten Jahres freuten sich die Fuldaer nun \u00fcber den ersten Gegenbesuch der d\u00e4nischen Schule. Zum Kennenlernen der Region und des deutschen Schulsystems hatte die Realschule ein vielseitiges Programm vorbereitet. Neben der Teilnahme am Schulunterricht gab es unter anderem eine Stadtf\u00fchrung durch Fulda, einen Tagesausflug nach Frankfurt und in die Rh\u00f6n.<\/p>\n","protected":false},"excerpt":{"rendered":"<div class=\"tmnf_excerpt\"><p>Fulda (cp). \u201eIn D\u00e4nemark ist die Landschaft viel flacher als in Deutschland, hier gibt es viel mehr H\u00fcgel\u201c, ist Kirsten Bondgaard aufgefallen. Der 13-J\u00e4hrigen, die seit einem halben Jahr Deutsch lernt und schon mehrmals in Deutschland gewesen ist, gefallen in Fulda besonders die historischen Geb\u00e4ude und der Dom \u2013 wie sie in einem Mix aus &hellip;<\/p>\n<\/div>","protected":false},"author":1,"featured_media":0,"comment_status":"closed","ping_status":"closed","sticky":false,"template":"","format":"standard","meta":{"footnotes":""},"categories":[1,53],"tags":[],"class_list":["post-96740","post","type-post","status-publish","format-standard","hentry","category-startseite","category-bildung"],"_links":{"self":[{"href":"https:\/\/www.fuldaernachrichten.de\/index.php?rest_route=\/wp\/v2\/posts\/96740","targetHints":{"allow":["GET"]}}],"collection":[{"href":"https:\/\/www.fuldaernachrichten.de\/index.php?rest_route=\/wp\/v2\/posts"}],"about":[{"href":"https:\/\/www.fuldaernachrichten.de\/index.php?rest_route=\/wp\/v2\/types\/post"}],"author":[{"embeddable":true,"href":"https:\/\/www.fuldaernachrichten.de\/index.php?rest_route=\/wp\/v2\/users\/1"}],"replies":[{"embeddable":true,"href":"https:\/\/www.fuldaernachrichten.de\/index.php?rest_route=%2Fwp%2Fv2%2Fcomments&post=96740"}],"version-history":[{"count":0,"href":"https:\/\/www.fuldaernachrichten.de\/index.php?rest_route=\/wp\/v2\/posts\/96740\/revisions"}],"wp:attachment":[{"href":"https:\/\/www.fuldaernachrichten.de\/index.php?rest_route=%2Fwp%2Fv2%2Fmedia&parent=96740"}],"wp:term":[{"taxonomy":"category","embeddable":true,"href":"https:\/\/www.fuldaernachrichten.de\/index.php?rest_route=%2Fwp%2Fv2%2Fcategories&post=96740"},{"taxonomy":"post_tag","embeddable":true,"href":"https:\/\/www.fuldaernachrichten.de\/index.php?rest_route=%2Fwp%2Fv2%2Ftags&post=96740"}],"curies":[{"name":"wp","href":"https:\/\/api.w.org\/{rel}","templated":true}]}}