{"id":96734,"date":"2012-03-31T00:13:39","date_gmt":"2012-03-31T00:13:39","guid":{"rendered":"http:\/\/www.fuldaer-nachrichten.de\/?p=96734"},"modified":"2012-03-30T17:36:25","modified_gmt":"2012-03-30T17:36:25","slug":"jugend-debattiert-landesqualifikation-hessen-nord-groser-erfolg-fur-schulen-der-region-fulda","status":"publish","type":"post","link":"https:\/\/www.fuldaernachrichten.de\/?p=96734","title":{"rendered":"\u201eJugend debattiert\u201c &#8211; Landesqualifikation Hessen-Nord &#8211; Gro\u00dfer Erfolg f\u00fcr Schulen der Region Fulda"},"content":{"rendered":"<p>Fulda. Wer reden kann, der kann gemeinsam mit anderen etwas bewegen. Unter diesem Motto stand die \u201eJugend debattiert\u201c &#8211; Landesqualifikation Hessen-Nord, die am 30. M\u00e4rz 2012 in der Fuldaer Ferdinand-Braun-Schule stattfand. Nach zwei anspruchsvollen und spannenden Debattenrunden, an denen insgesamt 32 Sch\u00fclerinnen und Sch\u00fcler der Wettbewerbsbereichs Nordhessen (der von Kassel bis Gelnhausen reicht) teilnahmen, standen die Sieger und damit Teilnehmer des Landesfinales Hessen am 27. April 2012 im Sendesaal des Hessischen Rundfunks fest:<!--more--><\/p>\n<p><strong>Sieger in der Altersklasse I (Sekundarstufe I):<\/strong><\/p>\n<p>1. Niklas Kl\u00fch, Wernher-von Braun-Schule, Neuhof<br \/>\n2. Arne Hensel, Bundespr\u00e4sident-Theodor-Heuss-Schule, Homberg\/Efze<\/p>\n<p>Nachr\u00fccker sind:<\/p>\n<p>Franziska Staubach, Freiherr-vom-Stein-Schule, Fulda<br \/>\nGina Kaspers, Kopernikusschule, Freigericht<br \/>\nHauke K\u00f6stner, Gustav-Stresemann-Gymnasium, Bad Wildungen<\/p>\n<p><strong>Sieger in der Altersklasse II (Sekundarstufe II):<\/strong><\/p>\n<p>1. Luca Laura Hartmann, Marienschule, Fulda<br \/>\n2. Marius H\u00f6hl, Rabanus-Maurus-Schule, Fulda<\/p>\n<p>Nachr\u00fccker sind:<\/p>\n<p>Paul Eisenhut, Bundespr\u00e4sident-Theodor-Heuss-Schule, Homberg\/Efze<br \/>\nMarius Weigel, Ferdinand-Braun-Schule, Fulda<\/p>\n<p><strong>Die Themen waren:<\/strong><\/p>\n<p>Hinrunde Altersklasse I: <em>Sollen Landtagswahlen mit weniger als 50% Wahlbeteiligung wiederholt werden?<\/em><\/p>\n<p>Hinrunde Altersklasse II:<em> Sollen Antibiotika in der Tiermast verboten werden?<\/em><\/p>\n<p><em><\/em>R\u00fcckrunde Altersklasse I: <em>Soll die Mitteleurop\u00e4ische Sommerzeit auf Dauer gestellt werden?<\/em><\/p>\n<p><em><\/em>R\u00fcckrunde Altersklasse II: <em>Soll das hessische Feiertagsgesetz gelockert werden?<\/em><\/p>\n<p><strong>Die Debatten werden nach folgenden Regeln gef\u00fchrt:<\/strong><\/p>\n<p>Den beiden Pro- und den beiden Kontrarednern stehen jeweils zwei Minuten in der Er\u00f6ffnungsrunde zu, bevor in 12 Minuten freier Aussprache die Argumente ausgetauscht werden. In der Endrunde gilt es dann f\u00fcr jeden Teilnehmer nochmals ein Schlussp\u00e4doyer vorzutragen. Die Juroren beurteilen die Debattanten nach den Kriterien Sachkenntnis Ausdrucksverm\u00f6gen, Gespr\u00e4chsf\u00e4higkeit und \u00dcberzeugungskraft.<\/p>\n<p>Der Koordinator des Wettbewerbs, Klaus Becker, hob hervor, dass die Teilnehmer im Gegensatz zu den Casting-Shows im Fernsehen von den Juroren immer eine positive R\u00fcckmeldung (Feedback) bekommen, die ihre St\u00e4rken hervorhebt und ihnen das n\u00f6tige Selbstvertrauen f\u00fcr die Teilnahme am politischen Leben gibt.<\/p>\n","protected":false},"excerpt":{"rendered":"<div class=\"tmnf_excerpt\"><p>Fulda. Wer reden kann, der kann gemeinsam mit anderen etwas bewegen. Unter diesem Motto stand die \u201eJugend debattiert\u201c &#8211; Landesqualifikation Hessen-Nord, die am 30. M\u00e4rz 2012 in der Fuldaer Ferdinand-Braun-Schule stattfand. Nach zwei anspruchsvollen und spannenden Debattenrunden, an denen insgesamt 32 Sch\u00fclerinnen und Sch\u00fcler der Wettbewerbsbereichs Nordhessen (der von Kassel bis Gelnhausen reicht) teilnahmen, standen &hellip;<\/p>\n<\/div>","protected":false},"author":1,"featured_media":0,"comment_status":"closed","ping_status":"closed","sticky":false,"template":"","format":"standard","meta":{"footnotes":""},"categories":[1,53],"tags":[],"class_list":["post-96734","post","type-post","status-publish","format-standard","hentry","category-startseite","category-bildung"],"_links":{"self":[{"href":"https:\/\/www.fuldaernachrichten.de\/index.php?rest_route=\/wp\/v2\/posts\/96734","targetHints":{"allow":["GET"]}}],"collection":[{"href":"https:\/\/www.fuldaernachrichten.de\/index.php?rest_route=\/wp\/v2\/posts"}],"about":[{"href":"https:\/\/www.fuldaernachrichten.de\/index.php?rest_route=\/wp\/v2\/types\/post"}],"author":[{"embeddable":true,"href":"https:\/\/www.fuldaernachrichten.de\/index.php?rest_route=\/wp\/v2\/users\/1"}],"replies":[{"embeddable":true,"href":"https:\/\/www.fuldaernachrichten.de\/index.php?rest_route=%2Fwp%2Fv2%2Fcomments&post=96734"}],"version-history":[{"count":0,"href":"https:\/\/www.fuldaernachrichten.de\/index.php?rest_route=\/wp\/v2\/posts\/96734\/revisions"}],"wp:attachment":[{"href":"https:\/\/www.fuldaernachrichten.de\/index.php?rest_route=%2Fwp%2Fv2%2Fmedia&parent=96734"}],"wp:term":[{"taxonomy":"category","embeddable":true,"href":"https:\/\/www.fuldaernachrichten.de\/index.php?rest_route=%2Fwp%2Fv2%2Fcategories&post=96734"},{"taxonomy":"post_tag","embeddable":true,"href":"https:\/\/www.fuldaernachrichten.de\/index.php?rest_route=%2Fwp%2Fv2%2Ftags&post=96734"}],"curies":[{"name":"wp","href":"https:\/\/api.w.org\/{rel}","templated":true}]}}