{"id":96725,"date":"2012-04-01T00:10:25","date_gmt":"2012-04-01T00:10:25","guid":{"rendered":"http:\/\/www.fuldaer-nachrichten.de\/?p=96725"},"modified":"2012-03-30T17:25:00","modified_gmt":"2012-03-30T17:25:00","slug":"osterferienkurs-im-jugendbildungswerk","status":"publish","type":"post","link":"https:\/\/www.fuldaernachrichten.de\/?p=96725","title":{"rendered":"Osterferienkurs im Jugendbildungswerk"},"content":{"rendered":"<p>Fulda (hm). Das Jugendbildungswerk der Stadt Fulda bietet in den Osterferien einen spannenden Kurs f\u00fcr Kinder von 6\u00c2\u00a0 bis 10 Jahren an: &#8220;H\u00f6r gut zu \u2013 hier gibt es was auf die Ohren\u201c. Von Dienstag, 10. April bis Donnerstag, 12. April 21012 (jeweils 10.00 bis 14.00 Uhr) treffen sich die Kinder, um gemeinsam ihre Ohren zu st\u00e4rken, Ger\u00e4usche einzufangen, eine eigene Idee f\u00fcr ein H\u00f6rspiel zu entwickeln und die Geschichte dann in ein H\u00f6rspiel mit Ger\u00e4uschen umzusetzen. Der Kurs findet in Kooperation mit der Hochschule Fulda und dem Medienprojektzentrum Offenen Kanal Fulda statt.<br \/>\nKurskosten: 15,00 \u00e2\u201a\u00ac. Anmeldungen und Infos bei: Heike M\u00fcnker, Jugendbildungswerk Stadt Fulda, Tel: 0661 102-1993<\/p>\n","protected":false},"excerpt":{"rendered":"<div class=\"tmnf_excerpt\"><p>Fulda (hm). Das Jugendbildungswerk der Stadt Fulda bietet in den Osterferien einen spannenden Kurs f\u00fcr Kinder von 6\u00c2\u00a0 bis 10 Jahren an: &#8220;H\u00f6r gut zu \u2013 hier gibt es was auf die Ohren\u201c. Von Dienstag, 10. April bis Donnerstag, 12. April 21012 (jeweils 10.00 bis 14.00 Uhr) treffen sich die Kinder, um gemeinsam ihre Ohren &hellip;<\/p>\n<\/div>","protected":false},"author":1,"featured_media":0,"comment_status":"closed","ping_status":"closed","sticky":false,"template":"","format":"standard","meta":{"footnotes":""},"categories":[1,53],"tags":[],"class_list":["post-96725","post","type-post","status-publish","format-standard","hentry","category-startseite","category-bildung"],"_links":{"self":[{"href":"https:\/\/www.fuldaernachrichten.de\/index.php?rest_route=\/wp\/v2\/posts\/96725","targetHints":{"allow":["GET"]}}],"collection":[{"href":"https:\/\/www.fuldaernachrichten.de\/index.php?rest_route=\/wp\/v2\/posts"}],"about":[{"href":"https:\/\/www.fuldaernachrichten.de\/index.php?rest_route=\/wp\/v2\/types\/post"}],"author":[{"embeddable":true,"href":"https:\/\/www.fuldaernachrichten.de\/index.php?rest_route=\/wp\/v2\/users\/1"}],"replies":[{"embeddable":true,"href":"https:\/\/www.fuldaernachrichten.de\/index.php?rest_route=%2Fwp%2Fv2%2Fcomments&post=96725"}],"version-history":[{"count":0,"href":"https:\/\/www.fuldaernachrichten.de\/index.php?rest_route=\/wp\/v2\/posts\/96725\/revisions"}],"wp:attachment":[{"href":"https:\/\/www.fuldaernachrichten.de\/index.php?rest_route=%2Fwp%2Fv2%2Fmedia&parent=96725"}],"wp:term":[{"taxonomy":"category","embeddable":true,"href":"https:\/\/www.fuldaernachrichten.de\/index.php?rest_route=%2Fwp%2Fv2%2Fcategories&post=96725"},{"taxonomy":"post_tag","embeddable":true,"href":"https:\/\/www.fuldaernachrichten.de\/index.php?rest_route=%2Fwp%2Fv2%2Ftags&post=96725"}],"curies":[{"name":"wp","href":"https:\/\/api.w.org\/{rel}","templated":true}]}}