{"id":96708,"date":"2012-04-01T00:09:50","date_gmt":"2012-04-01T00:09:50","guid":{"rendered":"http:\/\/www.fuldaer-nachrichten.de\/?p=96708"},"modified":"2012-04-01T08:55:14","modified_gmt":"2012-04-01T08:55:14","slug":"gedichte-zur-nacht-der-vortragskunstler-jo-weisenborn-beim-gernsehen","status":"publish","type":"post","link":"https:\/\/www.fuldaernachrichten.de\/?p=96708","title":{"rendered":"Gedichte zur Nacht &#8211; Der Vortragsk\u00fcnstler Jo Weisenborn beim Gernsehen"},"content":{"rendered":"<p><a title=\"Foto: Marzena Traber\" href=\"http:\/\/www.fuldaer-nachrichten.de\/wp-content\/uploads\/2012\/03\/120329_Gernsehen_021.jpg\" rel=\"lightbox[roadtrip]\" target=\"_blank\"><img decoding=\"async\" src=\"http:\/\/www.fuldaer-nachrichten.de\/wp-content\/uploads\/2012\/03\/120329_Gernsehen_021.jpg\" alt=\"120329_Gernsehen_021.jpg\" width=\"560\" \/><\/a><\/p>\n<p>Fulda. Es ist schwer, gegen ein Champions League Spiel im Fernsehen und gegen eine Comedy Premiere im Nebenraum mit dem Vortrag von Gedichten anzukommen. Das erkl\u00e4rt vielleicht, warum diese Ausgabe des Gernsehens nicht ganz so gut besucht war, wie es sonst bei der Veranstaltungsreihe der Fall ist. Die Leute aber, die sich am letzten Mittwoch in dem von Kerzen illuminierten Museumscaf\u00e9 einfanden, lie\u00dfen sich von der romantischen Atmosph\u00e4re in dem barocken Saal und den lyrischen Bildern der Nachtgedichte ergreifen.<\/p>\n<p><strong>Fotos (30):<\/strong> Marzena Traber<!--more--><\/p>\n<p><a title=\"Foto: Marzena Traber\" href=\"http:\/\/www.fuldaer-nachrichten.de\/wp-content\/uploads\/2012\/03\/120329_Gernsehen_020.jpg\" rel=\"lightbox[roadtrip]\" target=\"_blank\"><img decoding=\"async\" src=\"http:\/\/www.fuldaer-nachrichten.de\/wp-content\/uploads\/2012\/03\/120329_Gernsehen_020.thumbnail.jpg\" alt=\"120329_Gernsehen_020.jpg\" width=\"265\" \/><\/a> <a title=\"Foto: Marzena Traber\" href=\"http:\/\/www.fuldaer-nachrichten.de\/wp-content\/uploads\/2012\/03\/120329_Gernsehen_030.jpg\" rel=\"lightbox[roadtrip]\" target=\"_blank\"><img decoding=\"async\" src=\"http:\/\/www.fuldaer-nachrichten.de\/wp-content\/uploads\/2012\/03\/120329_Gernsehen_030.thumbnail.jpg\" alt=\"120329_Gernsehen_030.jpg\" width=\"265\" \/><\/a><\/p>\n<p>\u201cDie ganze Nacht segeln in mir\/ Die schwarzen Schiffe meiner Tr\u00e4ume -\/ Sich dehnende Stunden innen, eilende Stunden au\u00dfen -\/ Entgegen der sich r\u00f6tenden K\u00fcste der Morgend\u00e4mmerung.\u201c Hierzulande eher unbekannte Dichter wie Juan Ramon Jimenez, der spanische Nobelpreistr\u00e4ger von 1956, kamen dabei ebenso zu Wort wie Klassiker. \u201cSein, oder nicht sein, das ist hier die Frage: Ob\u00e2\u20ac\u2122s edler im Gem\u00fct, die Pfeil und Schleudern des w\u00fctenden Geschicks erdulden, oder sich waffnend gegen eine See von Plagen durch Widerstand sie enden. Sterben \u2013 Schlafen \u2013 Nichts weiter!\u201c William Shakespeare.<\/p>\n<p><a title=\"Foto: Marzena Traber\" href=\"http:\/\/www.fuldaer-nachrichten.de\/wp-content\/uploads\/2012\/03\/120329_Gernsehen_015.jpg\" rel=\"lightbox[roadtrip]\" target=\"_blank\"><img decoding=\"async\" src=\"http:\/\/www.fuldaer-nachrichten.de\/wp-content\/uploads\/2012\/03\/120329_Gernsehen_015.thumbnail.jpg\" alt=\"120329_Gernsehen_015.jpg\" width=\"265\" \/><\/a> <a title=\"Foto: Marzena Traber\" href=\"http:\/\/www.fuldaer-nachrichten.de\/wp-content\/uploads\/2012\/03\/120329_Gernsehen_016.jpg\" rel=\"lightbox[roadtrip]\" target=\"_blank\"><img decoding=\"async\" src=\"http:\/\/www.fuldaer-nachrichten.de\/wp-content\/uploads\/2012\/03\/120329_Gernsehen_016.thumbnail.jpg\" alt=\"120329_Gernsehen_016.jpg\" width=\"265\" \/><\/a><\/p>\n<p>Doch nicht nur dem Pathos und n\u00e4chtlicher Melancholie wurde Raum gegeben, auch die Komik kam zu Wort: \u201eSterne machen Lichtreklame.\/ Leider wei\u00df man nicht f\u00fcr wen.\/ Und die Nacht ist keine feine Dame,\/ Sondern l\u00e4sst uns ihr Gew\u00f6lbe sehn.\u201c Ein Ausschnitt aus Erich K\u00e4stners Gedicht \u201eTrottoircaf\u00e9\u201c. Weitere gro\u00dfe Namen erfreuten das Publikum: Goethe, Rilke, Novalis, Eichendorff\u00e2\u20ac\u00a6<\/p>\n<p><a title=\"Foto: Marzena Traber\" href=\"http:\/\/www.fuldaer-nachrichten.de\/wp-content\/uploads\/2012\/03\/120329_Gernsehen_013.jpg\" rel=\"lightbox[roadtrip]\" target=\"_blank\"><img decoding=\"async\" src=\"http:\/\/www.fuldaer-nachrichten.de\/wp-content\/uploads\/2012\/03\/120329_Gernsehen_013.thumbnail.jpg\" alt=\"120329_Gernsehen_013.jpg\" width=\"265\" \/><\/a> <a title=\"Foto: Marzena Traber\" href=\"http:\/\/www.fuldaer-nachrichten.de\/wp-content\/uploads\/2012\/03\/120329_Gernsehen_014.jpg\" rel=\"lightbox[roadtrip]\" target=\"_blank\"><img decoding=\"async\" src=\"http:\/\/www.fuldaer-nachrichten.de\/wp-content\/uploads\/2012\/03\/120329_Gernsehen_014.thumbnail.jpg\" alt=\"120329_Gernsehen_014.jpg\" width=\"265\" \/><\/a><\/p>\n<p>Dass f\u00fcr Jo Weisenborn all diese Dichter gute Freunde und ihre Gedichte Herzensangelegenheiten sind, merkte man deutlich. Allerdings h\u00e4tte man sich f\u00fcr die einen oder anderen Verse noch etwas mehr von der angek\u00fcndigten Leidenschaft gew\u00fcnscht. Herausragend dagegen die Ukulelen-Version von \u201eNight and Day\u201c von Marianne Blum. Das bekannte St\u00fcck wirkte in ihrer Interpretation wie noch nie geh\u00f6rt und erg\u00e4nzte das Thema des Abends um eine entscheidende Farbe. Gut tat dem Vortrag auch die musikalische Untermalung der Gedichte durch sph\u00e4rische Kl\u00e4nge von Frank Tischer.<\/p>\n<p><a title=\"Foto: Marzena Traber\" href=\"http:\/\/www.fuldaer-nachrichten.de\/wp-content\/uploads\/2012\/03\/120329_Gernsehen_008.jpg\" rel=\"lightbox[roadtrip]\" target=\"_blank\"><img decoding=\"async\" src=\"http:\/\/www.fuldaer-nachrichten.de\/wp-content\/uploads\/2012\/03\/120329_Gernsehen_008.thumbnail.jpg\" alt=\"120329_Gernsehen_008.jpg\" width=\"265\" \/><\/a> <a title=\"Foto: Marzena Traber\" href=\"http:\/\/www.fuldaer-nachrichten.de\/wp-content\/uploads\/2012\/03\/120329_Gernsehen_012.jpg\" rel=\"lightbox[roadtrip]\" target=\"_blank\"><img decoding=\"async\" src=\"http:\/\/www.fuldaer-nachrichten.de\/wp-content\/uploads\/2012\/03\/120329_Gernsehen_012.thumbnail.jpg\" alt=\"120329_Gernsehen_012.jpg\" width=\"265\" \/><\/a><\/p>\n<p>Ein literarisches R\u00e4tsel, das zum Ende des Abends aufgel\u00f6st wurde, zeigte, dass das Publikum sehr aufmerksam zugeh\u00f6rt hatte. Freundlicher Schlussapplaus und zufriedene Gesichter zeigten, dass es den besinnlichen Abend genossen hatte.<\/p>\n<p><a title=\"Foto: Marzena Traber\" href=\"http:\/\/www.fuldaer-nachrichten.de\/wp-content\/uploads\/2012\/03\/120329_Gernsehen_009.jpg\" rel=\"lightbox[roadtrip]\" target=\"_blank\"><img decoding=\"async\" src=\"http:\/\/www.fuldaer-nachrichten.de\/wp-content\/uploads\/2012\/03\/120329_Gernsehen_009.thumbnail.jpg\" alt=\"120329_Gernsehen_009.jpg\" width=\"265\" \/><\/a> <a title=\"Foto: Marzena Traber\" href=\"http:\/\/www.fuldaer-nachrichten.de\/wp-content\/uploads\/2012\/03\/120329_Gernsehen_010.jpg\" rel=\"lightbox[roadtrip]\" target=\"_blank\"><img decoding=\"async\" src=\"http:\/\/www.fuldaer-nachrichten.de\/wp-content\/uploads\/2012\/03\/120329_Gernsehen_010.thumbnail.jpg\" alt=\"120329_Gernsehen_010.jpg\" width=\"265\" \/><\/a><\/p>\n<p><a title=\"Foto: Marzena Traber\" href=\"http:\/\/www.fuldaer-nachrichten.de\/wp-content\/uploads\/2012\/03\/120329_Gernsehen_003.jpg\" rel=\"lightbox[roadtrip]\" target=\"_blank\"><img decoding=\"async\" src=\"http:\/\/www.fuldaer-nachrichten.de\/wp-content\/uploads\/2012\/03\/120329_Gernsehen_003.thumbnail.jpg\" alt=\"120329_Gernsehen_003.jpg\" width=\"265\" \/><\/a> <a title=\"Foto: Marzena Traber\" href=\"http:\/\/www.fuldaer-nachrichten.de\/wp-content\/uploads\/2012\/03\/120329_Gernsehen_004.jpg\" rel=\"lightbox[roadtrip]\" target=\"_blank\"><img decoding=\"async\" src=\"http:\/\/www.fuldaer-nachrichten.de\/wp-content\/uploads\/2012\/03\/120329_Gernsehen_004.thumbnail.jpg\" alt=\"120329_Gernsehen_004.jpg\" width=\"265\" \/><\/a><\/p>\n<p><a title=\"Foto: Marzena Traber\" href=\"http:\/\/www.fuldaer-nachrichten.de\/wp-content\/uploads\/2012\/03\/120329_Gernsehen_005.jpg\" rel=\"lightbox[roadtrip]\" target=\"_blank\"><img decoding=\"async\" src=\"http:\/\/www.fuldaer-nachrichten.de\/wp-content\/uploads\/2012\/03\/120329_Gernsehen_005.thumbnail.jpg\" alt=\"120329_Gernsehen_005.jpg\" width=\"265\" \/><\/a> <a title=\"Foto: Marzena Traber\" href=\"http:\/\/www.fuldaer-nachrichten.de\/wp-content\/uploads\/2012\/03\/120329_Gernsehen_006.jpg\" rel=\"lightbox[roadtrip]\" target=\"_blank\"><img decoding=\"async\" src=\"http:\/\/www.fuldaer-nachrichten.de\/wp-content\/uploads\/2012\/03\/120329_Gernsehen_006.thumbnail.jpg\" alt=\"120329_Gernsehen_006.jpg\" width=\"265\" \/><\/a><\/p>\n<p><a title=\"Foto: Marzena Traber\" href=\"http:\/\/www.fuldaer-nachrichten.de\/wp-content\/uploads\/2012\/03\/120329_Gernsehen_011.jpg\" rel=\"lightbox[roadtrip]\" target=\"_blank\"><img decoding=\"async\" src=\"http:\/\/www.fuldaer-nachrichten.de\/wp-content\/uploads\/2012\/03\/120329_Gernsehen_011.thumbnail.jpg\" alt=\"120329_Gernsehen_011.jpg\" width=\"265\" \/><\/a> <a title=\"Foto: Marzena Traber\" href=\"http:\/\/www.fuldaer-nachrichten.de\/wp-content\/uploads\/2012\/03\/120329_Gernsehen_007.jpg\" rel=\"lightbox[roadtrip]\" target=\"_blank\"><img decoding=\"async\" src=\"http:\/\/www.fuldaer-nachrichten.de\/wp-content\/uploads\/2012\/03\/120329_Gernsehen_007.thumbnail.jpg\" alt=\"120329_Gernsehen_007.jpg\" width=\"265\" \/><\/a><\/p>\n<p><a title=\"Foto: Marzena Traber\" href=\"http:\/\/www.fuldaer-nachrichten.de\/wp-content\/uploads\/2012\/03\/120329_Gernsehen_017.jpg\" rel=\"lightbox[roadtrip]\" target=\"_blank\"><img decoding=\"async\" src=\"http:\/\/www.fuldaer-nachrichten.de\/wp-content\/uploads\/2012\/03\/120329_Gernsehen_017.thumbnail.jpg\" alt=\"120329_Gernsehen_017.jpg\" width=\"265\" \/><\/a> <a title=\"Foto: Marzena Traber\" href=\"http:\/\/www.fuldaer-nachrichten.de\/wp-content\/uploads\/2012\/03\/120329_Gernsehen_018.jpg\" rel=\"lightbox[roadtrip]\" target=\"_blank\"><img decoding=\"async\" src=\"http:\/\/www.fuldaer-nachrichten.de\/wp-content\/uploads\/2012\/03\/120329_Gernsehen_018.thumbnail.jpg\" alt=\"120329_Gernsehen_018.jpg\" width=\"265\" \/><\/a><\/p>\n<p><a title=\"Foto: Marzena Traber\" href=\"http:\/\/www.fuldaer-nachrichten.de\/wp-content\/uploads\/2012\/03\/120329_Gernsehen_022.jpg\" rel=\"lightbox[roadtrip]\" target=\"_blank\"><img decoding=\"async\" src=\"http:\/\/www.fuldaer-nachrichten.de\/wp-content\/uploads\/2012\/03\/120329_Gernsehen_022.thumbnail.jpg\" alt=\"120329_Gernsehen_022.jpg\" width=\"265\" \/><\/a> <a title=\"Foto: Marzena Traber\" href=\"http:\/\/www.fuldaer-nachrichten.de\/wp-content\/uploads\/2012\/03\/120329_Gernsehen_029.jpg\" rel=\"lightbox[roadtrip]\" target=\"_blank\"><img decoding=\"async\" src=\"http:\/\/www.fuldaer-nachrichten.de\/wp-content\/uploads\/2012\/03\/120329_Gernsehen_029.thumbnail.jpg\" alt=\"120329_Gernsehen_029.jpg\" width=\"265\" \/><\/a><\/p>\n<p><a title=\"Foto: Marzena Traber\" href=\"http:\/\/www.fuldaer-nachrichten.de\/wp-content\/uploads\/2012\/03\/120329_Gernsehen_023.jpg\" rel=\"lightbox[roadtrip]\" target=\"_blank\"><img decoding=\"async\" src=\"http:\/\/www.fuldaer-nachrichten.de\/wp-content\/uploads\/2012\/03\/120329_Gernsehen_023.thumbnail.jpg\" alt=\"120329_Gernsehen_023.jpg\" width=\"265\" \/><\/a> <a title=\"Foto: Marzena Traber\" href=\"http:\/\/www.fuldaer-nachrichten.de\/wp-content\/uploads\/2012\/03\/120329_Gernsehen_024.jpg\" rel=\"lightbox[roadtrip]\" target=\"_blank\"><img decoding=\"async\" src=\"http:\/\/www.fuldaer-nachrichten.de\/wp-content\/uploads\/2012\/03\/120329_Gernsehen_024.thumbnail.jpg\" alt=\"120329_Gernsehen_024.jpg\" width=\"265\" \/><\/a><\/p>\n<p><a title=\"Foto: Marzena Traber\" href=\"http:\/\/www.fuldaer-nachrichten.de\/wp-content\/uploads\/2012\/03\/120329_Gernsehen_025.jpg\" rel=\"lightbox[roadtrip]\" target=\"_blank\"><img decoding=\"async\" src=\"http:\/\/www.fuldaer-nachrichten.de\/wp-content\/uploads\/2012\/03\/120329_Gernsehen_025.thumbnail.jpg\" alt=\"120329_Gernsehen_025.jpg\" width=\"265\" \/><\/a> <a title=\"Foto: Marzena Traber\" href=\"http:\/\/www.fuldaer-nachrichten.de\/wp-content\/uploads\/2012\/03\/120329_Gernsehen_026.jpg\" rel=\"lightbox[roadtrip]\" target=\"_blank\"><img decoding=\"async\" src=\"http:\/\/www.fuldaer-nachrichten.de\/wp-content\/uploads\/2012\/03\/120329_Gernsehen_026.thumbnail.jpg\" alt=\"120329_Gernsehen_026.jpg\" width=\"265\" \/><\/a><\/p>\n<p><a title=\"Foto: Marzena Traber\" href=\"http:\/\/www.fuldaer-nachrichten.de\/wp-content\/uploads\/2012\/03\/120329_Gernsehen_027.jpg\" rel=\"lightbox[roadtrip]\" target=\"_blank\"><img decoding=\"async\" src=\"http:\/\/www.fuldaer-nachrichten.de\/wp-content\/uploads\/2012\/03\/120329_Gernsehen_027.thumbnail.jpg\" alt=\"120329_Gernsehen_027.jpg\" width=\"265\" \/><\/a> <a title=\"Foto: Marzena Traber\" href=\"http:\/\/www.fuldaer-nachrichten.de\/wp-content\/uploads\/2012\/03\/120329_Gernsehen_028.jpg\" rel=\"lightbox[roadtrip]\" target=\"_blank\"><img decoding=\"async\" src=\"http:\/\/www.fuldaer-nachrichten.de\/wp-content\/uploads\/2012\/03\/120329_Gernsehen_028.thumbnail.jpg\" alt=\"120329_Gernsehen_028.jpg\" width=\"265\" \/><\/a><\/p>\n<p><a title=\"Foto: Marzena Traber\" href=\"http:\/\/www.fuldaer-nachrichten.de\/wp-content\/uploads\/2012\/03\/120329_Gernsehen_031.jpg\" rel=\"lightbox[roadtrip]\" target=\"_blank\"><img decoding=\"async\" src=\"http:\/\/www.fuldaer-nachrichten.de\/wp-content\/uploads\/2012\/03\/120329_Gernsehen_031.thumbnail.jpg\" alt=\"120329_Gernsehen_031.jpg\" width=\"265\" \/><\/a> <a title=\"Foto: Marzena Traber\" href=\"http:\/\/www.fuldaer-nachrichten.de\/wp-content\/uploads\/2012\/03\/120329_Gernsehen_001.jpg\" rel=\"lightbox[roadtrip]\" target=\"_blank\"><img decoding=\"async\" src=\"http:\/\/www.fuldaer-nachrichten.de\/wp-content\/uploads\/2012\/03\/120329_Gernsehen_001.thumbnail.jpg\" alt=\"120329_Gernsehen_001.jpg\" width=\"265\" \/><\/a><\/p>\n<p><a title=\"Foto: Marzena Traber\" href=\"http:\/\/www.fuldaer-nachrichten.de\/wp-content\/uploads\/2012\/03\/120329_Gernsehen_002.jpg\" rel=\"lightbox[roadtrip]\" target=\"_blank\"><img decoding=\"async\" src=\"http:\/\/www.fuldaer-nachrichten.de\/wp-content\/uploads\/2012\/03\/120329_Gernsehen_002.thumbnail.jpg\" alt=\"120329_Gernsehen_002.jpg\" width=\"265\" \/><\/a><\/p>\n","protected":false},"excerpt":{"rendered":"<div class=\"tmnf_excerpt\"><p>Fulda. Es ist schwer, gegen ein Champions League Spiel im Fernsehen und gegen eine Comedy Premiere im Nebenraum mit dem Vortrag von Gedichten anzukommen. Das erkl\u00e4rt vielleicht, warum diese Ausgabe des Gernsehens nicht ganz so gut besucht war, wie es sonst bei der Veranstaltungsreihe der Fall ist. Die Leute aber, die sich am letzten Mittwoch &hellip;<\/p>\n<\/div>","protected":false},"author":1,"featured_media":0,"comment_status":"closed","ping_status":"closed","sticky":false,"template":"","format":"standard","meta":{"footnotes":""},"categories":[1,54,44,78],"tags":[],"class_list":["post-96708","post","type-post","status-publish","format-standard","hentry","category-startseite","category-bildergalerien","category-kultur","category-topthema"],"_links":{"self":[{"href":"https:\/\/www.fuldaernachrichten.de\/index.php?rest_route=\/wp\/v2\/posts\/96708","targetHints":{"allow":["GET"]}}],"collection":[{"href":"https:\/\/www.fuldaernachrichten.de\/index.php?rest_route=\/wp\/v2\/posts"}],"about":[{"href":"https:\/\/www.fuldaernachrichten.de\/index.php?rest_route=\/wp\/v2\/types\/post"}],"author":[{"embeddable":true,"href":"https:\/\/www.fuldaernachrichten.de\/index.php?rest_route=\/wp\/v2\/users\/1"}],"replies":[{"embeddable":true,"href":"https:\/\/www.fuldaernachrichten.de\/index.php?rest_route=%2Fwp%2Fv2%2Fcomments&post=96708"}],"version-history":[{"count":0,"href":"https:\/\/www.fuldaernachrichten.de\/index.php?rest_route=\/wp\/v2\/posts\/96708\/revisions"}],"wp:attachment":[{"href":"https:\/\/www.fuldaernachrichten.de\/index.php?rest_route=%2Fwp%2Fv2%2Fmedia&parent=96708"}],"wp:term":[{"taxonomy":"category","embeddable":true,"href":"https:\/\/www.fuldaernachrichten.de\/index.php?rest_route=%2Fwp%2Fv2%2Fcategories&post=96708"},{"taxonomy":"post_tag","embeddable":true,"href":"https:\/\/www.fuldaernachrichten.de\/index.php?rest_route=%2Fwp%2Fv2%2Ftags&post=96708"}],"curies":[{"name":"wp","href":"https:\/\/api.w.org\/{rel}","templated":true}]}}