{"id":96566,"date":"2012-03-26T00:15:34","date_gmt":"2012-03-26T00:15:34","guid":{"rendered":"http:\/\/www.fuldaer-nachrichten.de\/?p=96566"},"modified":"2012-03-26T09:46:35","modified_gmt":"2012-03-26T09:46:35","slug":"positive-bilanz-modenschau-der-etwas-anderen-art-jahreshauptversammlung-der-jugendfeuerwehren-eichenzell","status":"publish","type":"post","link":"https:\/\/www.fuldaernachrichten.de\/?p=96566","title":{"rendered":"Positive Bilanz &#038; Modenschau der etwas anderen Art &#8211; Jahreshauptversammlung der Jugendfeuerwehren Eichenzell"},"content":{"rendered":"<p><a href=\"http:\/\/www.fuldaer-nachrichten.de\/wp-content\/uploads\/2012\/03\/k-IMG_9087.jpg\"><img decoding=\"async\" class=\"alignleft size-thumbnail wp-image-96567\" title=\"k-IMG_9087\" src=\"http:\/\/www.fuldaer-nachrichten.de\/wp-content\/uploads\/2012\/03\/k-IMG_9087-265x132.jpg\" alt=\"\" width=\"265\" height=\"132\" srcset=\"https:\/\/www.fuldaernachrichten.de\/wp-content\/uploads\/2012\/03\/k-IMG_9087-265x132.jpg 265w, https:\/\/www.fuldaernachrichten.de\/wp-content\/uploads\/2012\/03\/k-IMG_9087.jpg 600w\" sizes=\"(max-width: 265px) 100vw, 265px\" \/><\/a>Eichenzell. Trotz eines leichten Mitglieder-R\u00fcckgangs konnte Gemeindejugendfeuerwehrwart Jan Diegelmann anl\u00e4sslich der gemeinsamen Jahreshauptversammlung der Jugendfeuerwehren der Gemeinde Eichenzell eine \u00fcberaus positive Bilanz f\u00fcr das vergangene Jahr ziehen. Derzeit sind 30 M\u00e4dchen und 90 Jungen in den acht Jugendfeuerwehren Eichenzells aktiv.<\/p>\n<p><strong>Fotos:<\/strong> Feuerwehr Eichenzell<!--more-->Unter Leitung ihrer Jugendwarte und Betreuer erbrachten die 120 Jugendlichen 500 Stunden f\u00fcr die feuerwehrtechnische Ausbildung und weitere 486 Stunden f\u00fcr die allgemeine Jugendarbeit. Hier kommen noch weitere Veranstaltungen wie Zeltlager, Ausflugsfahrten oder Aktionen zur Mitgliederwerbung hinzu. Einige Veranstaltungen wie den Kreisjugendfeuerwehrtag in Pilgerzell, den Gemeindejugendfeuerwehrtag in Welkers und das Kreisjugendfeuerwehr-Zeltlager in Burghaun lie\u00df Diegelmann in seinem Jahresbericht Revu\u00e9 passieren.<\/p>\n<p>Die Mitgliederwerbeaktion \u201eKommt \u2013 macht mit\u201c der hessischen Jugendfeuerwehr f\u00fchrte man unter Beteiligung mehrerer Feuerwehren an der Von-Galen-Schule in Eichenzell durch. Durch die Jugendwarte und Betreuer besuchte Lehrgangs- und Fortbildungsveranstaltungen, sowie die neu ausgearbeitete Jugendordnung f\u00fcr die Jugendfeuerwehren der Gemeinde waren weitere Themen seines Jahresberichts.<\/p>\n<p>Gemeinsam mit Gemeindejugendwart Jan Diegelmann nahm der stellvertretende Kreisjugendfeuerwehrwart Steffen Hohmann zwei Ehrungen vor. Susi Baier, Jugendfeuerwehrwartin in Rothemann, wurde aufgrund ihrer langj\u00e4hrigen und erfolgreichen Jugendarbeit mit der silbernen Florians-Medallie der hessischen Jugendfeuerwehr ausgezeichnet. Baier f\u00fchrt die mitgliederst\u00e4rkste Jugendfeuerwehr in Eichenzell und ist\u00c2\u00a0 Wertungsrichterin der Kreisjugendfeuerwehr Fulda. Sie bringt ihre tatkr\u00e4ftige Mitarbeit sowohl auf Gemeinde-, als auch auf Kreisebene ein und besucht regelm\u00e4\u00dfig Fortbildungen und Lehrg\u00e4nge zur Jugendarbeit auf Kreis- und Landesebene.<\/p>\n<p>Neben der Presse- und \u00d6ffentlichkeitsarbeit f\u00fcr die Feuerwehren der Gemeinde Eichenzell, unterst\u00fctzt Markus G\u00f6bel die KJF Fulda bei Veranstaltungen und wirkt hier auch im Team \u00d6ffentlichkeitsarbeit mit. Hierf\u00fcr erhielt er die bronzene Ehrennadel der Kreisjugendfeuerwehr Fulda.<\/p>\n<p>Bei den Neuwahlen im Rahmen der Versammlung wurde sowohl Gemeindejugendfeuerwehrwart Jan Diegelmann, wie auch sein Stellvertreter Stefan Sch\u00e4del, jeweils ohne Gegenstimmen f\u00fcr eine weitere Amtszeit von f\u00fcnf Jahren gew\u00e4hlt. Angesichts der erfolgreichen Jugendarbeit freute sich B\u00fcrgermeister Dieter Kolb sichtlich \u00fcber die Wiederwahl von Diegelmann und Sch\u00e4del. \u201eStimmt die Arbeit an der Spitze nicht, so hat man keinen Erfolg in der Jugendarbeit\u201c, so sein Kommentar.\u00c2\u00a0 Zu Gemeindejugendsprechern wurden Michelle Baier und Viktor Baumann, beide aus Rothemann, f\u00fcr zwei Jahre gew\u00e4hlt.<\/p>\n<p>In den Gru\u00dfworten von B\u00fcrgermeister Kolb spiegelte sich die Freude \u00fcber die sehr gute und erfolgreiche Arbeit in den Jugendfeuerwehren wieder. Er dankte den Jugendwarten und Betreuern f\u00fcr ihren Einsatz und das hohe Engagement mit dem sie sich einbringen. Angesichts der wenigen Quereinsteiger in den Feuerwehrdienst sei es wichtig, auf starke Jugendfeuerwehren setzen zu k\u00f6nnen. Dass ehrenamtliches Engagement auch in jungen Jahren schon wichtig und zum Beispiel bei Bewerbungen von Vorteil sein kann, machte Kolb den Jugendlichen in seiner Rede deutlich. Schlie\u00dflich zeuge dies von sozialer Kompetenz. Er dankte auch den Jugendlichen f\u00fcr ihr Interesse an der Technik und Gemeinschaft.<\/p>\n<p><a href=\"http:\/\/www.fuldaer-nachrichten.de\/wp-content\/uploads\/2012\/03\/k-IMG_9233.jpg\"><img decoding=\"async\" class=\"alignleft size-thumbnail wp-image-96568\" title=\"k-IMG_9233\" src=\"http:\/\/www.fuldaer-nachrichten.de\/wp-content\/uploads\/2012\/03\/k-IMG_9233-265x132.jpg\" alt=\"\" width=\"265\" height=\"132\" srcset=\"https:\/\/www.fuldaernachrichten.de\/wp-content\/uploads\/2012\/03\/k-IMG_9233-265x132.jpg 265w, https:\/\/www.fuldaernachrichten.de\/wp-content\/uploads\/2012\/03\/k-IMG_9233.jpg 600w\" sizes=\"(max-width: 265px) 100vw, 265px\" \/><\/a>Steffen Hohmann \u00fcberbrachte die Gr\u00fc\u00dfe des Kreisjugendfeuerwehrwartes Michael Knoth. Nach den Worten Hohmanns k\u00f6nne sich das Geleistete \u00fcber die Gemeinde- und Kreisgrenze hinaus sehen lassen. Die Jugendlichen seien in den gut aufgestellten Jugendfeuerwehren bestens aufgehoben. Auch er dankte den Betreuern und Jugendlichen gleicherma\u00dfen f\u00fcr ihre hohe Motivation. Den Abschluss der Versammlung bildete eine Modenschau der etwas anderen Art. Die M\u00e4dchen und Jungen der Jugendfeuerwehren konnten ihre Betreuer nach ihren Vorstellungen einkleiden und mussten ihre Kreationen im Anschluss dem Publikum vorstellen. Die Jury bildeten die Kameraden aus Eichenzells Partnergemeinde Steinbach-Hallenberg in Th\u00fcringen.<\/p>\n<p>Zum Gruppenfoto oben: v. l. n r.: Jugendfeuerwehrwartin Rothemann Susi Baier, B\u00fcrgermeister Dieter Kolb, Gemeindesprecher Viktor Baumann und Michelle Baier, stellvertretender Gemeindejugendfeuerwehrwart Stefan Sch\u00e4del, Pressesprecher Markus G\u00f6bel, Gemeindebrandinspektor Martin Fischer, stellvertretender Kreisjugendfeuerwehrwart Steffen Hohmann, Gemeindejugendfeuerwehrwart Jan Diegelmann, Frauensprecherin Gabi Heil<\/p>\n<p>&nbsp;<\/p>\n","protected":false},"excerpt":{"rendered":"<div class=\"tmnf_excerpt\"><p>Eichenzell. Trotz eines leichten Mitglieder-R\u00fcckgangs konnte Gemeindejugendfeuerwehrwart Jan Diegelmann anl\u00e4sslich der gemeinsamen Jahreshauptversammlung der Jugendfeuerwehren der Gemeinde Eichenzell eine \u00fcberaus positive Bilanz f\u00fcr das vergangene Jahr ziehen. Derzeit sind 30 M\u00e4dchen und 90 Jungen in den acht Jugendfeuerwehren Eichenzells aktiv. Fotos: Feuerwehr Eichenzell<\/p>\n<\/div>","protected":false},"author":1,"featured_media":0,"comment_status":"closed","ping_status":"closed","sticky":false,"template":"","format":"standard","meta":{"footnotes":""},"categories":[1,71],"tags":[],"class_list":["post-96566","post","type-post","status-publish","format-standard","hentry","category-startseite","category-feuerwehr"],"_links":{"self":[{"href":"https:\/\/www.fuldaernachrichten.de\/index.php?rest_route=\/wp\/v2\/posts\/96566","targetHints":{"allow":["GET"]}}],"collection":[{"href":"https:\/\/www.fuldaernachrichten.de\/index.php?rest_route=\/wp\/v2\/posts"}],"about":[{"href":"https:\/\/www.fuldaernachrichten.de\/index.php?rest_route=\/wp\/v2\/types\/post"}],"author":[{"embeddable":true,"href":"https:\/\/www.fuldaernachrichten.de\/index.php?rest_route=\/wp\/v2\/users\/1"}],"replies":[{"embeddable":true,"href":"https:\/\/www.fuldaernachrichten.de\/index.php?rest_route=%2Fwp%2Fv2%2Fcomments&post=96566"}],"version-history":[{"count":1,"href":"https:\/\/www.fuldaernachrichten.de\/index.php?rest_route=\/wp\/v2\/posts\/96566\/revisions"}],"predecessor-version":[{"id":96569,"href":"https:\/\/www.fuldaernachrichten.de\/index.php?rest_route=\/wp\/v2\/posts\/96566\/revisions\/96569"}],"wp:attachment":[{"href":"https:\/\/www.fuldaernachrichten.de\/index.php?rest_route=%2Fwp%2Fv2%2Fmedia&parent=96566"}],"wp:term":[{"taxonomy":"category","embeddable":true,"href":"https:\/\/www.fuldaernachrichten.de\/index.php?rest_route=%2Fwp%2Fv2%2Fcategories&post=96566"},{"taxonomy":"post_tag","embeddable":true,"href":"https:\/\/www.fuldaernachrichten.de\/index.php?rest_route=%2Fwp%2Fv2%2Ftags&post=96566"}],"curies":[{"name":"wp","href":"https:\/\/api.w.org\/{rel}","templated":true}]}}