{"id":96428,"date":"2012-03-22T00:10:01","date_gmt":"2012-03-22T00:10:01","guid":{"rendered":"http:\/\/www.fuldaer-nachrichten.de\/?p=96428"},"modified":"2012-03-21T09:04:25","modified_gmt":"2012-03-21T09:04:25","slug":"berufsfeuerwehrtag-der-jugendfeuerwehren-von-steinau-und-steinhaus","status":"publish","type":"post","link":"https:\/\/www.fuldaernachrichten.de\/?p=96428","title":{"rendered":"Berufsfeuerwehrtag der Jugendfeuerwehren von Steinau und Steinhaus"},"content":{"rendered":"<p><a href=\"http:\/\/www.fuldaer-nachrichten.de\/wp-content\/uploads\/2012\/03\/Gruppenbild.jpg\"><img decoding=\"async\" class=\"alignleft size-thumbnail wp-image-96429\" title=\"Gruppenbild\" src=\"http:\/\/www.fuldaer-nachrichten.de\/wp-content\/uploads\/2012\/03\/Gruppenbild-265x131.jpg\" alt=\"\" width=\"265\" height=\"131\" srcset=\"https:\/\/www.fuldaernachrichten.de\/wp-content\/uploads\/2012\/03\/Gruppenbild-265x131.jpg 265w, https:\/\/www.fuldaernachrichten.de\/wp-content\/uploads\/2012\/03\/Gruppenbild.jpg 600w\" sizes=\"(max-width: 265px) 100vw, 265px\" \/><\/a>Steinau. Am Samstag, dem 17. M\u00e4rz 2012 haben die Jugendfeuerwehren Steinau und Steinhaus, gemeinsam einen Berufsfeuerwehrtag im Feuerwehrhaus Steinau veranstaltet. An diesem Tag trafen sich 35 Jungen und M\u00e4dchen schon morgens im Feuerwehrhaus Steinau, um den Alltag von Berufsfeuerwehrm\u00e4nnern- und frauen am eigenen Leib zu erfahren. In den folgenden Stunden wurde versucht den Arbeitstag von Berufsfeuerwehrleuten realit\u00e4tsnah darzustellen. Hierzu wurden die Kinder und Jugendlichen in f\u00fcnf Gruppen eingeteilt, welche jeweils von einem erfahrenen Feuerwehrmann den Tag \u00fcber begleitet wurden. Neben feuerwehrtechnischen Aktivit\u00e4ten, wie Fahrzeug- und Ger\u00e4tekunde stand auch Dienstsport auf dem Plan.<!--more--><\/p>\n<p>Nat\u00fcrlich kam es wie bei einer echten Berufsfeuerwehr auch zu einigen Eins\u00e4tzen an diesem Tag. Nach der Alarmierung durch die \u201e\u00dcbungsleitstelle Steinau\u201c r\u00fcckten die jeweiligen Gruppen zu verschiedensten Szenarien aus. So musste eine \u00d6lspur beseitigt werden oder es kam zu einem Unwettereinsatz, bei dem abgebrochene \u00c4ste von der Stra\u00dfe ger\u00e4umt werden mussten. Neben einer Personenrettung aus dem verrauchten Sportlerheim in Steinau gab es auch einen unter Wasser stehenden Keller, der ausgepumpt werden musste.<\/p>\n<p>Zwei Gruppen wurden zu einem Verkehrsunfall gerufen, in den ein Motorrad und zwei Autos verwickelt waren. Hierbei konnten die \u201eEinsatzkr\u00e4fte\u201c ihr Wissen aus dem Erste-Hilfe-Kurs in die Praxis umsetzen und z. B. die Helmabnahme vornehmen. Abgesehen von mehreren Br\u00e4nden, wie z. B. einem Brand in einem Altkleidercontainer, kam es auch vor, dass die Gruppen ausr\u00fcckten und sich bereits auf der Anfahrt der Einsatz als Fehlalarm rausstellte.<\/p>\n<p>Am Nachmittag kam es zu einer erneuten Alarmierung von zwei Gruppen. Stichwort hier war: \u201eWaldbrand in Steinau\u201c. Zu dem Kampf mit dem (angenommenen) Feuer mussten auch vier verletzte Personen aus dem Ge\u00e4st befreit und gerettet werden.<\/p>\n<p>Der aufwendigste und wohl auch interessanteste Einsatz des Tages fand dann am fr\u00fchen Abend auf dem Gel\u00e4nde der Firma EDAG statt. Hier wurden alle f\u00fcnf Gruppen unter dem Stichwort \u201eBrandmeldeanlage EDAG\u201c zur Einsatzstelle gerufen. Gemeldete Lage war ein Maschinenbrand mit entsprechend starker Rauchentwicklung. Vor Ort stellte sich heraus, dass sich noch mehrere Personen im Geb\u00e4ude befanden und neben der brennenden Maschine eine Gasflasche stand. Wegen der starken Rauchentwicklung waren die Trupps gezwungen unter Atemschutz ins Geb\u00e4ude zu gehen. Hierbei kamen kinderfreundlich umgebaute Atemschutzger\u00e4te zum Einsatz.<\/p>\n<p>Der Gemeindebrandinspektor Christian Chalupa lie\u00df es sich nicht nehmen und leitete diesen Einsatz der Jugendlichen. Auch der B\u00fcrgermeister Karl-Josef Schwiddessen sowie die Ortsvorsteher Winfried Sch\u00e4fer und Stefan Darnieder konnten sich pers\u00f6nlich von dieser tollen und realistischen \u00dcbung \u00fcberzeugen und waren von der Idee und der Umsetzung des Berufsfeuerwehrtages der beiden Nachbarjugendfeuerwehren begeistert.<\/p>\n<p>Nach dem Gro\u00dfeinsatz wurde das gute Wetter zum Grillen und f\u00fcr gemeinsame Spiele genutzt. Trotz des eher gem\u00fctlichen Abendprogramms wurde die Pflicht eines Berufsfeuerwehrmannes nicht vernachl\u00e4ssigt und so kam es auch bei Dunkelheit noch zu weiteren Eins\u00e4tzen. Hierbei musste die Lichtanlage aufgebaut werden und ein entlaufenes Tier mithilfe von Leitern vom Baum gerettet werden, oder in der Dunkelheit eine vermisste Person gesucht werden.<\/p>\n<p>Am Sonntagmorgen endete dann die 24-Stunden-Schicht nach einer tollen \u00dcbernachtung und einem leckeren Fr\u00fchst\u00fcck aller Beteiligten im Feuerwehrhaus Steinau.<br \/>\nEs war f\u00fcr alle Jugendlichen, Ausbilder, Betreuer und sonstigen notwendigen Helfern ein aufregendes Erlebnis, sowie ein absolut erfolgreiches Projekt. An dieser Stelle m\u00f6chten sich die Feuerwehren von Steinau und Steinhaus bei allen bedanken, die am Gelingen des Berufsfeuerwehrtages beigetragen haben. Weitere Informationen und Bilder unter <a href=\"http:\/\/www.feuerwehr-steinau.de\/\">www.feuerwehr-steinau.de<\/a><\/p>\n\n\t\t<style type=\"text\/css\">\n\t\t\t#gallery-1 {\n\t\t\t\tmargin: auto;\n\t\t\t}\n\t\t\t#gallery-1 .gallery-item {\n\t\t\t\tfloat: left;\n\t\t\t\tmargin-top: 10px;\n\t\t\t\ttext-align: center;\n\t\t\t\twidth: 50%;\n\t\t\t}\n\t\t\t#gallery-1 img {\n\t\t\t\tborder: 2px solid #cfcfcf;\n\t\t\t}\n\t\t\t#gallery-1 .gallery-caption {\n\t\t\t\tmargin-left: 0;\n\t\t\t}\n\t\t\t\/* see gallery_shortcode() in wp-includes\/media.php *\/\n\t\t<\/style>\n\t\t<div id='gallery-1' class='gallery galleryid-96428 gallery-columns-2 gallery-size-thumbnail'><dl class='gallery-item'>\n\t\t\t<dt class='gallery-icon landscape'>\n\t\t\t\t<a href='https:\/\/www.fuldaernachrichten.de\/wp-content\/uploads\/2012\/03\/Gruppenbild.jpg'><img decoding=\"async\" width=\"150\" height=\"74\" src=\"https:\/\/www.fuldaernachrichten.de\/wp-content\/uploads\/2012\/03\/Gruppenbild-265x131.jpg\" class=\"attachment-thumbnail size-thumbnail\" alt=\"\" srcset=\"https:\/\/www.fuldaernachrichten.de\/wp-content\/uploads\/2012\/03\/Gruppenbild-265x131.jpg 265w, https:\/\/www.fuldaernachrichten.de\/wp-content\/uploads\/2012\/03\/Gruppenbild.jpg 600w\" sizes=\"(max-width: 150px) 100vw, 150px\" \/><\/a>\n\t\t\t<\/dt><\/dl><dl class='gallery-item'>\n\t\t\t<dt class='gallery-icon landscape'>\n\t\t\t\t<a href='https:\/\/www.fuldaernachrichten.de\/wp-content\/uploads\/2012\/03\/Bilder-Berufsfeuerwehrtag-2012-02.jpg'><img decoding=\"async\" width=\"150\" height=\"112\" src=\"https:\/\/www.fuldaernachrichten.de\/wp-content\/uploads\/2012\/03\/Bilder-Berufsfeuerwehrtag-2012-02-265x198.jpg\" class=\"attachment-thumbnail size-thumbnail\" alt=\"\" srcset=\"https:\/\/www.fuldaernachrichten.de\/wp-content\/uploads\/2012\/03\/Bilder-Berufsfeuerwehrtag-2012-02-265x198.jpg 265w, https:\/\/www.fuldaernachrichten.de\/wp-content\/uploads\/2012\/03\/Bilder-Berufsfeuerwehrtag-2012-02.jpg 600w\" sizes=\"(max-width: 150px) 100vw, 150px\" \/><\/a>\n\t\t\t<\/dt><\/dl><br style=\"clear: both\" \/><dl class='gallery-item'>\n\t\t\t<dt class='gallery-icon landscape'>\n\t\t\t\t<a href='https:\/\/www.fuldaernachrichten.de\/wp-content\/uploads\/2012\/03\/Bilder-Berufsfeuerwehrtag-2012-03.jpg'><img loading=\"lazy\" decoding=\"async\" width=\"150\" height=\"112\" src=\"https:\/\/www.fuldaernachrichten.de\/wp-content\/uploads\/2012\/03\/Bilder-Berufsfeuerwehrtag-2012-03-265x198.jpg\" class=\"attachment-thumbnail size-thumbnail\" alt=\"\" srcset=\"https:\/\/www.fuldaernachrichten.de\/wp-content\/uploads\/2012\/03\/Bilder-Berufsfeuerwehrtag-2012-03-265x198.jpg 265w, https:\/\/www.fuldaernachrichten.de\/wp-content\/uploads\/2012\/03\/Bilder-Berufsfeuerwehrtag-2012-03.jpg 600w\" sizes=\"(max-width: 150px) 100vw, 150px\" \/><\/a>\n\t\t\t<\/dt><\/dl><dl class='gallery-item'>\n\t\t\t<dt class='gallery-icon landscape'>\n\t\t\t\t<a href='https:\/\/www.fuldaernachrichten.de\/wp-content\/uploads\/2012\/03\/Bilder-Berufsfeuerwehrtag-2012-05.jpg'><img loading=\"lazy\" decoding=\"async\" width=\"150\" height=\"112\" src=\"https:\/\/www.fuldaernachrichten.de\/wp-content\/uploads\/2012\/03\/Bilder-Berufsfeuerwehrtag-2012-05-265x198.jpg\" class=\"attachment-thumbnail size-thumbnail\" alt=\"\" srcset=\"https:\/\/www.fuldaernachrichten.de\/wp-content\/uploads\/2012\/03\/Bilder-Berufsfeuerwehrtag-2012-05-265x198.jpg 265w, https:\/\/www.fuldaernachrichten.de\/wp-content\/uploads\/2012\/03\/Bilder-Berufsfeuerwehrtag-2012-05.jpg 600w\" sizes=\"(max-width: 150px) 100vw, 150px\" \/><\/a>\n\t\t\t<\/dt><\/dl><br style=\"clear: both\" \/><dl class='gallery-item'>\n\t\t\t<dt class='gallery-icon landscape'>\n\t\t\t\t<a href='https:\/\/www.fuldaernachrichten.de\/wp-content\/uploads\/2012\/03\/Bilder-Berufsfeuerwehrtag-2012-06.jpg'><img loading=\"lazy\" decoding=\"async\" width=\"150\" height=\"112\" src=\"https:\/\/www.fuldaernachrichten.de\/wp-content\/uploads\/2012\/03\/Bilder-Berufsfeuerwehrtag-2012-06-265x198.jpg\" class=\"attachment-thumbnail size-thumbnail\" alt=\"\" srcset=\"https:\/\/www.fuldaernachrichten.de\/wp-content\/uploads\/2012\/03\/Bilder-Berufsfeuerwehrtag-2012-06-265x198.jpg 265w, https:\/\/www.fuldaernachrichten.de\/wp-content\/uploads\/2012\/03\/Bilder-Berufsfeuerwehrtag-2012-06.jpg 600w\" sizes=\"(max-width: 150px) 100vw, 150px\" \/><\/a>\n\t\t\t<\/dt><\/dl><dl class='gallery-item'>\n\t\t\t<dt class='gallery-icon landscape'>\n\t\t\t\t<a href='https:\/\/www.fuldaernachrichten.de\/wp-content\/uploads\/2012\/03\/Bilder-Berufsfeuerwehrtag-2012-07.jpg'><img loading=\"lazy\" decoding=\"async\" width=\"150\" height=\"112\" src=\"https:\/\/www.fuldaernachrichten.de\/wp-content\/uploads\/2012\/03\/Bilder-Berufsfeuerwehrtag-2012-07-265x198.jpg\" class=\"attachment-thumbnail size-thumbnail\" alt=\"\" srcset=\"https:\/\/www.fuldaernachrichten.de\/wp-content\/uploads\/2012\/03\/Bilder-Berufsfeuerwehrtag-2012-07-265x198.jpg 265w, https:\/\/www.fuldaernachrichten.de\/wp-content\/uploads\/2012\/03\/Bilder-Berufsfeuerwehrtag-2012-07.jpg 600w\" sizes=\"(max-width: 150px) 100vw, 150px\" \/><\/a>\n\t\t\t<\/dt><\/dl><br style=\"clear: both\" \/><dl class='gallery-item'>\n\t\t\t<dt class='gallery-icon landscape'>\n\t\t\t\t<a href='https:\/\/www.fuldaernachrichten.de\/wp-content\/uploads\/2012\/03\/Bilder-Berufsfeuerwehrtag-2012-08.jpg'><img loading=\"lazy\" decoding=\"async\" width=\"150\" height=\"112\" src=\"https:\/\/www.fuldaernachrichten.de\/wp-content\/uploads\/2012\/03\/Bilder-Berufsfeuerwehrtag-2012-08-265x198.jpg\" class=\"attachment-thumbnail size-thumbnail\" alt=\"\" srcset=\"https:\/\/www.fuldaernachrichten.de\/wp-content\/uploads\/2012\/03\/Bilder-Berufsfeuerwehrtag-2012-08-265x198.jpg 265w, https:\/\/www.fuldaernachrichten.de\/wp-content\/uploads\/2012\/03\/Bilder-Berufsfeuerwehrtag-2012-08.jpg 600w\" sizes=\"(max-width: 150px) 100vw, 150px\" \/><\/a>\n\t\t\t<\/dt><\/dl><dl class='gallery-item'>\n\t\t\t<dt class='gallery-icon landscape'>\n\t\t\t\t<a href='https:\/\/www.fuldaernachrichten.de\/wp-content\/uploads\/2012\/03\/Bilder-Berufsfeuerwehrtag-2012-09.jpg'><img loading=\"lazy\" decoding=\"async\" width=\"150\" height=\"112\" src=\"https:\/\/www.fuldaernachrichten.de\/wp-content\/uploads\/2012\/03\/Bilder-Berufsfeuerwehrtag-2012-09-265x198.jpg\" class=\"attachment-thumbnail size-thumbnail\" alt=\"\" srcset=\"https:\/\/www.fuldaernachrichten.de\/wp-content\/uploads\/2012\/03\/Bilder-Berufsfeuerwehrtag-2012-09-265x198.jpg 265w, https:\/\/www.fuldaernachrichten.de\/wp-content\/uploads\/2012\/03\/Bilder-Berufsfeuerwehrtag-2012-09.jpg 600w\" sizes=\"(max-width: 150px) 100vw, 150px\" \/><\/a>\n\t\t\t<\/dt><\/dl><br style=\"clear: both\" \/><dl class='gallery-item'>\n\t\t\t<dt class='gallery-icon landscape'>\n\t\t\t\t<a href='https:\/\/www.fuldaernachrichten.de\/wp-content\/uploads\/2012\/03\/Bilder-Berufsfeuerwehrtag-2012-10.jpg'><img loading=\"lazy\" decoding=\"async\" width=\"150\" height=\"112\" src=\"https:\/\/www.fuldaernachrichten.de\/wp-content\/uploads\/2012\/03\/Bilder-Berufsfeuerwehrtag-2012-10-265x198.jpg\" class=\"attachment-thumbnail size-thumbnail\" alt=\"\" srcset=\"https:\/\/www.fuldaernachrichten.de\/wp-content\/uploads\/2012\/03\/Bilder-Berufsfeuerwehrtag-2012-10-265x198.jpg 265w, https:\/\/www.fuldaernachrichten.de\/wp-content\/uploads\/2012\/03\/Bilder-Berufsfeuerwehrtag-2012-10.jpg 600w\" sizes=\"(max-width: 150px) 100vw, 150px\" \/><\/a>\n\t\t\t<\/dt><\/dl><dl class='gallery-item'>\n\t\t\t<dt class='gallery-icon landscape'>\n\t\t\t\t<a href='https:\/\/www.fuldaernachrichten.de\/wp-content\/uploads\/2012\/03\/Bilder-Berufsfeuerwehrtag-2012-11.jpg'><img loading=\"lazy\" decoding=\"async\" width=\"150\" height=\"112\" src=\"https:\/\/www.fuldaernachrichten.de\/wp-content\/uploads\/2012\/03\/Bilder-Berufsfeuerwehrtag-2012-11-265x198.jpg\" class=\"attachment-thumbnail size-thumbnail\" alt=\"\" srcset=\"https:\/\/www.fuldaernachrichten.de\/wp-content\/uploads\/2012\/03\/Bilder-Berufsfeuerwehrtag-2012-11-265x198.jpg 265w, https:\/\/www.fuldaernachrichten.de\/wp-content\/uploads\/2012\/03\/Bilder-Berufsfeuerwehrtag-2012-11.jpg 600w\" sizes=\"(max-width: 150px) 100vw, 150px\" \/><\/a>\n\t\t\t<\/dt><\/dl><br style=\"clear: both\" \/>\n\t\t<\/div>\n\n","protected":false},"excerpt":{"rendered":"<div class=\"tmnf_excerpt\"><p>Steinau. Am Samstag, dem 17. M\u00e4rz 2012 haben die Jugendfeuerwehren Steinau und Steinhaus, gemeinsam einen Berufsfeuerwehrtag im Feuerwehrhaus Steinau veranstaltet. An diesem Tag trafen sich 35 Jungen und M\u00e4dchen schon morgens im Feuerwehrhaus Steinau, um den Alltag von Berufsfeuerwehrm\u00e4nnern- und frauen am eigenen Leib zu erfahren. In den folgenden Stunden wurde versucht den Arbeitstag von &hellip;<\/p>\n<\/div>","protected":false},"author":1,"featured_media":0,"comment_status":"closed","ping_status":"closed","sticky":false,"template":"","format":"standard","meta":{"footnotes":""},"categories":[1,71],"tags":[],"class_list":["post-96428","post","type-post","status-publish","format-standard","hentry","category-startseite","category-feuerwehr"],"_links":{"self":[{"href":"https:\/\/www.fuldaernachrichten.de\/index.php?rest_route=\/wp\/v2\/posts\/96428","targetHints":{"allow":["GET"]}}],"collection":[{"href":"https:\/\/www.fuldaernachrichten.de\/index.php?rest_route=\/wp\/v2\/posts"}],"about":[{"href":"https:\/\/www.fuldaernachrichten.de\/index.php?rest_route=\/wp\/v2\/types\/post"}],"author":[{"embeddable":true,"href":"https:\/\/www.fuldaernachrichten.de\/index.php?rest_route=\/wp\/v2\/users\/1"}],"replies":[{"embeddable":true,"href":"https:\/\/www.fuldaernachrichten.de\/index.php?rest_route=%2Fwp%2Fv2%2Fcomments&post=96428"}],"version-history":[{"count":0,"href":"https:\/\/www.fuldaernachrichten.de\/index.php?rest_route=\/wp\/v2\/posts\/96428\/revisions"}],"wp:attachment":[{"href":"https:\/\/www.fuldaernachrichten.de\/index.php?rest_route=%2Fwp%2Fv2%2Fmedia&parent=96428"}],"wp:term":[{"taxonomy":"category","embeddable":true,"href":"https:\/\/www.fuldaernachrichten.de\/index.php?rest_route=%2Fwp%2Fv2%2Fcategories&post=96428"},{"taxonomy":"post_tag","embeddable":true,"href":"https:\/\/www.fuldaernachrichten.de\/index.php?rest_route=%2Fwp%2Fv2%2Ftags&post=96428"}],"curies":[{"name":"wp","href":"https:\/\/api.w.org\/{rel}","templated":true}]}}