{"id":96313,"date":"2012-03-19T00:10:30","date_gmt":"2012-03-19T00:10:30","guid":{"rendered":"http:\/\/www.fuldaer-nachrichten.de\/?p=96313"},"modified":"2012-03-19T06:55:13","modified_gmt":"2012-03-19T06:55:13","slug":"ehrungen-fur-langjahrige-engagierte-feuerwehrmanner-in-der-jugendfeuerwehr","status":"publish","type":"post","link":"https:\/\/www.fuldaernachrichten.de\/?p=96313","title":{"rendered":"Ehrungen f\u00fcr langj\u00e4hrige engagierte Feuerwehrm\u00e4nner in der Jugendfeuerwehr"},"content":{"rendered":"<p><a href=\"http:\/\/www.fuldaer-nachrichten.de\/wp-content\/uploads\/2012\/03\/IMG_2125.jpg\"><img decoding=\"async\" class=\"alignleft size-thumbnail wp-image-96314\" title=\"IMG_2125\" src=\"http:\/\/www.fuldaer-nachrichten.de\/wp-content\/uploads\/2012\/03\/IMG_2125-265x91.jpg\" alt=\"\" width=\"265\" height=\"91\" srcset=\"https:\/\/www.fuldaernachrichten.de\/wp-content\/uploads\/2012\/03\/IMG_2125-265x91.jpg 265w, https:\/\/www.fuldaernachrichten.de\/wp-content\/uploads\/2012\/03\/IMG_2125.jpg 600w\" sizes=\"(max-width: 265px) 100vw, 265px\" \/><\/a>Vogelsbergkreis\/Romrod. Die Delegiertenversammlung der Kreisjugendfeuerwehr Vogelsbergkreis fand am Samstagabend im Dorfgemeinschaftshaus des Romr\u00f6der Stadtteils Zell statt. Kreisjugendfeuerwehrwart Stefan Preu\u00df stellte dort seinen Jahresbericht vor. \u00dcber 1.200 Kinder und Jugendliche befinden sich derzeit in den 124 Vogelsberger Jugendfeuerwehren. <!--more--><\/p>\n<p>Genau 245 Neuzug\u00e4nge konnten die Jugendfeuerwehren im letzten Jahr verbuchen, 63 Jungen und 19 M\u00e4dchen wurden in Einsatzabteilungen \u00fcbernommen. Auch Austritte gab es in den Jugendfeuerwehren, beispielsweise wegen Schul- und Berufsausbildung (12 Austritte), starker anderer Interessen ( 48 Austritte) oder Lustlosigkeit (47 Austritte). Markant war der Austritt von 11 Jungen und M\u00e4dchen, die kein Interesse an einer \u00dcbernahme in die Einsatzabteilung hatten. Im vergangenen Jahr z\u00e4hlten die Jugendfeuerwehren insgesamt 288 Mitglieder weniger im Vergleich zum Vorjahr.<\/p>\n<p>56 Jugendfeuerwehren beteiligten sich im Bereich Natur- und Umweltschutz, 15 Jugendfeuerwehren waren an Jugendpolitik beteiligt, 5 Jugendfeuerwehren nahmen an internationaler Jugendarbeit teil und 20 Jugendfeuerwehren engagierten sich bei Bildungsveranstaltungen. Zahlreiche Auszeichnungen konnten die Jugendlichen in den Jugendfeuerwehren erzielen. So wurde 41 mal die Jugendflamme der Stufe I verliehen und 10 mal die Jugendflamme der Stufe II. Die Leistungsspange wurde 106 mal verliehen.<\/p>\n<p>7.855 Stunden feuerwehrtechnische und 4.432 Stunden allgemeine Jugendarbeit wurde von den Jugendfeuerwehrwarten und ihren Betreuern geleistet. 330 Tage wurden f\u00fcr Zeltlager, Fahrten und Freizeiten aufgebracht. Besonders auff\u00e4llig ist der zeitliche Aufwand bei Vorbereitung und Nachbereitung, Bildungsma\u00dfnahmen, Tagungen und Sitzungen, hier wurden weit \u00fcber 13.500 Stunden geleistet, ein Plus von rund 1.500 Stunden im Vergleich zum Vorjahr. \u201eDieser \u00fcbergeordnete Aufwand f\u00e4llt gr\u00f6\u00dftenteils in die Kategorie Verwaltungsarbeit\u201c, so Preu\u00df. 115 Feuerwehrleute bildeten sich auf Gemeindeebene, Kreisebene und Landesebene fort.<\/p>\n<p>Der statistische Jahresbericht wurde mit der sogenannten Feuerwehrsoftware Florix erstellt, doch die Feuerwehrleute zeigten sich von dem Programm wenig begeistert. \u201eDas Programm hat massive Fehler, die uns bis heute nicht erkl\u00e4rt werden konnten\u201c, teilte Preu\u00df mit. In Zukunft soll der Bericht wieder auf der alten Art und Weise erstellt werden.<\/p>\n<p>Im Vordergrund der Jugendfeuerwehren standen im vergangenen Jahr die Wettbewerbe, allen Voran der Gro\u00dfgemeindepokal in Landenhausen und der Kreisentscheid in Ehringshausen. Allerdings nahmen am Kreisentscheid nur ein F\u00fcnftel der Vogelsberger Jugendfeuerwehren teil. \u201eDie Wettbewerbe dienen nicht nur dem Leistungsvergleich, sondern auch dem Tramgeist und der Gemeinschaft \u00fcber die Orte heraus\u201c, appellierte dazu der Kreisjugendfeuerwehrwart. Besonders erfolgreich waren die Jugendfeuerwehren aus Ehringshausen und Hainbach.\u00c2\u00a0 Sie erzielten auf dem Landessentscheid in Lorsch einen 9. Platz bei den M\u00e4dchen und einen 6. und 8. Platz bei den Jungen.<\/p>\n<p>Aktuell ohne Unterkunft befindet sich die Kreisjugendfeuerwehr. Im September wurde die Gesch\u00e4ftsstelle, das Kreisjugendfeuerwehrzentrum, im Schwalmtaler Ortsteil Vadenrod geschlossen. Seitdem lagern die Ger\u00e4te, Materialien und Dokumente der Kreisjugendfeuerwehr notd\u00fcrftig im Ger\u00e4tehaus der Feuerwehr Romrod.<\/p>\n<p>Jugendkriminalit\u00e4t, Kindeswohlgef\u00e4hrdung und Pr\u00e4vention waren die Schlagworte einer Impulsveranstaltung zum Thema \u201eJugend und Gewalt, erkennen und vorbeugen\u201c der Kreisjugendfeuerwehren Vogelsbergkreis, Hersfeld-Rotenburg und Fulda im November in der Landesmusikakademie Schlitz. Zu dieser Kooperationsveranstaltung waren zahlreiche Stadt- und Gemeindejugendfeuerwehrwarte sowie G\u00e4ste der Verbandsebene und politische Vertreter gekommen. Die Thematik wurde durch die Kriminaloberkommissarin Rosemarie Welke vom Polizeipr\u00e4sidium Osthessen in einem Vortrag vorgestellt und anschlie\u00dfend diskutiert. Mit dieser Impulsveranstaltung starteten die Jugendfeuerwehren ein Kooperationsprojekt. Hierzu soll am 2. Juni ankn\u00fcpfend ein Workshop \u201eCool sein, Cool bleiben\u201c stattfinden.<\/p>\n<p>Das Jugendforum der Kreisjugendfeuerwehr plant vom 1. bis 3. Juni ein Wochenendseminar im Jugendfeuerwehrausbildungszentrum Marburg Cappel. Das Wochenende soll an die Reihe \u201eJugend und Gewalt, erkennen und vorbeugen\u201c ankn\u00fcpfen. Im vergangenen Jahr konnte kein Jugendforum durchgef\u00fchrt werden. Jan Malte M\u00fchlenbeck hat in seiner Funktion als Sprecher der Jugendfeuerwehr Hessen an zwei Bundesjugendforen und einer Exkursion nach Polen teilgenommen, desweiteren war er an einigen Tagungen der Hessischen Jugendfeuerwehr anwesend. Schwerpunkte der Landes- und Bundesforen waren die Erstellung einer Arbeitsmappe f\u00fcr Kreissprecher zum Leiten eines Jugendforums und die Vorbereitung des sogenannten C-Teils bei Wettbewerben.<\/p>\n<p>W\u00e4hrend auf der Delegiertenversammlung erneut kein Fachbereichsleiter f\u00fcr das Themengebiet Integration gefunden werden konnte, wurde Philipp Weitzel einstimmig als Fachbereichsleiter f\u00fcr die \u00d6ffentlichkeit best\u00e4tigt.<\/p>\n<p>Hohe Ehrungen wurden auf der Delegiertenversammlung vorgenommen. Mit der goldenen Ehrennadel der Deutschen Jugendfeuerwehr wurde der Wartenberger Manfred Kropp ausgezeichnet. Er ist seit 22 Jahren Gemeindejugendfeuerwehrwart, war 15 Jahre Fachbereichsleiter bei der Kreisjugendfeuerwehr und ist seit fast 25 Jahren mit Brandschutzerziehung im Vogelsbergkreis beauftragt. Der Alsfelder Andreas Riffer wurde mit der Floriansmedaille in Gold geehrt. Er war von 1979 bis 2000 Jugendfeuerwehrwart, von 1984 bis 1990 stellvertretender Stadtjugendfeuerwehrwart, von 1994 bis 2005 Stadtjugendfeuerwehrwart und ist seit 1995 Fachbereichsleiter in verschiedenen Bereichen der Kreisjugendfeuerwehr.<\/p>\n<p>Die Floriansmedaille in Silber wurde dem Schottener Thomas Kromm verliehen. Er ist seit 1998 Jugendfeuerwehrwart, war von 1999 bis 2008 stellvertretender Stadtjugendfeuerwehrwart, ist seit 2008 Stadtjugendfeuerwehrwart und ebenfalls seit 2008 stellvertretender Kreisjugendfeuerwehrwart. Die Floriansmedaille in Bronze wurde dem M\u00fccker Jan-Malte M\u00fchlenbeck verliehen. Er ist seit 2009 Jugendsprecher der Kreisjugendfeuerwehr und seit 2010 Landesjugendsprecher. Ebenfalls mit der Floriansmedaille in Bronze wurde der Romr\u00f6der Philipp Weitzel geehrt. Er war von 2006 bis 2008 stellvertretender Landesjugendsprecher, ist seit 2004 im Jugendforum aktiv und leitet seit 2008 zwei Fachbereiche bei der Kreisjugendfeuerwehr.<\/p>\n<p>Kreisbeigeordnete Magdalena Pitzer stellte in ihrer Ansprache klar, dass sie hinter der Arbeit der Jugendfeuerwehr steht. \u201eDie Feuerwehren sind stabile gesellschaftliche S\u00e4ulen, die zum Wir-Gef\u00fchl beitragen\u201c, so Pitzer. In Vertretung f\u00fcr B\u00fcrgermeisterin Dr. Birgit Richtberg sprach Zells stellvertretender Ortsvorsteher Christopher K\u00f6hler einen Dank f\u00fcr das Engagement der Jugendfeuerwehren. \u201eDie Jugendarbeit ist f\u00fcr die Sicherung der Feuerwehr elementar\u201c, so K\u00f6hler. Michael Wickenh\u00f6fer, Fachgebietsleiter bei der Hessischen Jugendfeuerwehr, sprach in seinem Gru\u00dfwort die hessenweite Problematik der sinkenden Mitgliederzahlen an. \u201eWir m\u00fcssen die Jugendlichen in den Jugendfeuerwehren halten\u201c, so Wickenh\u00f6fer. Doch auch Konzepte zur Erhaltung der Ehrenamtlichen m\u00fcssten entwickelt werden. Er sah das Kooperationsprojekt \u201eCool sein, Cool bleiben\u201c als einen ersten wichtigen Schritt.<\/p>\n<p>Um die Arbeit in den Jugendfeuerwehr kreativer zu gestalten, verwies er auf das Lehrgangsprogramm der Hessischen Jugendfeuerwehre. Mit neuen Lehrg\u00e4ngen und Seminaren, beispielsweise zur modernen Schatzsuche \u201eGeocaching\u201c, bietet das Ausbildungszentrum in Marburg Weiterbildungen passend f\u00fcr die Jugendarbeit an. Der stellvertretende Feuerwehrverbandsvorsitzende Hans-J\u00fcrgen Kohl dankte in seiner Rede dem ehrenamtlichen Engagement der Jugendfeuerwehren. \u201eDanke f\u00fcr Eure Jugendarbeit\u201c, so Kohl. Der stellvertretende Kreisbrandinspektor Hubert Helm dankte in seinem Gru\u00dfwort speziell den engagierten Geehrten. Romrods Stadtbrandinspektor Oliver Rabe ermunterte in seiner Ansprache auch die Kinderfeuerwehren in Zukunft mehr zu f\u00f6rdern.<\/p>\n<p><strong>Wettkampftermine 2012<\/strong><br \/>\nDer Gro\u00dfgemeindepokal findet am 9. Juni in Homberg (Ohm) statt, der Kreisentscheid findet am 17 . Juni in Gro\u00df-Felda statt, der Landesentscheid findet am 26. August in Hungen statt und der Osthessencup am 2. September in Schotten-Eschenrod.<\/p>\n<p><strong>Foto vl:<\/strong> Kreisjugendfeuerwehrwart Stefan Preu\u00df, stellv. Feuerwehrverbandsvorsitzender Hans-J\u00fcrgen Kohl, Jugendsprecher Jan-Malte M\u00fchlenbeck, stellv. Kreisjugendfeuerwehrwart Thomas Kromm, Gemeindejugendfeuerwehrwart Manfred Kropp, Kreisfachbereichsleiter Andreas Riffer, Kreisfachbereichsleiter Philipp Weitzel, Landesfachbereichsleiter Michael Wickenh\u00f6fer und stellv. Kreisbrandinspektor Hubert Helm.<\/p>\n","protected":false},"excerpt":{"rendered":"<div class=\"tmnf_excerpt\"><p>Vogelsbergkreis\/Romrod. Die Delegiertenversammlung der Kreisjugendfeuerwehr Vogelsbergkreis fand am Samstagabend im Dorfgemeinschaftshaus des Romr\u00f6der Stadtteils Zell statt. Kreisjugendfeuerwehrwart Stefan Preu\u00df stellte dort seinen Jahresbericht vor. \u00dcber 1.200 Kinder und Jugendliche befinden sich derzeit in den 124 Vogelsberger Jugendfeuerwehren.<\/p>\n<\/div>","protected":false},"author":1,"featured_media":0,"comment_status":"closed","ping_status":"closed","sticky":false,"template":"","format":"standard","meta":{"footnotes":""},"categories":[1,71],"tags":[],"class_list":["post-96313","post","type-post","status-publish","format-standard","hentry","category-startseite","category-feuerwehr"],"_links":{"self":[{"href":"https:\/\/www.fuldaernachrichten.de\/index.php?rest_route=\/wp\/v2\/posts\/96313","targetHints":{"allow":["GET"]}}],"collection":[{"href":"https:\/\/www.fuldaernachrichten.de\/index.php?rest_route=\/wp\/v2\/posts"}],"about":[{"href":"https:\/\/www.fuldaernachrichten.de\/index.php?rest_route=\/wp\/v2\/types\/post"}],"author":[{"embeddable":true,"href":"https:\/\/www.fuldaernachrichten.de\/index.php?rest_route=\/wp\/v2\/users\/1"}],"replies":[{"embeddable":true,"href":"https:\/\/www.fuldaernachrichten.de\/index.php?rest_route=%2Fwp%2Fv2%2Fcomments&post=96313"}],"version-history":[{"count":0,"href":"https:\/\/www.fuldaernachrichten.de\/index.php?rest_route=\/wp\/v2\/posts\/96313\/revisions"}],"wp:attachment":[{"href":"https:\/\/www.fuldaernachrichten.de\/index.php?rest_route=%2Fwp%2Fv2%2Fmedia&parent=96313"}],"wp:term":[{"taxonomy":"category","embeddable":true,"href":"https:\/\/www.fuldaernachrichten.de\/index.php?rest_route=%2Fwp%2Fv2%2Fcategories&post=96313"},{"taxonomy":"post_tag","embeddable":true,"href":"https:\/\/www.fuldaernachrichten.de\/index.php?rest_route=%2Fwp%2Fv2%2Ftags&post=96313"}],"curies":[{"name":"wp","href":"https:\/\/api.w.org\/{rel}","templated":true}]}}