{"id":96182,"date":"2012-03-15T00:11:30","date_gmt":"2012-03-15T00:11:30","guid":{"rendered":"http:\/\/www.fuldaer-nachrichten.de\/?p=96182"},"modified":"2012-03-14T08:02:59","modified_gmt":"2012-03-14T08:02:59","slug":"infoveranstaltung-der-kreisjugendfeuerwehr-vogelsbergkreis","status":"publish","type":"post","link":"https:\/\/www.fuldaernachrichten.de\/?p=96182","title":{"rendered":"Infoveranstaltung der Kreisjugendfeuerwehr Vogelsbergkreis"},"content":{"rendered":"<p><a href=\"http:\/\/www.fuldaer-nachrichten.de\/wp-content\/uploads\/2012\/03\/IMG_3976.jpg\"><img fetchpriority=\"high\" decoding=\"async\" class=\"alignleft size-thumbnail wp-image-96183\" title=\"IMG_3976\" src=\"http:\/\/www.fuldaer-nachrichten.de\/wp-content\/uploads\/2012\/03\/IMG_3976-265x198.jpg\" alt=\"\" width=\"265\" height=\"198\" srcset=\"https:\/\/www.fuldaernachrichten.de\/wp-content\/uploads\/2012\/03\/IMG_3976-265x198.jpg 265w, https:\/\/www.fuldaernachrichten.de\/wp-content\/uploads\/2012\/03\/IMG_3976.jpg 600w\" sizes=\"(max-width: 265px) 100vw, 265px\" \/><\/a>Vogelsbergkreis. Eine Informationsveranstaltung zur Brandschutzerziehung und Brandschutzaufkl\u00e4rung in Kinderg\u00e4rten und Schulen bietet die Kreisjugendfeuerwehr Vogelsbergkreis in Wartenberg-Landenhausen an. Die Veranstaltung findet am 31. M\u00e4rz, um 14 Uhr, im Ger\u00e4tehaus der Feuerwehr Landenhausen statt. Armin Kropp, der zust\u00e4ndige Fachbereichsleiter der Kreisjugendfeuerwehr, wird dort unter anderem \u00fcber Neuigkeiten auf diesem speziellen Bereich des Feuerwehrwesens berichten, aber auch neues Unterrichtsmaterial vorstellen.<\/p>\n","protected":false},"excerpt":{"rendered":"<div class=\"tmnf_excerpt\"><p>Vogelsbergkreis. Eine Informationsveranstaltung zur Brandschutzerziehung und Brandschutzaufkl\u00e4rung in Kinderg\u00e4rten und Schulen bietet die Kreisjugendfeuerwehr Vogelsbergkreis in Wartenberg-Landenhausen an. Die Veranstaltung findet am 31. M\u00e4rz, um 14 Uhr, im Ger\u00e4tehaus der Feuerwehr Landenhausen statt. Armin Kropp, der zust\u00e4ndige Fachbereichsleiter der Kreisjugendfeuerwehr, wird dort unter anderem \u00fcber Neuigkeiten auf diesem speziellen Bereich des Feuerwehrwesens berichten, aber auch &hellip;<\/p>\n<\/div>","protected":false},"author":1,"featured_media":0,"comment_status":"closed","ping_status":"closed","sticky":false,"template":"","format":"standard","meta":{"footnotes":""},"categories":[1,71],"tags":[],"class_list":["post-96182","post","type-post","status-publish","format-standard","hentry","category-startseite","category-feuerwehr"],"_links":{"self":[{"href":"https:\/\/www.fuldaernachrichten.de\/index.php?rest_route=\/wp\/v2\/posts\/96182","targetHints":{"allow":["GET"]}}],"collection":[{"href":"https:\/\/www.fuldaernachrichten.de\/index.php?rest_route=\/wp\/v2\/posts"}],"about":[{"href":"https:\/\/www.fuldaernachrichten.de\/index.php?rest_route=\/wp\/v2\/types\/post"}],"author":[{"embeddable":true,"href":"https:\/\/www.fuldaernachrichten.de\/index.php?rest_route=\/wp\/v2\/users\/1"}],"replies":[{"embeddable":true,"href":"https:\/\/www.fuldaernachrichten.de\/index.php?rest_route=%2Fwp%2Fv2%2Fcomments&post=96182"}],"version-history":[{"count":0,"href":"https:\/\/www.fuldaernachrichten.de\/index.php?rest_route=\/wp\/v2\/posts\/96182\/revisions"}],"wp:attachment":[{"href":"https:\/\/www.fuldaernachrichten.de\/index.php?rest_route=%2Fwp%2Fv2%2Fmedia&parent=96182"}],"wp:term":[{"taxonomy":"category","embeddable":true,"href":"https:\/\/www.fuldaernachrichten.de\/index.php?rest_route=%2Fwp%2Fv2%2Fcategories&post=96182"},{"taxonomy":"post_tag","embeddable":true,"href":"https:\/\/www.fuldaernachrichten.de\/index.php?rest_route=%2Fwp%2Fv2%2Ftags&post=96182"}],"curies":[{"name":"wp","href":"https:\/\/api.w.org\/{rel}","templated":true}]}}