{"id":96124,"date":"2012-03-12T00:50:25","date_gmt":"2012-03-12T00:50:25","guid":{"rendered":"http:\/\/www.fuldaer-nachrichten.de\/?p=96124"},"modified":"2012-03-12T14:53:30","modified_gmt":"2012-03-12T14:53:30","slug":"verbandsversammlung-des-kreisfeuerwehrverbandes-in-hofbieber","status":"publish","type":"post","link":"https:\/\/www.fuldaernachrichten.de\/?p=96124","title":{"rendered":"Verbandsversammlung des Kreisfeuerwehrverbandes in Hofbieber"},"content":{"rendered":"<p><a href=\"http:\/\/www.fuldaer-nachrichten.de\/wp-content\/uploads\/2012\/03\/mime-attachment.jpeg\"><img decoding=\"async\" class=\"alignleft size-thumbnail wp-image-96125\" title=\"mime-attachment\" src=\"http:\/\/www.fuldaer-nachrichten.de\/wp-content\/uploads\/2012\/03\/mime-attachment-265x148.jpg\" alt=\"\" width=\"265\" height=\"148\" srcset=\"https:\/\/www.fuldaernachrichten.de\/wp-content\/uploads\/2012\/03\/mime-attachment-265x148.jpg 265w, https:\/\/www.fuldaernachrichten.de\/wp-content\/uploads\/2012\/03\/mime-attachment.jpeg 600w\" sizes=\"(max-width: 265px) 100vw, 265px\" \/><\/a>Hofbieber. Mit 345 Teilnehmern so gut besucht wie selten zuvor war die diesj\u00e4hrige Verbandsversammlung des Kreisfeuerwehrverbandes, die am 10.03.2012 wieder im Gemeindezentrum Hofbieber stattfand. Im Mittelpunkt standen die Neuwahlen des Vorstandes. Mit Spannung wurde auch der Bericht des neuen Kreisbrandinspektors (KBI) Dr. Bj\u00f6rn Steisel und seine Erkl\u00e4rung zu seiner Bewerbung als KBI f\u00fcr den Landkreis Kassel erwartet. \u00c2\u00a0<!--more--><br \/>\nBei seiner Begr\u00fc\u00dfung hatte der Vorsitzende Lothar Mihm eine beachtliche G\u00e4steliste \u201eabzuarbeiten\u201c. Neben 146 stimmberechtigten Delegierten konnte er unter anderem Landrat Bernd Woide und den 1. Kreisbeigeordneten Dr. Heiko Wingenfeld willkommen hei\u00dfen. Weiterhin begr\u00fc\u00dfte er den Brandschutzdezernenten des Regierungsbezirks Kassel Erwin Baumann, den Leiter der Hessischen Landesfeuerwehrschule Silvio Burlon und den Vorsitzenden des Bezirksfeuerwehrverbandes Kurhessen-Waldeck Werner B\u00e4hr.<\/p>\n<p>Ferner konnte Lothar Mihm als Hausherrn B\u00fcrgermeister Marcus Schafft sowie die Mitglieder des Kreisausschusses Alfred Metz, Winfried M\u00f6ller, Heribert Werner und Rita Baier willkommen hei\u00dfen. Weitere G\u00e4ste waren der Leiter der Polizeistation Hilders Walter Schmitt, f\u00fcr das Deutsche Rote Kreuz H\u00fcnfeld Frank Hohmann, f\u00fcr den Malteser Hilfsdienst Dr. Michael Karges und Detlev Reich f\u00fcr die Sparkassenversicherung. Von den sechs angrenzenden Landkreisen hatten f\u00fcnf Kreisfeuerwehrverb\u00e4nde einen Vertreter entsandt.<\/p>\n<p><a href=\"http:\/\/www.fuldaer-nachrichten.de\/wp-content\/uploads\/2012\/03\/kfv_vv_2012_saal.jpg\"><img decoding=\"async\" class=\"alignleft size-thumbnail wp-image-96127\" title=\"kfv_vv_2012_saal\" src=\"http:\/\/www.fuldaer-nachrichten.de\/wp-content\/uploads\/2012\/03\/kfv_vv_2012_saal-265x148.jpg\" alt=\"\" width=\"265\" height=\"148\" srcset=\"https:\/\/www.fuldaernachrichten.de\/wp-content\/uploads\/2012\/03\/kfv_vv_2012_saal-265x148.jpg 265w, https:\/\/www.fuldaernachrichten.de\/wp-content\/uploads\/2012\/03\/kfv_vv_2012_saal.jpg 600w\" sizes=\"(max-width: 265px) 100vw, 265px\" \/><\/a>In seinem Bericht betonte Lothar Mihm, dass der Schritt, die \u00c4mter von Kreisbrandinspektor und Verbandsvorsitzendem zu trennen, richtig und sinnvoll war. Mit den zunehmenden Aufgaben des Verbandes begr\u00fcndete Lothar Mihm die geplante Einstellung eines hauptamtlichen Gesch\u00e4ftsf\u00fchrers, dessen Dienstsitz an der Konrad-Adenauer-Schule in Petersberg sein wird. Diese Ma\u00dfnahme wird finanziell und materiell durch den Landkreis unterst\u00fctzt und Bewerbungen f\u00fcr dieses Amt liegen in der Zwischenzeit vor. Um die zahlreichen Lehrg\u00e4nge und Ausbildungsma\u00dfnahmen auf Landkreisebene auch weiterhin betreuen zu k\u00f6nnen, appellierte Lothar Mihm an die Versammlung, dass sich zus\u00e4tzliche Helfer f\u00fcr diese Aufgabe melden m\u00f6gen.<\/p>\n<p>Kreisbrandinspektor Dr. Bj\u00f6rn Steisel hob in seinem Bericht, in dem er sich ausdr\u00fccklich bei seinem Stellvertreter Bernd Sch\u00e4del f\u00fcr seine Unterst\u00fctzung bedankte, die laufende Beschaffungsma\u00dfnahme eines HLF 20\/16 f\u00fcr die Feuerwehr Hilders und eines LF 10\/6 f\u00fcr die Feuerwehr Eichenzell sowie den geplanten Neubau eines Feuerwehrhauses in Eichenzell-L\u00fctter hervor. Im umfangreichen Bereich der Ausbildung ging der KBI auf ein neu geschaffenes F\u00fchrungsseminar auf Gruppenf\u00fchrerebene ein, auf das es bisher ein durchweg positives Feedback gegeben habe. Die Mitgliederzahl in den Einsatzabteilungen des Landkreises Fulda habe 2011 am Jahresende 5170 betragen. Frauen in den Einsatzabteilungen seien inzwischen eine Selbstverst\u00e4ndlichkeit. Bei der Datenverarbeitung mit dem Programm FLORIX g\u00e4be es jedoch weiterhin L\u00fccken und Fehler, was bei der Auswertung zu Abweichungen bei den Mitgliederzahlen f\u00fchre; Dr. Steisel rief alle Verantwortlichen dazu auf, die Daten auf den aktuellen Stand zu bringen. Der Probebetrieb f\u00fcr den geplanten Digitalfunk sei f\u00fcr den Herbst 2012 geplant, der bisherige analoge Funkbetrieb laufe weiter, bis er sicher und vollst\u00e4ndig abgel\u00f6st werden k\u00f6nne.<\/p>\n<p>Mit Spannung war wohl von allen Versammlungsteilnehmern die Stellungnahme von Dr. Bj\u00f6rn Steisel zu seiner Bewerbung als Kreisbrandinspektor im Landkreis Kassel erwartet worden. Diese war durch einen Pressebericht wenige Tage zuvor \u00fcberraschend bekannt geworden und hatte bei vielen Feuerwehrleuten zu Irritationen gef\u00fchrt, zumal er durch seine Kompetenz und seine offene Art in den wenigen Monaten bereits offenkundig viel Sympathien erworben hatte.<\/p>\n<p>Seine Bewerbung auf die Stelle des KBIs im Landkreis Kassel, so erl\u00e4uterte Dr. Steisel, habe rein private Gr\u00fcnde, zur Zeit f\u00fchre er eine Wochenendbeziehung mit seiner Familie in Helsa. Dr. Steisel f\u00fchrte aus, dass er zun\u00e4chst nicht in das Auswahlverfahren einbezogen worden war, die Einbeziehung aber mittels eines gerichtlichen Eilverfahrens gegen\u00fcber dem Landkreis Kassel durchgesetzt habe. Die Personalentscheidung sei dann aber gegen ihn getroffen worden, worauf er ein weiteres Eilverfahren in Gang gesetzt habe, das derzeit beim Verwaltungsgericht noch laufe. Davon abh\u00e4ngig und offen bleibt derzeit also weiterhin die Frage, ob Dr. Steisel KBI des Landkreises Fulda bleibt oder nicht.<\/p>\n<p>Michael Knoth erkl\u00e4rte in seinem Bericht als Kreisjugendfeuerwehrwart, dass die Zahl der Jugendfeuerwehrgruppen in 2011 mit 134 konstant geblieben sei, die Mitgliederzahl sei leicht r\u00fcckl\u00e4ufig gewesen habe am Jahresende bei 1914 M\u00e4dchen und Jungen gelegen. Er hob die Arbeit der Jugendwarte und Betreuer hervor. H\u00f6hepunkte in 2011 waren das Kreisjugendfeuerwehrzeltlager in Burghaun und der Kreisjugendfeuerwehrtag in K\u00fcnzell-Pilgerzell, ganz besonders jedoch Teilnahme einer Gruppe Jugendlicher aus dem Landkreis an einem Zeltlager in Kroatien. Einstimmig best\u00e4tigt wurde durch die Verbandsversammlung der neu gew\u00e4hlte Kreisjugendfeuerwehrausschuss.<\/p>\n<p>Kreisstabf\u00fchrer Lothar Theisen stellte fest, dass 2011 die Zahl der Aktiven im Bereich der Feuerwehrmusik im Landkreis sich unver\u00e4ndert bei rund 500 eingependelt habe und diese in elf Musikz\u00fcgen organisiert seien. Es wurden 281 Proben und 236 Auftritte geleistet. Die Versammlung verabschiedete eine neu ausgearbeitete Gesch\u00e4ftsordnung f\u00fcr das Feuerwehrmusikwesen im Landkreis Fulda. Einstimmig genehmigt wurden der durch Gesch\u00e4ftsf\u00fchrer Bernd Veltum vorgelegte Kassenbericht 2011 sowie der Haushaltsplan f\u00fcr das laufende Jahr 2012.<\/p>\n<p>Unter Punkt 9 der Tagesordnung stellte der Vorsitzende Lothar Mihm die geplanten \u00c4nderungen der Satzung vor, die zum gro\u00dfen Teil wegen der geplanten Einstellung eines hauptamtlichen Gesch\u00e4ftsf\u00fchrers erforderlich geworden waren. Auch die Verabschiedung der neuen Satzung erfolgte einstimmig.<\/p>\n<p>Unter der Wahlleitung von Landrat Bernd Woide erfolgte die turnusgem\u00e4\u00dfe Neuwahl des gesamten Vorstands. Die Wiederwahl von Lothar Mihm als Vorsitzender erfolgte ebenso einstimmig wie die seiner Stellvertreterin Julia Roeschies, des Medienwarts Werner J\u00f6rges, des Kassenwarts Bernd Veltum sowie aller Beisitzer. Die Versammlung folgte bei der Besetzung aller Positionen dem Vorschlag des Vorstandes.<\/p>\n<p><a href=\"http:\/\/www.fuldaer-nachrichten.de\/wp-content\/uploads\/2012\/03\/kfv_vv_2012_ehrungen.jpg\"><img fetchpriority=\"high\" decoding=\"async\" class=\"alignleft size-thumbnail wp-image-96126\" title=\"kfv_vv_2012_ehrungen\" src=\"http:\/\/www.fuldaer-nachrichten.de\/wp-content\/uploads\/2012\/03\/kfv_vv_2012_ehrungen-265x198.jpg\" alt=\"\" width=\"265\" height=\"198\" srcset=\"https:\/\/www.fuldaernachrichten.de\/wp-content\/uploads\/2012\/03\/kfv_vv_2012_ehrungen-265x198.jpg 265w, https:\/\/www.fuldaernachrichten.de\/wp-content\/uploads\/2012\/03\/kfv_vv_2012_ehrungen.jpg 600w\" sizes=\"(max-width: 265px) 100vw, 265px\" \/><\/a>Lothar Mihm bedankte sich mit einem Geschenk bei den vom Vorstand auf eigenen Wunsch ausgeschiedenen Mitgliedern Michael Assenmacher, Karlfried Burkardt, Pia Krah und Marcus Schafft. Pia Krah erhielt als Auszeichnung f\u00fcr ihre langj\u00e4hrige Arbeit die St.-Floriansmedaille des Bezirksfeuerwehrverbandes Kurhessen-Waldeck in Silber am Band. Sowohl Lothar Mihm als auch Landrat Bernd Woide bedankten sich bei Bernd Sch\u00e4del f\u00fcr seine T\u00e4tigkeit als stellvetretender Verbandsvorsitzender aber auch als stellvertetender Kreisbrandinspektor besonders in der Vakanzzeit des KBI.<\/p>\n<p>In den Ansprachen und Gru\u00dfworten der G\u00e4ste wurde einhellig die Leistung und Organisation des Kreisfeuerwehrverbandes gelobt. Landrat Bernd Woide betonte seine Anerkennung unter anderem damit, dass der Landkreis die Einstellung eines hauptamtlichen Gesch\u00e4ftsf\u00fchrers unterst\u00fctzt. Im Bereich des Gefahrenabwehrzentrums werde der Landkreis k\u00fcnftig die Ausbildung zum gehobenen feuerwehrtechnischen Dienst anbieten. Silvio Burlon, Leiter der Hessischen Landesfeuerwehrschule in Kassel, hob die \u00fcberdurchschnittlich guten Ergebnisse bei Lehrgangsteilnehmern aus dem Landkreis Fulda hervor und gab einige Durchf\u00fchrungserl\u00e4uterungen zu dem neu eingef\u00fchrten \u201eFeuerwehrf\u00fchrerschein\u201c.<\/p>\n<p>Brandschutzdezernent Erwin Baumann \u00fcbermittelte die Gr\u00fc\u00dfe des Regierungspr\u00e4sidenten und der Landesregierung und lobte die gute Zusammenarbeit. Der Erste Polizeihauptkommissar Walter Schmitt als Vertreter des Polizeipr\u00e4sidiums Osthessen richtete sein Gru\u00dfwort an die Versammlung, indem er die Arbeit des Kreisfeuerwehrverbandes und der Landkreisfeuerwehren\u00c2\u00a0 mit den vier Stichpunkten \u201egut vorbereitet \u2013 zielgerichtet \u2013 kompetent \u2013 professionell\u201c beschrieb.<\/p>\n<p>Stellvertretend f\u00fcr die Hilfsorganisationen sprach Dr. Michael Karges (Malteser Hilfsdienst) und stellte dabei seinen Wunsch in den Mittelpunkt, dass die Hilfsdienste und die Feuerwehren auch in der Zukunft attraktiv f\u00fcr junge Menschen bleiben m\u00f6gen. Insbesondere in den Randgebieten des Landkreises d\u00fcrfte es schwer werden, k\u00fcnftig ausreichend Nachwuchs zu finden.<\/p>\n","protected":false},"excerpt":{"rendered":"<div class=\"tmnf_excerpt\"><p>Hofbieber. Mit 345 Teilnehmern so gut besucht wie selten zuvor war die diesj\u00e4hrige Verbandsversammlung des Kreisfeuerwehrverbandes, die am 10.03.2012 wieder im Gemeindezentrum Hofbieber stattfand. Im Mittelpunkt standen die Neuwahlen des Vorstandes. Mit Spannung wurde auch der Bericht des neuen Kreisbrandinspektors (KBI) Dr. Bj\u00f6rn Steisel und seine Erkl\u00e4rung zu seiner Bewerbung als KBI f\u00fcr den Landkreis &hellip;<\/p>\n<\/div>","protected":false},"author":1,"featured_media":0,"comment_status":"closed","ping_status":"closed","sticky":false,"template":"","format":"standard","meta":{"footnotes":""},"categories":[1,71],"tags":[],"class_list":["post-96124","post","type-post","status-publish","format-standard","hentry","category-startseite","category-feuerwehr"],"_links":{"self":[{"href":"https:\/\/www.fuldaernachrichten.de\/index.php?rest_route=\/wp\/v2\/posts\/96124","targetHints":{"allow":["GET"]}}],"collection":[{"href":"https:\/\/www.fuldaernachrichten.de\/index.php?rest_route=\/wp\/v2\/posts"}],"about":[{"href":"https:\/\/www.fuldaernachrichten.de\/index.php?rest_route=\/wp\/v2\/types\/post"}],"author":[{"embeddable":true,"href":"https:\/\/www.fuldaernachrichten.de\/index.php?rest_route=\/wp\/v2\/users\/1"}],"replies":[{"embeddable":true,"href":"https:\/\/www.fuldaernachrichten.de\/index.php?rest_route=%2Fwp%2Fv2%2Fcomments&post=96124"}],"version-history":[{"count":0,"href":"https:\/\/www.fuldaernachrichten.de\/index.php?rest_route=\/wp\/v2\/posts\/96124\/revisions"}],"wp:attachment":[{"href":"https:\/\/www.fuldaernachrichten.de\/index.php?rest_route=%2Fwp%2Fv2%2Fmedia&parent=96124"}],"wp:term":[{"taxonomy":"category","embeddable":true,"href":"https:\/\/www.fuldaernachrichten.de\/index.php?rest_route=%2Fwp%2Fv2%2Fcategories&post=96124"},{"taxonomy":"post_tag","embeddable":true,"href":"https:\/\/www.fuldaernachrichten.de\/index.php?rest_route=%2Fwp%2Fv2%2Ftags&post=96124"}],"curies":[{"name":"wp","href":"https:\/\/api.w.org\/{rel}","templated":true}]}}