{"id":95817,"date":"2012-03-02T00:12:22","date_gmt":"2012-03-02T00:12:22","guid":{"rendered":"http:\/\/www.fuldaer-nachrichten.de\/?p=95817"},"modified":"2012-03-01T17:29:40","modified_gmt":"2012-03-01T17:29:40","slug":"feuerwehr-grosenluder-fur-die-unfallrettung-gut-ausgerustet-glasmanagement-koffer-ubergeben","status":"publish","type":"post","link":"https:\/\/www.fuldaernachrichten.de\/?p=95817","title":{"rendered":"Feuerwehr Gro\u00dfenl\u00fcder f\u00fcr die Unfallrettung gut ausger\u00fcstet -\u201eGlasmanagement-Koffer\u201c \u00fcbergeben"},"content":{"rendered":"<p><a href=\"http:\/\/www.fuldaer-nachrichten.de\/wp-content\/uploads\/2012\/03\/feuerwehr_koffer.jpg\"><img fetchpriority=\"high\" decoding=\"async\" class=\"alignleft size-thumbnail wp-image-95818\" title=\"feuerwehr_koffer\" src=\"http:\/\/www.fuldaer-nachrichten.de\/wp-content\/uploads\/2012\/03\/feuerwehr_koffer-265x198.jpg\" alt=\"\" width=\"265\" height=\"198\" srcset=\"https:\/\/www.fuldaernachrichten.de\/wp-content\/uploads\/2012\/03\/feuerwehr_koffer-265x198.jpg 265w, https:\/\/www.fuldaernachrichten.de\/wp-content\/uploads\/2012\/03\/feuerwehr_koffer.jpg 600w\" sizes=\"(max-width: 265px) 100vw, 265px\" \/><\/a>Gro\u00dfenl\u00fcder. Verkehrsunf\u00e4lle und Technische Hilfeleistung haben einen Anteil von ca. 60 \u2013 70 % am j\u00e4hrlichen Einsatzaufkommen der Feuerwehren der Gemeinde Gro\u00dfenl\u00fcder. Oft treffen die Feuerwehrkr\u00e4fte vor Ort als erste an einer Unfallstelle ein. Dabei ist, besonders bei eingeklemmten Personen, die Erst- bzw. Betreuungs\u00f6ffnung des Fahrzeuges aus rettungstechnischer Sicht und f\u00fcr eine verletzungsorientierte Rettung enorm wichtig.<!--more--><\/p>\n<p>Die Feuerwehren der Gemeinde Gro\u00dfenl\u00fcder wurden daher alle mit einem \u201eGlasmanagement-Set\u201c ausgestattet. In den Koffern ist entsprechendes Werkzeug enthalten, dass besonders zur \u00d6ffnung der Glasscheiben notwendig ist, damit die Feuerwehrkr\u00e4fte so m\u00f6glichst schnell direkten Kontakt zu den Verletzten herstellen und sofort wirksame Hilfe leisten k\u00f6nnen. Vor dem Einsatz des schweren \u201eHydraulischen Rettungsger\u00e4tes\u201c der St\u00fctzpunktfeuerwehr k\u00f6nnen die Vitalfunktionen der eingeschlossenen bzw. eingeklemmten Person \u00fcberpr\u00fcft und eine entsprechende Strategie zur Rettung besprochen werden. Der eintreffende Notarzt kann sofort durch die Betreuungs\u00f6ffnung t\u00e4tig werden.<\/p>\n<p>B\u00fcrgermeister Werner Dietrich und die f\u00fcr die Feuerwehr zust\u00e4ndige Sachbearbeiterin Claudia Renz konnten jetzt die neu angeschafften Koffer im Wert von 1.200 \u00e2\u201a\u00ac an die Verantwortlichen der Ortsteilwehren \u00fcbergeben.\u201eDie Anschaffung ist ein Gewinn zur Sicherheit der Einwohner in der Gro\u00dfgemeinde\u201c, betonte der Gemeindebrandinspektor J\u00fcrgen Reinhardt.<\/p>\n","protected":false},"excerpt":{"rendered":"<div class=\"tmnf_excerpt\"><p>Gro\u00dfenl\u00fcder. Verkehrsunf\u00e4lle und Technische Hilfeleistung haben einen Anteil von ca. 60 \u2013 70 % am j\u00e4hrlichen Einsatzaufkommen der Feuerwehren der Gemeinde Gro\u00dfenl\u00fcder. Oft treffen die Feuerwehrkr\u00e4fte vor Ort als erste an einer Unfallstelle ein. Dabei ist, besonders bei eingeklemmten Personen, die Erst- bzw. Betreuungs\u00f6ffnung des Fahrzeuges aus rettungstechnischer Sicht und f\u00fcr eine verletzungsorientierte Rettung enorm &hellip;<\/p>\n<\/div>","protected":false},"author":1,"featured_media":0,"comment_status":"closed","ping_status":"closed","sticky":false,"template":"","format":"standard","meta":{"footnotes":""},"categories":[1,71],"tags":[],"class_list":["post-95817","post","type-post","status-publish","format-standard","hentry","category-startseite","category-feuerwehr"],"_links":{"self":[{"href":"https:\/\/www.fuldaernachrichten.de\/index.php?rest_route=\/wp\/v2\/posts\/95817","targetHints":{"allow":["GET"]}}],"collection":[{"href":"https:\/\/www.fuldaernachrichten.de\/index.php?rest_route=\/wp\/v2\/posts"}],"about":[{"href":"https:\/\/www.fuldaernachrichten.de\/index.php?rest_route=\/wp\/v2\/types\/post"}],"author":[{"embeddable":true,"href":"https:\/\/www.fuldaernachrichten.de\/index.php?rest_route=\/wp\/v2\/users\/1"}],"replies":[{"embeddable":true,"href":"https:\/\/www.fuldaernachrichten.de\/index.php?rest_route=%2Fwp%2Fv2%2Fcomments&post=95817"}],"version-history":[{"count":0,"href":"https:\/\/www.fuldaernachrichten.de\/index.php?rest_route=\/wp\/v2\/posts\/95817\/revisions"}],"wp:attachment":[{"href":"https:\/\/www.fuldaernachrichten.de\/index.php?rest_route=%2Fwp%2Fv2%2Fmedia&parent=95817"}],"wp:term":[{"taxonomy":"category","embeddable":true,"href":"https:\/\/www.fuldaernachrichten.de\/index.php?rest_route=%2Fwp%2Fv2%2Fcategories&post=95817"},{"taxonomy":"post_tag","embeddable":true,"href":"https:\/\/www.fuldaernachrichten.de\/index.php?rest_route=%2Fwp%2Fv2%2Ftags&post=95817"}],"curies":[{"name":"wp","href":"https:\/\/api.w.org\/{rel}","templated":true}]}}