{"id":95807,"date":"2012-03-02T00:10:12","date_gmt":"2012-03-02T00:10:12","guid":{"rendered":"http:\/\/www.fuldaer-nachrichten.de\/?p=95807"},"modified":"2012-03-01T17:16:42","modified_gmt":"2012-03-01T17:16:42","slug":"kartenverkauf-fur-den-11-fuldaer-zukunftssalon-hat-begonnen","status":"publish","type":"post","link":"https:\/\/www.fuldaernachrichten.de\/?p=95807","title":{"rendered":"Kartenverkauf f\u00fcr den 11. Fuldaer ZukunftsSalon hat begonnen"},"content":{"rendered":"<p>Fulda (cp). Im Rahmen des 11. Fuldaer ZukunftsSalons \u2013 einer gemeinsamen Veranstaltung von Stadt und Hochschule Fulda \u2013 referiert am 16. April 2012 um 19.00 Uhr der Quantenphysiker Dr. Michael K\u00f6nig (Starnberg). Ausgehend von neuesten Forschungsergebnissen in der Bio- und Quantenphysik erl\u00e4utert er mit anschaulichen Modellen, wie Elementarteilchen durch Quantenfelder die Lebensprozesse in unseren Zellen steuern, und wie damit auch die Struktur des menschlichen Bewusstseins beschrieben werden kann. Der Referent macht mit seinen Ausf\u00fchrungen deutlich, wie diese Erkenntnisse einen nachhaltigen Paradigmenwechsel in den Natur-und Geisteswissenschaften bewirken. K\u00f6nigs These: Das materialistische Weltbild ist \u00fcberholt \u2013 Geist und Materie bilden eine Einheit.<!--more--><br \/>\n<strong>Renommierter Naturwissenschaftler<\/strong><\/p>\n<p>Dr. Michael K\u00f6nig ist Quantenphysiker und Autor. Bei der Siemens AG in M\u00fcnchen erforschte er Quanteneffekte in der Mikroelektronik und heute leitet er ein privates Forschungsinstitut in Tutzing am Starnberger See bei M\u00fcnchen. Zentraler Gegenstand seiner inzwischen fast 30-j\u00e4hrigen Forschung ist die Erforschung des Zusammenhangs von Geist und Materie. Michael K\u00f6nig entwickelte sich durch seine ganzheitlichen Gedankenans\u00e4tze zu einem Wegbereiter der Neuen Physik und des Paradigmenwechsels. Der renommierte Naturwissenschaftler ist ein gefragter Referent und Dozent auf internationalen Kongressen, an Universit\u00e4ten und in wissenschaftlichen Dokumentarfilmen. Der ZukunftsSalon wird wieder begleitet von Frank Tischer am Fl\u00fcgel. Karten (3,00 \u00e2\u201a\u00ac) gibt es im B\u00fcrgerb\u00fcro der Stadt Fulda.<\/p>\n","protected":false},"excerpt":{"rendered":"<div class=\"tmnf_excerpt\"><p>Fulda (cp). Im Rahmen des 11. Fuldaer ZukunftsSalons \u2013 einer gemeinsamen Veranstaltung von Stadt und Hochschule Fulda \u2013 referiert am 16. April 2012 um 19.00 Uhr der Quantenphysiker Dr. Michael K\u00f6nig (Starnberg). Ausgehend von neuesten Forschungsergebnissen in der Bio- und Quantenphysik erl\u00e4utert er mit anschaulichen Modellen, wie Elementarteilchen durch Quantenfelder die Lebensprozesse in unseren Zellen &hellip;<\/p>\n<\/div>","protected":false},"author":1,"featured_media":0,"comment_status":"closed","ping_status":"closed","sticky":false,"template":"","format":"standard","meta":{"footnotes":""},"categories":[1,29,48],"tags":[],"class_list":["post-95807","post","type-post","status-publish","format-standard","hentry","category-startseite","category-politik","category-forschung"],"_links":{"self":[{"href":"https:\/\/www.fuldaernachrichten.de\/index.php?rest_route=\/wp\/v2\/posts\/95807","targetHints":{"allow":["GET"]}}],"collection":[{"href":"https:\/\/www.fuldaernachrichten.de\/index.php?rest_route=\/wp\/v2\/posts"}],"about":[{"href":"https:\/\/www.fuldaernachrichten.de\/index.php?rest_route=\/wp\/v2\/types\/post"}],"author":[{"embeddable":true,"href":"https:\/\/www.fuldaernachrichten.de\/index.php?rest_route=\/wp\/v2\/users\/1"}],"replies":[{"embeddable":true,"href":"https:\/\/www.fuldaernachrichten.de\/index.php?rest_route=%2Fwp%2Fv2%2Fcomments&post=95807"}],"version-history":[{"count":0,"href":"https:\/\/www.fuldaernachrichten.de\/index.php?rest_route=\/wp\/v2\/posts\/95807\/revisions"}],"wp:attachment":[{"href":"https:\/\/www.fuldaernachrichten.de\/index.php?rest_route=%2Fwp%2Fv2%2Fmedia&parent=95807"}],"wp:term":[{"taxonomy":"category","embeddable":true,"href":"https:\/\/www.fuldaernachrichten.de\/index.php?rest_route=%2Fwp%2Fv2%2Fcategories&post=95807"},{"taxonomy":"post_tag","embeddable":true,"href":"https:\/\/www.fuldaernachrichten.de\/index.php?rest_route=%2Fwp%2Fv2%2Ftags&post=95807"}],"curies":[{"name":"wp","href":"https:\/\/api.w.org\/{rel}","templated":true}]}}