{"id":9570,"date":"2008-05-26T01:01:19","date_gmt":"2008-05-25T23:01:19","guid":{"rendered":"http:\/\/www.schoene-nachrichten.de\/?p=9570"},"modified":"2008-06-07T12:09:42","modified_gmt":"2008-06-07T10:09:42","slug":"koch-auch-in-alsfeld-weiterhin-im-erfolgsrausch","status":"publish","type":"post","link":"https:\/\/www.fuldaernachrichten.de\/?p=9570","title":{"rendered":"Koch auch in Alsfeld weiterhin im Erfolgsrausch"},"content":{"rendered":"<p><strong>Motorsport.<\/strong> Am vergangenen Wochenende lud die SFG Vogelsberg zur 13. ADAC Rallye &#8220;Rund um Alsfeld&#8221; in das neue Rallyezentrum an der Hessenhalle in Alsfeld ein. Ann\u00e4hernd 60 Teams fanden den Weg nach Alsfeld, um an den 6 Wertungspr\u00fcfungen \u00fcber 34 Kilometer und einer Gesamtstreckenl\u00e4nge von 99 Kilometern teilzunehmen. Um 14:26 Uhr ging das Team Koch \/ Assmann (Opel Kadett C-Coupe), die auch als Favoriten der Rallye galten, am Rundkurs in Berfa an den Start.<\/p>\n<p><strong>Fotos (22):<\/strong> Marco Hellwig<\/p>\n<p><a title=\"Foto: Marco Hellwig\" rel=\"lightbox[roadtrip]\" href=\"http:\/\/www.schoene-nachrichten.de\/wp-content\/uploads\/2008\/Marco\/080526_rallye-alsfeld_006.jpg\" target=\"_blank\"><img decoding=\"async\" src=\"http:\/\/www.schoene-nachrichten.de\/wp-content\/uploads\/2008\/Marco\/080526_rallye-alsfeld_006.thumbnail.jpg\" alt=\"080526_rallye-alsfeld_006.jpg\" width=\"128\" \/><\/a><a title=\"Foto: Marco Hellwig\" rel=\"lightbox[roadtrip]\" href=\"http:\/\/www.schoene-nachrichten.de\/wp-content\/uploads\/2008\/Marco\/080526_rallye-alsfeld_001.jpg\" target=\"_blank\"><\/a>\u00c2\u00a0<a title=\"Foto: Marco Hellwig\" rel=\"lightbox[roadtrip]\" href=\"http:\/\/www.schoene-nachrichten.de\/wp-content\/uploads\/2008\/Marco\/080526_rallye-alsfeld_002.jpg\" target=\"_blank\"><img decoding=\"async\" src=\"http:\/\/www.schoene-nachrichten.de\/wp-content\/uploads\/2008\/Marco\/080526_rallye-alsfeld_002.thumbnail.jpg\" alt=\"080526_rallye-alsfeld_002.jpg\" width=\"128\" \/><\/a> <a title=\"Foto: Marco Hellwig\" rel=\"lightbox[roadtrip]\" href=\"http:\/\/www.schoene-nachrichten.de\/wp-content\/uploads\/2008\/Marco\/080526_rallye-alsfeld_007.jpg\" target=\"_blank\"><img decoding=\"async\" src=\"http:\/\/www.schoene-nachrichten.de\/wp-content\/uploads\/2008\/Marco\/080526_rallye-alsfeld_007.thumbnail.jpg\" alt=\"080526_rallye-alsfeld_007.jpg\" width=\"128\" \/><\/a><a title=\"Foto: Marco Hellwig\" rel=\"lightbox[roadtrip]\" href=\"http:\/\/www.schoene-nachrichten.de\/wp-content\/uploads\/2008\/Marco\/080526_rallye-alsfeld_003.jpg\" target=\"_blank\"><\/a><\/p>\n<p><a title=\"Foto: Marco Hellwig\" rel=\"lightbox[roadtrip]\" href=\"http:\/\/www.schoene-nachrichten.de\/wp-content\/uploads\/2008\/Marco\/080526_rallye-alsfeld_010.jpg\" target=\"_blank\"><img decoding=\"async\" src=\"http:\/\/www.schoene-nachrichten.de\/wp-content\/uploads\/2008\/Marco\/080526_rallye-alsfeld_010.thumbnail.jpg\" alt=\"080526_rallye-alsfeld_010.jpg\" width=\"128\" \/><\/a>\u00c2\u00a0<a title=\"Foto: Marco Hellwig\" rel=\"lightbox[roadtrip]\" href=\"http:\/\/www.schoene-nachrichten.de\/wp-content\/uploads\/2008\/Marco\/080526_rallye-alsfeld_003.jpg\" target=\"_blank\"><img decoding=\"async\" src=\"http:\/\/www.schoene-nachrichten.de\/wp-content\/uploads\/2008\/Marco\/080526_rallye-alsfeld_003.thumbnail.jpg\" alt=\"080526_rallye-alsfeld_003.jpg\" width=\"128\" \/><\/a><a title=\"Foto: Marco Hellwig\" rel=\"lightbox[roadtrip]\" href=\"http:\/\/www.schoene-nachrichten.de\/wp-content\/uploads\/2008\/Marco\/080526_rallye-alsfeld_007.jpg\" target=\"_blank\"><\/a><a title=\"Foto: Marco Hellwig\" rel=\"lightbox[roadtrip]\" href=\"http:\/\/www.schoene-nachrichten.de\/wp-content\/uploads\/2008\/Marco\/080526_rallye-alsfeld_004.jpg\" target=\"_blank\"><\/a>\u00c2\u00a0<a title=\"Foto: Marco Hellwig\" rel=\"lightbox[roadtrip]\" href=\"http:\/\/www.schoene-nachrichten.de\/wp-content\/uploads\/2008\/Marco\/080526_rallye-alsfeld_017.jpg\" target=\"_blank\"><img decoding=\"async\" src=\"http:\/\/www.schoene-nachrichten.de\/wp-content\/uploads\/2008\/Marco\/080526_rallye-alsfeld_017.thumbnail.jpg\" alt=\"080526_rallye-alsfeld_017.jpg\" width=\"128\" \/><\/a><a title=\"Foto: Marco Hellwig\" rel=\"lightbox[roadtrip]\" href=\"http:\/\/www.schoene-nachrichten.de\/wp-content\/uploads\/2008\/Marco\/080526_rallye-alsfeld_006.jpg\" target=\"_blank\"><\/a><\/p>\n<p><!--more--><br \/>\nBereits auf der ersten Wertungspr\u00fcfung musste das Team Bramm \/ Lippert ihren Sierra Cosworth mit zwei abgerissenen Antriebswellen abstellen. Ebenfalls in Berfa, jedoch auf WP 4 fiel das Team Schuhej \/ Timmer mit einem technischen Defekt aus, was f\u00fcr die beiden doppelt schlimm war, denn bereits am vergangenen Wochenende mussten sie einen &#8220;Nuller&#8221; verbuchen. Die WP Berfa wird auch dem Team Weber \/ Vetter noch lange in Erinnerung bleiben. Dort wurde mit ihrem Audi S2 die F\u00e4higkeit &#8220;auf dem Dach fahren&#8221; getestet, was leider nicht den gew\u00fcnschten Erfolg brachte und ebenfalls das Aus f\u00fcr die beiden bedeutete.<\/p>\n<p><a title=\"Foto: Marco Hellwig\" rel=\"lightbox[roadtrip]\" href=\"http:\/\/www.schoene-nachrichten.de\/wp-content\/uploads\/2008\/Marco\/080526_rallye-alsfeld_007.jpg\" target=\"_blank\"><\/a><a title=\"Foto: Marco Hellwig\" rel=\"lightbox[roadtrip]\" href=\"http:\/\/www.schoene-nachrichten.de\/wp-content\/uploads\/2008\/Marco\/080526_rallye-alsfeld_004.jpg\" target=\"_blank\"><img decoding=\"async\" src=\"http:\/\/www.schoene-nachrichten.de\/wp-content\/uploads\/2008\/Marco\/080526_rallye-alsfeld_004.thumbnail.jpg\" alt=\"080526_rallye-alsfeld_004.jpg\" width=\"128\" \/><\/a>\u00c2\u00a0<a title=\"Foto: Marco Hellwig\" rel=\"lightbox[roadtrip]\" href=\"http:\/\/www.schoene-nachrichten.de\/wp-content\/uploads\/2008\/Marco\/080526_rallye-alsfeld_008.jpg\" target=\"_blank\"><img decoding=\"async\" src=\"http:\/\/www.schoene-nachrichten.de\/wp-content\/uploads\/2008\/Marco\/080526_rallye-alsfeld_008.thumbnail.jpg\" alt=\"080526_rallye-alsfeld_008.jpg\" width=\"128\" \/><\/a> <a title=\"Foto: Marco Hellwig\" rel=\"lightbox[roadtrip]\" href=\"http:\/\/www.schoene-nachrichten.de\/wp-content\/uploads\/2008\/Marco\/080526_rallye-alsfeld_009.jpg\" target=\"_blank\"><img decoding=\"async\" src=\"http:\/\/www.schoene-nachrichten.de\/wp-content\/uploads\/2008\/Marco\/080526_rallye-alsfeld_009.thumbnail.jpg\" alt=\"080526_rallye-alsfeld_009.jpg\" width=\"128\" \/><\/a><\/p>\n<p><a title=\"Foto: Marco Hellwig\" rel=\"lightbox[roadtrip]\" href=\"http:\/\/www.schoene-nachrichten.de\/wp-content\/uploads\/2008\/Marco\/080526_rallye-alsfeld_010.jpg\" target=\"_blank\"><\/a><a title=\"Foto: Marco Hellwig\" rel=\"lightbox[roadtrip]\" href=\"http:\/\/www.schoene-nachrichten.de\/wp-content\/uploads\/2008\/Marco\/080526_rallye-alsfeld_005.jpg\" target=\"_blank\"><img decoding=\"async\" src=\"http:\/\/www.schoene-nachrichten.de\/wp-content\/uploads\/2008\/Marco\/080526_rallye-alsfeld_005.thumbnail.jpg\" alt=\"080526_rallye-alsfeld_005.jpg\" width=\"128\" \/><\/a>\u00c2\u00a0<a title=\"Foto: Marco Hellwig\" rel=\"lightbox[roadtrip]\" href=\"http:\/\/www.schoene-nachrichten.de\/wp-content\/uploads\/2008\/Marco\/080526_rallye-alsfeld_011.jpg\" target=\"_blank\"><img decoding=\"async\" src=\"http:\/\/www.schoene-nachrichten.de\/wp-content\/uploads\/2008\/Marco\/080526_rallye-alsfeld_011.thumbnail.jpg\" alt=\"080526_rallye-alsfeld_011.jpg\" width=\"128\" \/><\/a> <a title=\"Foto: Marco Hellwig\" rel=\"lightbox[roadtrip]\" href=\"http:\/\/www.schoene-nachrichten.de\/wp-content\/uploads\/2008\/Marco\/080526_rallye-alsfeld_012.jpg\" target=\"_blank\"><img decoding=\"async\" src=\"http:\/\/www.schoene-nachrichten.de\/wp-content\/uploads\/2008\/Marco\/080526_rallye-alsfeld_012.thumbnail.jpg\" alt=\"080526_rallye-alsfeld_012.jpg\" width=\"128\" \/><\/a><\/p>\n<p>Ebenfalls eine sehr sch\u00f6ne Wertungspr\u00fcfung war der Rundkurs in Schwabenrod, wo das Team Rausch \/ Sch\u00e4fer die Bestmarke setzen konnte. Vom Start aus weit einsehbar und damit ein sch\u00f6ner Zuschauerkurs, den die SFG Vogelsberg auch im kommenden Jahr erneut als Wertungspr\u00fcfung bestimmen wird. Dicht an Kochs Fersen hefteten sich gleich 2 Teams: Rausch \/ Sch\u00e4fer (Opel Ascona B 16V) und Geist \/ Glatzel (BMW Compact). Jedoch konnte Koch den kleinen Vorsprung bis ins Ziel fortsetzen und gewann die diesj\u00e4hrige Rallye &#8220;Rund um Alsfeld&#8221;.<\/p>\n<p><a title=\"Foto: Marco Hellwig\" rel=\"lightbox[roadtrip]\" href=\"http:\/\/www.schoene-nachrichten.de\/wp-content\/uploads\/2008\/Marco\/080526_rallye-alsfeld_013.jpg\" target=\"_blank\"><img decoding=\"async\" src=\"http:\/\/www.schoene-nachrichten.de\/wp-content\/uploads\/2008\/Marco\/080526_rallye-alsfeld_013.thumbnail.jpg\" alt=\"080526_rallye-alsfeld_013.jpg\" width=\"128\" \/><\/a> <a title=\"Foto: Marco Hellwig\" rel=\"lightbox[roadtrip]\" href=\"http:\/\/www.schoene-nachrichten.de\/wp-content\/uploads\/2008\/Marco\/080526_rallye-alsfeld_014.jpg\" target=\"_blank\"><img decoding=\"async\" src=\"http:\/\/www.schoene-nachrichten.de\/wp-content\/uploads\/2008\/Marco\/080526_rallye-alsfeld_014.thumbnail.jpg\" alt=\"080526_rallye-alsfeld_014.jpg\" width=\"128\" \/><\/a> <a title=\"Foto: Marco Hellwig\" rel=\"lightbox[roadtrip]\" href=\"http:\/\/www.schoene-nachrichten.de\/wp-content\/uploads\/2008\/Marco\/080526_rallye-alsfeld_015.jpg\" target=\"_blank\"><img decoding=\"async\" src=\"http:\/\/www.schoene-nachrichten.de\/wp-content\/uploads\/2008\/Marco\/080526_rallye-alsfeld_015.thumbnail.jpg\" alt=\"080526_rallye-alsfeld_015.jpg\" width=\"128\" \/><\/a><\/p>\n<p><a title=\"Foto: Marco Hellwig\" rel=\"lightbox[roadtrip]\" href=\"http:\/\/www.schoene-nachrichten.de\/wp-content\/uploads\/2008\/Marco\/080526_rallye-alsfeld_016.jpg\" target=\"_blank\"><img decoding=\"async\" src=\"http:\/\/www.schoene-nachrichten.de\/wp-content\/uploads\/2008\/Marco\/080526_rallye-alsfeld_016.thumbnail.jpg\" alt=\"080526_rallye-alsfeld_016.jpg\" width=\"128\" \/><\/a>\u00c2\u00a0<a title=\"Foto: Marco Hellwig\" rel=\"lightbox[roadtrip]\" href=\"http:\/\/www.schoene-nachrichten.de\/wp-content\/uploads\/2008\/Marco\/080526_rallye-alsfeld_001.jpg\" target=\"_blank\"><img decoding=\"async\" src=\"http:\/\/www.schoene-nachrichten.de\/wp-content\/uploads\/2008\/Marco\/080526_rallye-alsfeld_001.thumbnail.jpg\" alt=\"080526_rallye-alsfeld_001.jpg\" width=\"128\" \/><\/a><a title=\"Foto: Marco Hellwig\" rel=\"lightbox[roadtrip]\" href=\"http:\/\/www.schoene-nachrichten.de\/wp-content\/uploads\/2008\/Marco\/080526_rallye-alsfeld_017.jpg\" target=\"_blank\"><\/a> <a title=\"Foto: Marco Hellwig\" rel=\"lightbox[roadtrip]\" href=\"http:\/\/www.schoene-nachrichten.de\/wp-content\/uploads\/2008\/Marco\/080526_rallye-alsfeld_018.jpg\" target=\"_blank\"><img decoding=\"async\" src=\"http:\/\/www.schoene-nachrichten.de\/wp-content\/uploads\/2008\/Marco\/080526_rallye-alsfeld_018.thumbnail.jpg\" alt=\"080526_rallye-alsfeld_018.jpg\" width=\"128\" \/><\/a><\/p>\n<p>Weitere Infos zur Rallye unter:\u00c2\u00a0 <a href=\"http:\/\/www.sfg-vogelsberg.de\">http:\/\/www.sfg-vogelsberg.de<\/a>.<\/p>\n<p><a title=\"Foto: Marco Hellwig\" rel=\"lightbox[roadtrip]\" href=\"http:\/\/www.schoene-nachrichten.de\/wp-content\/uploads\/2008\/Marco\/080526_rallye-alsfeld_019.jpg\" target=\"_blank\"><img decoding=\"async\" src=\"http:\/\/www.schoene-nachrichten.de\/wp-content\/uploads\/2008\/Marco\/080526_rallye-alsfeld_019.thumbnail.jpg\" alt=\"080526_rallye-alsfeld_019.jpg\" width=\"128\" \/><\/a> <a title=\"Foto: Marco Hellwig\" rel=\"lightbox[roadtrip]\" href=\"http:\/\/www.schoene-nachrichten.de\/wp-content\/uploads\/2008\/Marco\/080526_rallye-alsfeld_020.jpg\" target=\"_blank\"><img decoding=\"async\" src=\"http:\/\/www.schoene-nachrichten.de\/wp-content\/uploads\/2008\/Marco\/080526_rallye-alsfeld_020.thumbnail.jpg\" alt=\"080526_rallye-alsfeld_020.jpg\" width=\"128\" \/><\/a> <a title=\"Foto: Marco Hellwig\" rel=\"lightbox[roadtrip]\" href=\"http:\/\/www.schoene-nachrichten.de\/wp-content\/uploads\/2008\/Marco\/080526_rallye-alsfeld_021.jpg\" target=\"_blank\"><img decoding=\"async\" src=\"http:\/\/www.schoene-nachrichten.de\/wp-content\/uploads\/2008\/Marco\/080526_rallye-alsfeld_021.thumbnail.jpg\" alt=\"080526_rallye-alsfeld_021.jpg\" width=\"128\" \/><\/a><\/p>\n<p><a title=\"Foto: Marco Hellwig\" rel=\"lightbox[roadtrip]\" href=\"http:\/\/www.schoene-nachrichten.de\/wp-content\/uploads\/2008\/Marco\/080526_rallye-alsfeld_022.jpg\" target=\"_blank\"><img decoding=\"async\" src=\"http:\/\/www.schoene-nachrichten.de\/wp-content\/uploads\/2008\/Marco\/080526_rallye-alsfeld_022.thumbnail.jpg\" alt=\"080526_rallye-alsfeld_022.jpg\" width=\"128\" \/><\/a><\/p>\n<p><strong>Endergebnis der 13. ADAC Rallye &#8220;Rund um Alsfeld&#8221;:<br \/>\n<\/strong>01. Koch Marco \/ Assmann Stefan\u00c2\u00a0\u00c2\u00a0\u00c2\u00a0 Opel Kadett C\u00c2\u00a0 20:14,7<br \/>\n02. Rausch Michael \/ Sch\u00e4fer Thomas\u00c2\u00a0\u00c2\u00a0 Opel Ascona B 16V 20:25,9<br \/>\n03. Geist J\u00fcrgen \/ Glatzel Sebastian\u00c2\u00a0\u00c2\u00a0\u00c2\u00a0 BMW M3 Kompakt 20:36,9<br \/>\n04. Schiffmann Udo \/ Matejka Sandro\u00c2\u00a0\u00c2\u00a0 BMW M3\u00c2\u00a0 20:40,9<br \/>\n05. Schmidtmeister Markus \/ Schmidtmeister Thomas BMW 320is\u00c2\u00a0 21:00,6<br \/>\n06. Kiehm Uwe \/ Ziebuhr Heiko\u00c2\u00a0\u00c2\u00a0\u00c2\u00a0 Opel Kadett C\u00c2\u00a0 21:00,8<br \/>\n07. Jerlitschka Paul \/ Moch Dietmar\u00c2\u00a0\u00c2\u00a0 Ford Escort RS 2000 21:08,6<br \/>\n08. Reindl Rudolf \/ Ehrle Michael\u00c2\u00a0\u00c2\u00a0\u00c2\u00a0 Ford Escort Cosworth 21:33,7<br \/>\n09. Gutbier Andreas \/ Winning Matthias\u00c2\u00a0\u00c2\u00a0 VW Golf GTI 16V 21:44,6<br \/>\n10. Fr\u00e4nzke Wilfried \/ Fr\u00e4nzke Kerstin\u00c2\u00a0\u00c2\u00a0 VW Golf II 16V\u00c2\u00a0 22:00,3<\/p>\n","protected":false},"excerpt":{"rendered":"<div class=\"tmnf_excerpt\"><p>Motorsport. Am vergangenen Wochenende lud die SFG Vogelsberg zur 13. ADAC Rallye &#8220;Rund um Alsfeld&#8221; in das neue Rallyezentrum an der Hessenhalle in Alsfeld ein. Ann\u00e4hernd 60 Teams fanden den Weg nach Alsfeld, um an den 6 Wertungspr\u00fcfungen \u00fcber 34 Kilometer und einer Gesamtstreckenl\u00e4nge von 99 Kilometern teilzunehmen. Um 14:26 Uhr ging das Team Koch &hellip;<\/p>\n<\/div>","protected":false},"author":1,"featured_media":0,"comment_status":"closed","ping_status":"closed","sticky":false,"template":"","format":"standard","meta":{"footnotes":""},"categories":[1,35,54,72,46],"tags":[],"class_list":["post-9570","post","type-post","status-publish","format-standard","hentry","category-startseite","category-auto","category-bildergalerien","category-jugend","category-sport"],"_links":{"self":[{"href":"https:\/\/www.fuldaernachrichten.de\/index.php?rest_route=\/wp\/v2\/posts\/9570","targetHints":{"allow":["GET"]}}],"collection":[{"href":"https:\/\/www.fuldaernachrichten.de\/index.php?rest_route=\/wp\/v2\/posts"}],"about":[{"href":"https:\/\/www.fuldaernachrichten.de\/index.php?rest_route=\/wp\/v2\/types\/post"}],"author":[{"embeddable":true,"href":"https:\/\/www.fuldaernachrichten.de\/index.php?rest_route=\/wp\/v2\/users\/1"}],"replies":[{"embeddable":true,"href":"https:\/\/www.fuldaernachrichten.de\/index.php?rest_route=%2Fwp%2Fv2%2Fcomments&post=9570"}],"version-history":[{"count":0,"href":"https:\/\/www.fuldaernachrichten.de\/index.php?rest_route=\/wp\/v2\/posts\/9570\/revisions"}],"wp:attachment":[{"href":"https:\/\/www.fuldaernachrichten.de\/index.php?rest_route=%2Fwp%2Fv2%2Fmedia&parent=9570"}],"wp:term":[{"taxonomy":"category","embeddable":true,"href":"https:\/\/www.fuldaernachrichten.de\/index.php?rest_route=%2Fwp%2Fv2%2Fcategories&post=9570"},{"taxonomy":"post_tag","embeddable":true,"href":"https:\/\/www.fuldaernachrichten.de\/index.php?rest_route=%2Fwp%2Fv2%2Ftags&post=9570"}],"curies":[{"name":"wp","href":"https:\/\/api.w.org\/{rel}","templated":true}]}}