{"id":9521,"date":"2008-05-24T09:20:43","date_gmt":"2008-05-24T07:20:43","guid":{"rendered":"http:\/\/www.schoene-nachrichten.de\/?p=9521"},"modified":"2008-05-24T09:20:43","modified_gmt":"2008-05-24T07:20:43","slug":"hochschulzentrum-fulda-transfer-ab-2009-in-neuen-raeumen","status":"publish","type":"post","link":"https:\/\/www.fuldaernachrichten.de\/?p=9521","title":{"rendered":"Hochschulzentrum Fulda Transfer ab 2009 in neuen R\u00e4umen"},"content":{"rendered":"<p><a rel=\"lightbox[roadtrip]\" href=\"http:\/\/www.schoene-nachrichten.de\/wp-content\/uploads\/2008\/05\/fulda-transfer-3.jpg\" target=\"_blank\"><img decoding=\"async\" class=\"alignleft size-thumbnail wp-image-9524\" title=\"fulda-transfer-3\" src=\"http:\/\/www.schoene-nachrichten.de\/wp-content\/uploads\/2008\/05\/fulda-transfer-3-128x85.jpg\" alt=\"\" hspace=\"5\" width=\"128\" height=\"85\" align=\"left\" \/><\/a><strong>Fulda. <\/strong>Prof. Dr. Roland Schopf, Pr\u00e4sident der Hochschule Fulda, Christine Salomon und Wolfgang Braun, beide Gesch\u00e4ftsf\u00fchrer LebensART, haben am Mittwoch den Mietvertrag f\u00fcr die R\u00e4umlichkeiten im Wohn- und B\u00fcrokomplex am Schlossgarten in Fulda unterzeichnet. Anfang 2009 wird das Hochschulzentrum Fulda Transfer dorthin umziehen. Damit bleibt dessen Funktion als Br\u00fccke in die Stadt mit den weiteren Einrichtungen Hochschul- und Landesbibliothek sowie dem neu entstehenden Studentenwohnheim am Heinrich von Bibra-Platz erhalten. <!--more--><\/p>\n<p>\u201eWichtig f\u00fcr uns ist, weiterhin im Herzen der Fuldaer Innenstadt pr\u00e4sent zu sein\u201c, betonte Schopf. Salomon und Braun von LebensART dankte er f\u00fcr ihr Angebot, das Hochschulzentrum in ihr zukunftsorientiertes Projekt \u201eWohnenPLUS am Schlossgarten \u2013 Leben im Herzen Fuldas\u201c aufzunehmen.<\/p>\n<p>In dem neuen Geb\u00e4ude werden dem Transferzentrum der Hochschule Fulda auf insgesamt 584m2 B\u00fcro- und Seminarr\u00e4ume f\u00fcr Forschungs- und Entwicklungsprojekte, f\u00fcr wissenschaftliche Zentren, Existenzgr\u00fcnder sowie wissenschaftliche Weiterbildungsseminare zur Verf\u00fcgung stehen. Auch f\u00fcr Zusammenk\u00fcnfte von Unternehmen, Vereinen, Organisationen und Hochschulmitgliedern sollen die R\u00e4umlichkeiten offen stehen.<\/p>\n<p>\u201eWir werden hier fortsetzen, was wir mit dem jetzigen Transferzentrum begonnen haben und was f\u00fcr die Entwicklungsplanung der Hochschule Fulda von gro\u00dfer Bedeutung ist: Die weitere gesellschaftliche \u00d6ffnung der Hochschule durch Kooperationen in regionalen und internationalen Netzwerken\u201c, erl\u00e4uterte der Vizepr\u00e4sident f\u00fcr Forschung und Entwicklung an der Hochschule Fulda, Prof. Dr. Karim Khakzar, die Aufgaben des Transferzentrums. Christine Salomon erg\u00e4nzte: \u201eIch freue mich, dass die Wohnanlage WohnenPLUS Teil des st\u00e4dtischen Lebens wird.\u201c<\/p>\n","protected":false},"excerpt":{"rendered":"<div class=\"tmnf_excerpt\"><p>Fulda. Prof. Dr. Roland Schopf, Pr\u00e4sident der Hochschule Fulda, Christine Salomon und Wolfgang Braun, beide Gesch\u00e4ftsf\u00fchrer LebensART, haben am Mittwoch den Mietvertrag f\u00fcr die R\u00e4umlichkeiten im Wohn- und B\u00fcrokomplex am Schlossgarten in Fulda unterzeichnet. Anfang 2009 wird das Hochschulzentrum Fulda Transfer dorthin umziehen. Damit bleibt dessen Funktion als Br\u00fccke in die Stadt mit den weiteren &hellip;<\/p>\n<\/div>","protected":false},"author":1,"featured_media":0,"comment_status":"closed","ping_status":"closed","sticky":false,"template":"","format":"standard","meta":{"footnotes":""},"categories":[1,53,48],"tags":[],"class_list":["post-9521","post","type-post","status-publish","format-standard","hentry","category-startseite","category-bildung","category-forschung"],"_links":{"self":[{"href":"https:\/\/www.fuldaernachrichten.de\/index.php?rest_route=\/wp\/v2\/posts\/9521","targetHints":{"allow":["GET"]}}],"collection":[{"href":"https:\/\/www.fuldaernachrichten.de\/index.php?rest_route=\/wp\/v2\/posts"}],"about":[{"href":"https:\/\/www.fuldaernachrichten.de\/index.php?rest_route=\/wp\/v2\/types\/post"}],"author":[{"embeddable":true,"href":"https:\/\/www.fuldaernachrichten.de\/index.php?rest_route=\/wp\/v2\/users\/1"}],"replies":[{"embeddable":true,"href":"https:\/\/www.fuldaernachrichten.de\/index.php?rest_route=%2Fwp%2Fv2%2Fcomments&post=9521"}],"version-history":[{"count":0,"href":"https:\/\/www.fuldaernachrichten.de\/index.php?rest_route=\/wp\/v2\/posts\/9521\/revisions"}],"wp:attachment":[{"href":"https:\/\/www.fuldaernachrichten.de\/index.php?rest_route=%2Fwp%2Fv2%2Fmedia&parent=9521"}],"wp:term":[{"taxonomy":"category","embeddable":true,"href":"https:\/\/www.fuldaernachrichten.de\/index.php?rest_route=%2Fwp%2Fv2%2Fcategories&post=9521"},{"taxonomy":"post_tag","embeddable":true,"href":"https:\/\/www.fuldaernachrichten.de\/index.php?rest_route=%2Fwp%2Fv2%2Ftags&post=9521"}],"curies":[{"name":"wp","href":"https:\/\/api.w.org\/{rel}","templated":true}]}}