{"id":95164,"date":"2012-02-08T00:13:56","date_gmt":"2012-02-08T00:13:56","guid":{"rendered":"http:\/\/www.fuldaer-nachrichten.de\/?p=95164"},"modified":"2012-02-07T19:34:14","modified_gmt":"2012-02-07T19:34:14","slug":"kreisjugendfeuerwehr-fulda-vorbild-und-botschafter-der-region","status":"publish","type":"post","link":"https:\/\/www.fuldaernachrichten.de\/?p=95164","title":{"rendered":"Kreisjugendfeuerwehr Fulda: Vorbild und Botschafter der Region"},"content":{"rendered":"<p><strong><a href=\"http:\/\/www.fuldaer-nachrichten.de\/wp-content\/uploads\/2012\/02\/120207_Kreisjugendfeuerwehr.jpg\"><img decoding=\"async\" class=\"alignleft size-thumbnail wp-image-95165\" title=\"120207_Kreisjugendfeuerwehr\" src=\"http:\/\/www.fuldaer-nachrichten.de\/wp-content\/uploads\/2012\/02\/120207_Kreisjugendfeuerwehr-265x176.jpg\" alt=\"\" width=\"265\" height=\"176\" srcset=\"https:\/\/www.fuldaernachrichten.de\/wp-content\/uploads\/2012\/02\/120207_Kreisjugendfeuerwehr-265x176.jpg 265w, https:\/\/www.fuldaernachrichten.de\/wp-content\/uploads\/2012\/02\/120207_Kreisjugendfeuerwehr.jpg 592w\" sizes=\"(max-width: 265px) 100vw, 265px\" \/><\/a>Fulda.\u00c2\u00a0<\/strong>\u201eGro\u00dfer Bahnhof Jugendfeuerwehr\u201c \u2013 hie\u00df es am vergangenen Samstag bei den \u00fcber 200 Delegierten der Nachwuchskr\u00e4fte im Landkreis Fulda in der Rh\u00f6nhalle in Tann. Hierbei gab es einen R\u00fcckblick auf eine durchaus erfolgreiche Jugendarbeit, aber auch kritische Worte zur Zukunft der Feuerwehrjugend. Weiterhin wurde der Kreisjugendfeuerwehrauschuss mit kleinen personellen Ver\u00e4nderungen neu gew\u00e4hlt und verdiente Feuerwehrleute bekamen eine Auszeichnung. Im Landkreis Fulda gibt es momentan 134 Jugendfeuerwehren mit 1914 Mitgliedern. Dazu z\u00e4hlen immerhin 475 weibliche Mitglieder zu den Gruppen. Dennoch gibt es einen R\u00fcckgang von 286 Jugendlichen, die aus verschiedenen Gr\u00fcnden die Jugendfeuerwehren verlassen hat, so der stellvertretende Kreisjugendfeuerwehrwart Julian Mauchel im Jahresbericht der Kreisjugendfeuerwehr Fulda.<!--more--><\/p>\n<p>Insgesamt 157 junge Leute traten in die Einsatzabteilungen \u00fcber. Um den Nachwuchssorgen und dem Mitgliederr\u00fcckgang entgegenzuwirken fand in den 5. Klassen im Mai des letzten Jahres eine Werbeaktion statt. Diese stand unter dem Motto \u201eKommt macht mit!\u201c und erwies sich abschlie\u00dfend als sehr erfolgreich, denn mancherorts gab es bis zu 10 % neue Jugendfeuerwehrmitglieder zu verzeichnen. Zu den herausragenden Veranstaltungen z\u00e4hlten im letzten Jahr die Teilnahme an der 11. Europ\u00e4ischen Leitmesse \u201eRettung und Mobilit\u00e4t\u201c (RETTmobil) mit der mobilen Cocktailbar \u201eSaftwerk\u201c in Fulda, der Kreisjugendfeuerwehrtag in K\u00fcnzell-Pilgerzell, das Kreisjugendfeuerwehrzeltlager mit 900 Teilnehmern in Burghaun sowie die Fahrt nach Kroatien mit dem einw\u00f6chigen Aufenthalt im Camp des Kroatischen Feuerwehrverbandes in Fa\u00c5\u00beana.<\/p>\n<p><a href=\"http:\/\/www.fuldaer-nachrichten.de\/wp-content\/uploads\/2012\/02\/120207_Kreisjugendfeuerwehr2.jpg\"><img decoding=\"async\" class=\"alignnone size-thumbnail wp-image-95166\" title=\"120207_Kreisjugendfeuerwehr2\" src=\"http:\/\/www.fuldaer-nachrichten.de\/wp-content\/uploads\/2012\/02\/120207_Kreisjugendfeuerwehr2-265x176.jpg\" alt=\"\" width=\"265\" height=\"176\" srcset=\"https:\/\/www.fuldaernachrichten.de\/wp-content\/uploads\/2012\/02\/120207_Kreisjugendfeuerwehr2-265x176.jpg 265w, https:\/\/www.fuldaernachrichten.de\/wp-content\/uploads\/2012\/02\/120207_Kreisjugendfeuerwehr2.jpg 592w\" sizes=\"(max-width: 265px) 100vw, 265px\" \/><\/a>\u00c2\u00a0<a href=\"http:\/\/www.fuldaer-nachrichten.de\/wp-content\/uploads\/2012\/02\/120207_Kreisjugendfeuerwehr3.jpg\"><img decoding=\"async\" class=\"alignnone size-thumbnail wp-image-95167\" title=\"120207_Kreisjugendfeuerwehr3\" src=\"http:\/\/www.fuldaer-nachrichten.de\/wp-content\/uploads\/2012\/02\/120207_Kreisjugendfeuerwehr3-265x176.jpg\" alt=\"\" width=\"265\" height=\"176\" srcset=\"https:\/\/www.fuldaernachrichten.de\/wp-content\/uploads\/2012\/02\/120207_Kreisjugendfeuerwehr3-265x176.jpg 265w, https:\/\/www.fuldaernachrichten.de\/wp-content\/uploads\/2012\/02\/120207_Kreisjugendfeuerwehr3.jpg 592w\" sizes=\"(max-width: 265px) 100vw, 265px\" \/><\/a><\/p>\n<p>Weiter fanden wieder traditionelle Veranstaltungen statt, wie das Tischtennisturnier in Gro\u00dfenl\u00fcder, der Bundeswettbewerb in K\u00fcnzell-Pilgerzell, die Leistungsspangenabnahme in Petersberg-Marbach und einen Aktionstag der Unfallkasse Hessen in Fulda sowie zahlreiche Fortbildungsangebote f\u00fcr die Jugendfeuerwehrwarte und Jugendgruppenleiter. Weiterhin gab es auch neue Aktivit\u00e4ten wie der Motivationswettbewerb \u201eJugendfeuerwehr des Jahres\u201c, bei dem die Gruppen f\u00fcr die Teilnahme an Veranstaltungen Punkte bekommen und abschlie\u00dfend wertvolle Preise gewinnen konnten. Auch ein neuartiges Projekt waren die \u00dcbergangsgruppen in zwei Feuerwehrbezirken des Landkreises Fulda.<\/p>\n<p>Hier wurden verschieden oder au\u00dfergew\u00f6hnliche Ausbildungsthemen f\u00fcr junge Feuerwehrangeh\u00f6rige zwischen 16 und 21 Jahren ausgearbeitet und durchgef\u00fchrt. Doch leider zeichnete sich ab, dass die Teilnehmer nicht so zahlreich zu den angesetzten Treffen erschienen sind. Hierauf entschloss man sich dieses Projekt in einem der Bezirke erst mal wieder pausieren zu lassen, so Kreisjugendfeuerwehrwart Michael Knoth in seiner Ausf\u00fchrung. Weiter ging er auf das schon l\u00e4nger laufende Projekt Come-In-Contract ein, wo die Kommunen eine Vereinbarung mit der Kreisjugendfeuerwehr Fulda abschlie\u00dfen, um die Jugendfeuerwehren zu f\u00f6rdern und ihnen das Leben in ihrem Ort zum Beispiel durch Verg\u00fcnstigungen erleichtern. Darin enthalten ist auch der Faktor \u201eZeit\u201c.<\/p>\n<p><a href=\"http:\/\/www.fuldaer-nachrichten.de\/wp-content\/uploads\/2012\/02\/120207_Ehrungen.jpg\"><img loading=\"lazy\" decoding=\"async\" class=\"alignnone size-thumbnail wp-image-95168\" title=\"120207_Ehrungen\" src=\"http:\/\/www.fuldaer-nachrichten.de\/wp-content\/uploads\/2012\/02\/120207_Ehrungen-265x176.jpg\" alt=\"\" width=\"265\" height=\"176\" srcset=\"https:\/\/www.fuldaernachrichten.de\/wp-content\/uploads\/2012\/02\/120207_Ehrungen-265x176.jpg 265w, https:\/\/www.fuldaernachrichten.de\/wp-content\/uploads\/2012\/02\/120207_Ehrungen.jpg 592w\" sizes=\"(max-width: 265px) 100vw, 265px\" \/><\/a>\u00c2\u00a0<a href=\"http:\/\/www.fuldaer-nachrichten.de\/wp-content\/uploads\/2012\/02\/120207_Motivationswettbewerb.jpg\"><img loading=\"lazy\" decoding=\"async\" class=\"alignnone size-thumbnail wp-image-95169\" title=\"120207_Motivationswettbewerb\" src=\"http:\/\/www.fuldaer-nachrichten.de\/wp-content\/uploads\/2012\/02\/120207_Motivationswettbewerb-265x176.jpg\" alt=\"\" width=\"265\" height=\"176\" srcset=\"https:\/\/www.fuldaernachrichten.de\/wp-content\/uploads\/2012\/02\/120207_Motivationswettbewerb-265x176.jpg 265w, https:\/\/www.fuldaernachrichten.de\/wp-content\/uploads\/2012\/02\/120207_Motivationswettbewerb.jpg 592w\" sizes=\"(max-width: 265px) 100vw, 265px\" \/><\/a><\/p>\n<p>Die Freizeitgestaltung der Menschen habe sich ge\u00e4ndert und damit verbunden auch die schulischen Anforderungen der Sch\u00fcler. Diese haben dann weniger Zeit f\u00fcr das Ehrenamt. Wir m\u00fcssen unseren politischen Mandatstr\u00e4gern in den Kommunen und gleichsam den B\u00fcrgern vor Augen f\u00fchren, was die Jugendfeuerwehr und Feuerwehr leistet und welche Leistungen hinter dieser ehrenamtlichen Institution stehen, so Michael Knoth im 2. Teil des Jahresr\u00fcckblicks. So soll k\u00fcnftig in diesem Zusammenhang auch weiter auf die \u00d6ffentlichkeitsarbeit in den Jugendfeuerwehren gebaut werden, damit der Mitgliederr\u00fcckgang durch den demographischen Wandel entgegengewirkt werden kann. Den Kassenbericht sowie den Haushaltsplan legte Kassenwart Patrick D\u00f6ring vor.<\/p>\n<p><strong>Neuwahl des Kreisjugendfeuerwehrausschuss<\/strong><\/p>\n<p>Hiernach wurde der Kreisjugendfeuerwehrausschuss wie folgt gew\u00e4hlt:<\/p>\n<ul>\n<li>Kreisjugendfeuerwehrwart:\u00c2\u00a0Michael Knoth, Hosenfeld-Hainzell<\/li>\n<li>Stellvertretender Kreisjugendfeuerwehrwart:\u00c2\u00a0Steffen Hohmann, Burghaun<\/li>\n<li>Schriftf\u00fchrerin:\u00c2\u00a0Michaela M\u00f6ller, Petersberg-Steinau<\/li>\n<li>Kassenwart:\u00c2\u00a0Julian Mauchel, Petersberg-Marbach<\/li>\n<li>Fachbereichsleiter Gro\u00dfveranstaltungen:\u00c2\u00a0Daniel Heil, Eichenzell-Welkers und Nico Blum, Petersberg-Margretenhaun<\/li>\n<li>Fachbereichsleiterin Wettbewerbe, Leistungsspange und Wertungsrichter:\u00c2\u00a0Annika Maul, Burghaun-Schlotzau<\/li>\n<li>Fachbereichsleiterin Jugendforum:\u00c2\u00a0Juliane Braun, Gersfeld-Hettenhausen<\/li>\n<li>Kreisjugendsprecher:\u00c2\u00a0Kevin Kimpel und Julian H\u00fcfner, beide H\u00fcnfeld-Mackenzell<\/li>\n<li>Fachbereichsleiter \u00d6ffentlichkeitsarbeit: unbesetzt<\/li>\n<li>Fachbereichsleiter Aus-, Fort- und Weiterbildung: unbesetzt<\/li>\n<\/ul>\n<p>Verabschiedet wurde aus dem Gremium Patrick D\u00f6ring der 6 Jahre als Kassenwart t\u00e4tig war und Andrea Ulrich, die ein Jahr den Fachbereich Aus-, Fort- und Weiterbildung geleitet hat. Beide bekamen f\u00fcr ihre geleistete ehrenamtliche T\u00e4tigkeit ein Geschenk \u00fcberreicht.<\/p>\n<p><strong>Ehrungen f\u00fcr hervorragende Verdienste<\/strong><\/p>\n<p>F\u00fcr die hervorragend geleistete Jugendarbeit in den Jugendfeuerwehren des Landkreises Fulda wurden nachfolgende Feuerwehrangeh\u00f6rige geehrt:\u00c2\u00a0Mit der Florian Medaille der Hessischen Jugendfeuerwehr wurde Patrick D\u00f6ring aus Kalbach-Veitsteinbach geehrt. Die Ehrennadel der Kreisjugendfeuerwehr Fulda in \u201eSilber\u201c bekam Stefan Manns aus Gersfeld-Hettenhausen \u00fcberreicht. Mit der Ehrennadel der Kreisjugendfeuerwehr Fulda in \u201eBronze\u201c wurden Julian Mauchel, Petersberg-Marbach, Annika Maul, Burghaun-Schlotzau, Leona Wehner, Poppenhausen, Lars Wehner, Hofbieber und Roland Hillenbrand, Flieden-Buchenrod ausgezeichnet.<\/p>\n<p><strong>Motivationswettbewerb \u2013 Jugendfeuerwehr des Jahres<\/strong><\/p>\n<p>Bei dem sogenannten Motivationswettbewerb, der \u00fcber das gesamte Jahr durchgef\u00fchrt wird, sammeln die Gruppen Bonuspunkte f\u00fcr die Teilnahme an Veranstaltungen auf Kreis- und Gemeindeebene. Diese werden mit Stempeln auf einem Ausweis vermerkt. Die Durchf\u00fchrungen von kulturellen und sozialen Aktivit\u00e4ten im eigenen Ort werden mit Zusatzpunkten belohnt. Auch die Mitglieder werden bewertet. So z\u00e4hlen die weiblichen Mitglieder im F\u00fchrungsteam, Mitglieder mit Migrationshintergrund oder Handicap. Eine aktive Mitgliederwerbung mit \u00d6ffentlichkeitsarbeit oder die Ausrichtung von Veranstaltungen der Kreisjugendfeuerwehr sind ebenfalls von gro\u00dfem Vorteil.<\/p>\n<p>Die Jugendfeuerwehr Neuhof-Rommerz hat hierbei den 1. Platz belegt und ist somit \u201eJugendfeuerwehr des Jahres 2011 im Landkreis Fulda!\u201c. Neben dem Wanderpokal, einer Erinnerungstroph\u00e4e mit Gl\u00fcckwunschkarte d\u00fcrfen die Jugendfeuerwehrmitglieder eine Erlebnisfreizeit in dem Rh\u00f6n-Indianer-Hotel des Biohofes Gensler in Poppenhausen unternehmen. Gestiftet wurde dieser Preis durch den Landkreis Fulda. Auf Platz 2 folgte die Jugendfeuerwehr Burghaun und gewann einen Profi-Tischkicker, der durch den Feuerwehrfachhandel M\u00f6ller aus Petersberg-Steinau gespendet wurde. Hiernach folgte die Gruppe aus Gersfeld-Hettenhausen. Diese gewann einen Besuch bei der Bundespolizeiabteilung H\u00fcnfeld mit Einblicken in die T\u00e4tigkeiten und technischen Ger\u00e4te der Bundespolizei. Bei diesem Wettbewerb nahmen insgesamt 22 Jugendfeuerwehrgruppen teil.<\/p>\n<p><strong>Gru\u00dfworte der G\u00e4ste<\/strong><\/p>\n<p>Der Erste Kreisbeigeordnete Dr. Heiko Wingenfeld dankte den Verantwortlichen der Jugendfeuerwehr f\u00fcr die vielen Ideen und Aktivit\u00e4ten, die immer wieder angeboten werden. Er lobte die Kreisjugendfeuerwehr Fulda, die als Botschafter den Landkreis Fulda im Rahmen der internationalen Jugendarbeit in Kroatien vertreten hat. Weiterhin sagte er die Unterst\u00fctzung der Kreisgremien f\u00fcr die St\u00e4rkung der Jugendfeuerwehrarbeit zu, denn hier wird eine sehr wertvolle Arbeit geleistet.<br \/>\nAuch B\u00fcrgermeister Markus Meysner sowie der stellvertretende Ortsvorsteher von Tann Hans D\u00e4nner bezeichnete die Versammlung als sehr informativ und gelungen.<\/p>\n<p><a href=\"http:\/\/www.fuldaer-nachrichten.de\/wp-content\/uploads\/2012\/02\/120207_JessicaBorschel.jpg\"><img loading=\"lazy\" decoding=\"async\" title=\"120207_JessicaBorschel\" src=\"http:\/\/www.fuldaer-nachrichten.de\/wp-content\/uploads\/2012\/02\/120207_JessicaBorschel-265x176.jpg\" alt=\"\" width=\"265\" height=\"176\" \/><\/a>\u00c2\u00a0<a href=\"http:\/\/www.fuldaer-nachrichten.de\/wp-content\/uploads\/2012\/02\/120207_Bj\u00f6rnSteisel.jpg\"><img loading=\"lazy\" decoding=\"async\" title=\"120207_Bj\u00f6rnSteisel\" src=\"http:\/\/www.fuldaer-nachrichten.de\/wp-content\/uploads\/2012\/02\/120207_Bj\u00f6rnSteisel-265x176.jpg\" alt=\"\" width=\"265\" height=\"176\" \/><\/a><br \/>\nJessica Borschel vom \u201eTreffpunkt Aktiv\u201c des Landkreises Fulda wies auf das Qualifikationsheft im Ehrenamt hin wo sich die Betreuer zu Fortbildungsma\u00dfnahmen anmelden k\u00f6nnen und nannte die Kreisjugendfeuerwehr Fulda als ein angenehmer Kooperationspartner.\u00c2\u00a0Der Kreisbrandinspektor Dr. Bj\u00f6rn Steisel bekr\u00e4ftigte, dass keine Stunde der Jugendarbeit umsonst sei, die Jugendarbeit in der Feuerwehr ist sehr wichtig. Au\u00dferdem sollten sich die F\u00fchrungskr\u00e4fte daf\u00fcr einsetzen, dass jeder Jugendliche die M\u00f6glichkeit hat in eine Jugendfeuerwehr einzutreten auch wenn es in seinem Heimatort keine Nachwuchsgruppe der Feuerwehr gibt.\u00c2\u00a0Lothar Mihm, Vorsitzender des Kreisfeuerwehrverbands Fulda, appellierte an die Delegierten, sie sollen das Angebot der Kreisjugendfeuerwehr Fulda annehmen.<\/p>\n<p>Er zeigte sich \u00fcber die Einstellung der \u00dcbergangsgruppe in den Bezirken etwas entt\u00e4uscht. Die Gr\u00fc\u00dfe und W\u00fcnsche der Jugendfeuerwehren und Feuerwehren der Stadt Tann \u00fcberbrachte Stadtbrandinspektor Thomas J\u00f6rges und w\u00fcnscht sich f\u00fcr die Zukunft m\u00f6glichst viele Mitglieder f\u00fcr die Freiwilligen Feuerwehren.\u00c2\u00a0Nach Beschluss der Versammlung zeigte sich der neu gew\u00e4hlte Kreisjugendfeuerwehrausschuss \u00fcber den Verlauf der Vollversammlung zufrieden und w\u00fcnscht sich eine harmonische und erfolgreiche Jugendfeuerwehrarbeit mit allen 134 Gruppen im Kreisgebiet.<\/p>\n<p><strong>Platzierung Motivationswettbewerb der Kreisjugendfeuerwehr Fulda<\/strong><\/p>\n<p>Platz 01 (Punkte 2510) Neuhof-Rommerz<br \/>\nPlatz 02 (Punkte 2450) Burghaun<br \/>\nPlatz 03 (Punkte 2400) Gersfeld-Hettenhausen<br \/>\nPlatz 04 (Punkte 2345) H\u00fcnfeld-Mackenzell\/Molzbach<br \/>\nPlatz 05 (Punkte 2195) Flieden-Stork<br \/>\nPlatz 06 (Punkte 1965) Hofbieber<br \/>\nPlatz 07 (Punkte 1960) Flieden-Buchenrod<br \/>\nPlatz 08 (Punkte 1950) H\u00fcnfeld-Kirchhasel<br \/>\nPlatz 09 (Punkte 1915) Burghaun-Rothenkirchen<br \/>\nPlatz 10 (Punkte 1835) Flieden-R\u00fcckers<\/p>\n","protected":false},"excerpt":{"rendered":"<div class=\"tmnf_excerpt\"><p>Fulda.\u00c2\u00a0\u201eGro\u00dfer Bahnhof Jugendfeuerwehr\u201c \u2013 hie\u00df es am vergangenen Samstag bei den \u00fcber 200 Delegierten der Nachwuchskr\u00e4fte im Landkreis Fulda in der Rh\u00f6nhalle in Tann. Hierbei gab es einen R\u00fcckblick auf eine durchaus erfolgreiche Jugendarbeit, aber auch kritische Worte zur Zukunft der Feuerwehrjugend. Weiterhin wurde der Kreisjugendfeuerwehrauschuss mit kleinen personellen Ver\u00e4nderungen neu gew\u00e4hlt und verdiente Feuerwehrleute &hellip;<\/p>\n<\/div>","protected":false},"author":1,"featured_media":0,"comment_status":"closed","ping_status":"closed","sticky":false,"template":"","format":"standard","meta":{"footnotes":""},"categories":[1,71],"tags":[],"class_list":["post-95164","post","type-post","status-publish","format-standard","hentry","category-startseite","category-feuerwehr"],"_links":{"self":[{"href":"https:\/\/www.fuldaernachrichten.de\/index.php?rest_route=\/wp\/v2\/posts\/95164","targetHints":{"allow":["GET"]}}],"collection":[{"href":"https:\/\/www.fuldaernachrichten.de\/index.php?rest_route=\/wp\/v2\/posts"}],"about":[{"href":"https:\/\/www.fuldaernachrichten.de\/index.php?rest_route=\/wp\/v2\/types\/post"}],"author":[{"embeddable":true,"href":"https:\/\/www.fuldaernachrichten.de\/index.php?rest_route=\/wp\/v2\/users\/1"}],"replies":[{"embeddable":true,"href":"https:\/\/www.fuldaernachrichten.de\/index.php?rest_route=%2Fwp%2Fv2%2Fcomments&post=95164"}],"version-history":[{"count":0,"href":"https:\/\/www.fuldaernachrichten.de\/index.php?rest_route=\/wp\/v2\/posts\/95164\/revisions"}],"wp:attachment":[{"href":"https:\/\/www.fuldaernachrichten.de\/index.php?rest_route=%2Fwp%2Fv2%2Fmedia&parent=95164"}],"wp:term":[{"taxonomy":"category","embeddable":true,"href":"https:\/\/www.fuldaernachrichten.de\/index.php?rest_route=%2Fwp%2Fv2%2Fcategories&post=95164"},{"taxonomy":"post_tag","embeddable":true,"href":"https:\/\/www.fuldaernachrichten.de\/index.php?rest_route=%2Fwp%2Fv2%2Ftags&post=95164"}],"curies":[{"name":"wp","href":"https:\/\/api.w.org\/{rel}","templated":true}]}}