{"id":9512,"date":"2008-05-24T08:58:55","date_gmt":"2008-05-24T06:58:55","guid":{"rendered":"http:\/\/www.schoene-nachrichten.de\/?p=9512"},"modified":"2008-05-24T08:58:55","modified_gmt":"2008-05-24T06:58:55","slug":"biosphaerenreservat-rhoen-beim-hessentag-mit-dabei","status":"publish","type":"post","link":"https:\/\/www.fuldaernachrichten.de\/?p=9512","title":{"rendered":"Biosph\u00e4renreservat Rh\u00f6n beim Hessentag mit dabei"},"content":{"rendered":"<p><strong>Rh\u00f6n. <\/strong>Vom 6. bis 15. Juni 2008 findet in Homberg\/Efze der diesj\u00e4hrige Hessentag statt. Einer der Besucherh\u00f6hepunkte ist j\u00e4hrlich das Zelt \u201eDer Natur auf der Spur\u201c mit anliegendem Freigel\u00e4nde. Auf diesem Freigel\u00e4nde am Stadtrand von Homberg pr\u00e4sentiert sich auch das Biosph\u00e4renreservat Rh\u00f6n. Die Vorbereitungen laufen bereits auf Hochtouren. <!--more-->Ein vormontiertes Gartenhaus mit einer Grundfl\u00e4che von f\u00fcnf mal sechs Metern wurde von den Rh\u00f6nrangern mit Unterst\u00fctzung heimischer Zimmereibetriebe nach Homberg transportiert und aufgebaut. Dank der guten Kontakte konnten die Ranger in eigener Regie auch vor Ort historische Ziegel f\u00fcr den Aufbau erhalten. Mit Brettern von Hessen-Forst wurde die H\u00fctte verkleidet und soll w\u00e4hrend des Hessentages als Umweltbildungsstation dienen.<\/p>\n<p>Der Stand wird auch genutzt, um die Dachmarke Rh\u00f6n dem nordhessischen Publikum vorzustellen. Selbstverst\u00e4ndlich soll das Gro\u00dfereignis auch genutzt werden, um auf den unmittelbar bevorstehenden Deutschen Wandertag in Fulda und der Rh\u00f6n hinzuweisen. Martin Kremer, Sachgebietsleiter Biosph\u00e4renreservat Rh\u00f6n beim Landkreis Fulda, ist stolz auf das Engagement seiner sechsk\u00f6pfigen Rangertruppe. \u201eEinmal mehr hat die Naturwacht bewiesen, wie flexibel und motiviert sie ist, um auch schwierige Aufgaben zu l\u00f6sen. Geradezu nebenbei haben die Ranger die Planung und die Umsetzung mit einem geringen Budget realisiert. Sie sind eben so etwas wie die \u201eschnelle Eingreiftruppe\u201c des Biosph\u00e4renreservats\u201c, so Kremer.<\/p>\n","protected":false},"excerpt":{"rendered":"<div class=\"tmnf_excerpt\"><p>Rh\u00f6n. Vom 6. bis 15. Juni 2008 findet in Homberg\/Efze der diesj\u00e4hrige Hessentag statt. Einer der Besucherh\u00f6hepunkte ist j\u00e4hrlich das Zelt \u201eDer Natur auf der Spur\u201c mit anliegendem Freigel\u00e4nde. Auf diesem Freigel\u00e4nde am Stadtrand von Homberg pr\u00e4sentiert sich auch das Biosph\u00e4renreservat Rh\u00f6n. Die Vorbereitungen laufen bereits auf Hochtouren.<\/p>\n<\/div>","protected":false},"author":1,"featured_media":0,"comment_status":"closed","ping_status":"closed","sticky":false,"template":"","format":"standard","meta":{"footnotes":""},"categories":[52],"tags":[],"class_list":["post-9512","post","type-post","status-publish","format-standard","hentry","category-umwelt"],"_links":{"self":[{"href":"https:\/\/www.fuldaernachrichten.de\/index.php?rest_route=\/wp\/v2\/posts\/9512","targetHints":{"allow":["GET"]}}],"collection":[{"href":"https:\/\/www.fuldaernachrichten.de\/index.php?rest_route=\/wp\/v2\/posts"}],"about":[{"href":"https:\/\/www.fuldaernachrichten.de\/index.php?rest_route=\/wp\/v2\/types\/post"}],"author":[{"embeddable":true,"href":"https:\/\/www.fuldaernachrichten.de\/index.php?rest_route=\/wp\/v2\/users\/1"}],"replies":[{"embeddable":true,"href":"https:\/\/www.fuldaernachrichten.de\/index.php?rest_route=%2Fwp%2Fv2%2Fcomments&post=9512"}],"version-history":[{"count":0,"href":"https:\/\/www.fuldaernachrichten.de\/index.php?rest_route=\/wp\/v2\/posts\/9512\/revisions"}],"wp:attachment":[{"href":"https:\/\/www.fuldaernachrichten.de\/index.php?rest_route=%2Fwp%2Fv2%2Fmedia&parent=9512"}],"wp:term":[{"taxonomy":"category","embeddable":true,"href":"https:\/\/www.fuldaernachrichten.de\/index.php?rest_route=%2Fwp%2Fv2%2Fcategories&post=9512"},{"taxonomy":"post_tag","embeddable":true,"href":"https:\/\/www.fuldaernachrichten.de\/index.php?rest_route=%2Fwp%2Fv2%2Ftags&post=9512"}],"curies":[{"name":"wp","href":"https:\/\/api.w.org\/{rel}","templated":true}]}}