{"id":95045,"date":"2012-02-04T00:12:12","date_gmt":"2012-02-04T00:12:12","guid":{"rendered":"http:\/\/www.fuldaer-nachrichten.de\/?p=95045"},"modified":"2012-02-03T19:01:35","modified_gmt":"2012-02-03T19:01:35","slug":"einsatzfreude-und-viel-eingagement-bei-den-feuerwehrfrauen-und-feuerwehrmanner-aus-haimbach-und-rodges","status":"publish","type":"post","link":"https:\/\/www.fuldaernachrichten.de\/?p=95045","title":{"rendered":"Einsatzfreude und viel Eingagement bei den Feuerwehrfrauen und Feuerwehrm\u00e4nner aus Haimbach und Rodges"},"content":{"rendered":"<p><a href=\"http:\/\/www.fuldaer-nachrichten.de\/wp-content\/uploads\/2012\/02\/ehrungen2.jpg\"><img decoding=\"async\" class=\"alignleft size-thumbnail wp-image-95046\" title=\"ehrungen2\" src=\"http:\/\/www.fuldaer-nachrichten.de\/wp-content\/uploads\/2012\/02\/ehrungen2-265x132.jpg\" alt=\"\" width=\"265\" height=\"132\" srcset=\"https:\/\/www.fuldaernachrichten.de\/wp-content\/uploads\/2012\/02\/ehrungen2-265x132.jpg 265w, https:\/\/www.fuldaernachrichten.de\/wp-content\/uploads\/2012\/02\/ehrungen2.jpg 592w\" sizes=\"(max-width: 265px) 100vw, 265px\" \/><\/a>Fulda (hm). Zur turnusm\u00e4\u00dfigen Jahreshauptversammlung begr\u00fc\u00dfte Wehrf\u00fchrer Stepan Raab die G\u00e4ste, Kameraden, Mitglieder der Alters- und Ehrenabteilung und die Jugendwehr und Vertreter der heimischen Politik. \u00e2\u20ac\u00a8Raab skizzierte kurz die Aktivit\u00e4ten des vergangenen Jahres: \u201eneben 50 Stunden feuerwehrtechnischer Ausbildung, vier erfolgreichen Leistungsspangen, der Teilnahme an dem Kreisjugendfeuerwehrzeltlager mit ca. 450 Teilnehmern, wurde der Rettungszug besichtigt und ein Tagesausflug nach Berlin, mit Reichstagbesichtigung, unternommen\u201c.<br \/>\nDie anwesenden Mitglieder w\u00e4hlten Kai Lengsfeld zum Jugendfeuerwehrwart. Stellvertreter ist Niklas Grave. <!--more--><br \/>\n<strong>Dienst und Einsatz f\u00fcr die B\u00fcrgerinnen und B\u00fcrger<\/strong><\/p>\n<p>Die aus 40 aktiven Kameradinnen und Kameraden bestehende Einsatzabteilung absolvierte im vergangen Jahr \u00fcber 2244 Stunden w\u00e4hrend Eins\u00e4tzen und bei der Aus- und Fortbildung. \u201eDie Feuerwehrleute investieren viel Kraft und ihre Freizeit zum Wohle der Bev\u00f6lkerung. Sie sind S\u00e4ule und St\u00fctze der Gefahrenabwehr innerhalb der Freiwilligen Feuerwehr Fulda\u201c, so Raab.<\/p>\n<p>Thomas Helmer, stellvertretender Feuerwehrchef Fuldas, leitete im Anschluss die ausstehenden Wahlen. Amtsinhaber Stephan Raab (Wehrf\u00fchrer) und Markus Janssen (Stellvertreter) wurden wiedergew\u00e4hlt. Oliver Kress best\u00e4tigten die Mitglieder als Ger\u00e4tewart.<\/p>\n<p>Abschlie\u00dfend ehrten Wehrf\u00fchrer Raab und\u00c2\u00a0 Vereinsvorstand Wiegand gemeinsam verdiente Mitglieder f\u00fcr ihre langj\u00e4hrige aktive Dienstzeit: \u00e2\u20ac\u00a8Martin Engel, 40 Jahre \/ Carsten Maul, Hubert K\u00f6nig und Gerhard Raab, 25 Jahre.<br \/>\nSeine Bef\u00f6rderung zum Hauptfeuerwehrmann erhielt Martin Fischer nach erfolgreicher Ausbildung zum Truppf\u00fchrer sowie sechsj\u00e4hriger Jahren Dienstzeit.<\/p>\n","protected":false},"excerpt":{"rendered":"<div class=\"tmnf_excerpt\"><p>Fulda (hm). Zur turnusm\u00e4\u00dfigen Jahreshauptversammlung begr\u00fc\u00dfte Wehrf\u00fchrer Stepan Raab die G\u00e4ste, Kameraden, Mitglieder der Alters- und Ehrenabteilung und die Jugendwehr und Vertreter der heimischen Politik. \u00e2\u20ac\u00a8Raab skizzierte kurz die Aktivit\u00e4ten des vergangenen Jahres: \u201eneben 50 Stunden feuerwehrtechnischer Ausbildung, vier erfolgreichen Leistungsspangen, der Teilnahme an dem Kreisjugendfeuerwehrzeltlager mit ca. 450 Teilnehmern, wurde der Rettungszug besichtigt und &hellip;<\/p>\n<\/div>","protected":false},"author":1,"featured_media":0,"comment_status":"closed","ping_status":"closed","sticky":false,"template":"","format":"standard","meta":{"footnotes":""},"categories":[1,71],"tags":[],"class_list":["post-95045","post","type-post","status-publish","format-standard","hentry","category-startseite","category-feuerwehr"],"_links":{"self":[{"href":"https:\/\/www.fuldaernachrichten.de\/index.php?rest_route=\/wp\/v2\/posts\/95045","targetHints":{"allow":["GET"]}}],"collection":[{"href":"https:\/\/www.fuldaernachrichten.de\/index.php?rest_route=\/wp\/v2\/posts"}],"about":[{"href":"https:\/\/www.fuldaernachrichten.de\/index.php?rest_route=\/wp\/v2\/types\/post"}],"author":[{"embeddable":true,"href":"https:\/\/www.fuldaernachrichten.de\/index.php?rest_route=\/wp\/v2\/users\/1"}],"replies":[{"embeddable":true,"href":"https:\/\/www.fuldaernachrichten.de\/index.php?rest_route=%2Fwp%2Fv2%2Fcomments&post=95045"}],"version-history":[{"count":0,"href":"https:\/\/www.fuldaernachrichten.de\/index.php?rest_route=\/wp\/v2\/posts\/95045\/revisions"}],"wp:attachment":[{"href":"https:\/\/www.fuldaernachrichten.de\/index.php?rest_route=%2Fwp%2Fv2%2Fmedia&parent=95045"}],"wp:term":[{"taxonomy":"category","embeddable":true,"href":"https:\/\/www.fuldaernachrichten.de\/index.php?rest_route=%2Fwp%2Fv2%2Fcategories&post=95045"},{"taxonomy":"post_tag","embeddable":true,"href":"https:\/\/www.fuldaernachrichten.de\/index.php?rest_route=%2Fwp%2Fv2%2Ftags&post=95045"}],"curies":[{"name":"wp","href":"https:\/\/api.w.org\/{rel}","templated":true}]}}