{"id":95006,"date":"2012-02-03T00:12:09","date_gmt":"2012-02-03T00:12:09","guid":{"rendered":"http:\/\/www.fuldaer-nachrichten.de\/?p=95006"},"modified":"2012-02-02T14:28:44","modified_gmt":"2012-02-02T14:28:44","slug":"groser-feuerwehrfuhrerschein-in-hessen-verzogert","status":"publish","type":"post","link":"https:\/\/www.fuldaernachrichten.de\/?p=95006","title":{"rendered":"\u201eGro\u00dfer Feuerwehrf\u00fchrerschein&#8221; in Hessen verz\u00f6gert"},"content":{"rendered":"<p><strong>Fulda. <\/strong>Die SPD-Landtagsabgeordnete, Sabine Waschke, hat die Hessische Landesregierung nach dem Sachstand der Einf\u00fchrung des F\u00fchrerscheins f\u00fcr Fahrzeuge der Hilfsorganisationen von 3,5t- 7,5t gefragt. Bereits im Sommer 2011 hat der Bundesgesetzgeber die M\u00f6glichkeit geschaffen, Feuerwehrleute mit F\u00fchrerschein der Klasse B intern f\u00fcr Fahrzeuge bis zu 7,5t Gesamtgewicht zu schulen. Durch Abstimmungsprobleme, so Waschke, hat sich die Einf\u00fchrung des so genannten &#8220;Gro\u00dfen Feuerwehrf\u00fchrerscheins&#8221; bislang in Hessen verz\u00f6gert. <!--more--><br \/>\nInnenminister Boris Rhein hat nun der Abgeordneten Waschke versichert, dass sich das Kabinett am kommenden Montag mit der Verordnung des Gro\u00dfen Feuerwehrf\u00fchrerscheins befasst und die Einf\u00fchrung nun endlich bevorsteht. Auf die von den Feuerwehren kritisierten offenen Haftungsfragen, die Schulungen erfolgen durch Ehrenamtliche, ist Rhein trotz intensiver Nachfrage von Waschke nicht eingegangen. Auf die Kl\u00e4rung der Haftungsfrage ist Waschke gespannt<\/p>\n","protected":false},"excerpt":{"rendered":"<div class=\"tmnf_excerpt\"><p>Fulda. Die SPD-Landtagsabgeordnete, Sabine Waschke, hat die Hessische Landesregierung nach dem Sachstand der Einf\u00fchrung des F\u00fchrerscheins f\u00fcr Fahrzeuge der Hilfsorganisationen von 3,5t- 7,5t gefragt. Bereits im Sommer 2011 hat der Bundesgesetzgeber die M\u00f6glichkeit geschaffen, Feuerwehrleute mit F\u00fchrerschein der Klasse B intern f\u00fcr Fahrzeuge bis zu 7,5t Gesamtgewicht zu schulen. Durch Abstimmungsprobleme, so Waschke, hat sich &hellip;<\/p>\n<\/div>","protected":false},"author":1,"featured_media":0,"comment_status":"closed","ping_status":"closed","sticky":false,"template":"","format":"standard","meta":{"footnotes":""},"categories":[1,71,29],"tags":[],"class_list":["post-95006","post","type-post","status-publish","format-standard","hentry","category-startseite","category-feuerwehr","category-politik"],"_links":{"self":[{"href":"https:\/\/www.fuldaernachrichten.de\/index.php?rest_route=\/wp\/v2\/posts\/95006","targetHints":{"allow":["GET"]}}],"collection":[{"href":"https:\/\/www.fuldaernachrichten.de\/index.php?rest_route=\/wp\/v2\/posts"}],"about":[{"href":"https:\/\/www.fuldaernachrichten.de\/index.php?rest_route=\/wp\/v2\/types\/post"}],"author":[{"embeddable":true,"href":"https:\/\/www.fuldaernachrichten.de\/index.php?rest_route=\/wp\/v2\/users\/1"}],"replies":[{"embeddable":true,"href":"https:\/\/www.fuldaernachrichten.de\/index.php?rest_route=%2Fwp%2Fv2%2Fcomments&post=95006"}],"version-history":[{"count":0,"href":"https:\/\/www.fuldaernachrichten.de\/index.php?rest_route=\/wp\/v2\/posts\/95006\/revisions"}],"wp:attachment":[{"href":"https:\/\/www.fuldaernachrichten.de\/index.php?rest_route=%2Fwp%2Fv2%2Fmedia&parent=95006"}],"wp:term":[{"taxonomy":"category","embeddable":true,"href":"https:\/\/www.fuldaernachrichten.de\/index.php?rest_route=%2Fwp%2Fv2%2Fcategories&post=95006"},{"taxonomy":"post_tag","embeddable":true,"href":"https:\/\/www.fuldaernachrichten.de\/index.php?rest_route=%2Fwp%2Fv2%2Ftags&post=95006"}],"curies":[{"name":"wp","href":"https:\/\/api.w.org\/{rel}","templated":true}]}}