{"id":9427,"date":"2008-05-21T01:30:09","date_gmt":"2008-05-20T23:30:09","guid":{"rendered":"http:\/\/www.schoene-nachrichten.de\/?p=9427"},"modified":"2008-05-20T23:36:26","modified_gmt":"2008-05-20T21:36:26","slug":"erste-impfdosen-gegen-die-blauzungenkrankheit-eingetroffen-impfbeginn-im-landkreis-fulda","status":"publish","type":"post","link":"https:\/\/www.fuldaernachrichten.de\/?p=9427","title":{"rendered":"Erste Impfdosen gegen die Blauzungenkrankheit eingetroffen -Impfbeginn im Landkreis Fulda"},"content":{"rendered":"<p><strong>etersberg-B\u00f6ckels.<\/strong> Die landesweite Impfaktion gegen die Blauzungenkrankheit hat heute im Landkreis Fulda begonnen. Als n\u00e4chstes werden Anfang Juni der Landkreis Marburg-Biedenkopf und der Vogelsbergkreis folgen. Bis Ende des Jahres m\u00fcssen in ganz Hessen rund 500.000 Rinder sowie etwa 350.000 Schafe und Ziegen geimpft werden. Davon entfallen rund 66.000 Rinder sowie 13.000 Schafe und Ziegen allein auf den Landkreis Fulda.<\/p>\n<p><strong>Fotos (42):<\/strong> Max Colin Heydenreich<\/p>\n<p><a title=\"Foto: Max Colin Heydenreich\" rel=\"lightbox[roadtrip]\" href=\"http:\/\/www.schoene-nachrichten.de\/wp-content\/uploads\/2008\/05\/080520_Blau_038.jpg\" target=\"_blank\"><img decoding=\"async\" src=\"http:\/\/www.schoene-nachrichten.de\/wp-content\/uploads\/2008\/05\/080520_Blau_038.thumbnail.jpg\" alt=\"080520_Blau_038.jpg\" width=\"128\" \/><\/a> <a title=\"Foto: Max Colin Heydenreich\" rel=\"lightbox[roadtrip]\" href=\"http:\/\/www.schoene-nachrichten.de\/wp-content\/uploads\/2008\/05\/080520_Blau_012.jpg\" target=\"_blank\"><img decoding=\"async\" src=\"http:\/\/www.schoene-nachrichten.de\/wp-content\/uploads\/2008\/05\/080520_Blau_012.thumbnail.jpg\" alt=\"080520_Blau_012.jpg\" width=\"128\" \/><\/a> <a title=\"Foto: Max Colin Heydenreich\" rel=\"lightbox[roadtrip]\" href=\"http:\/\/www.schoene-nachrichten.de\/wp-content\/uploads\/2008\/05\/080520_Blau_023.jpg\" target=\"_blank\"><img decoding=\"async\" src=\"http:\/\/www.schoene-nachrichten.de\/wp-content\/uploads\/2008\/05\/080520_Blau_023.thumbnail.jpg\" alt=\"080520_Blau_023.jpg\" width=\"128\" \/><\/a><\/p>\n<p><a title=\"Foto: Max Colin Heydenreich\" rel=\"lightbox[roadtrip]\" href=\"http:\/\/www.schoene-nachrichten.de\/wp-content\/uploads\/2008\/05\/080520_Blau_026.jpg\" target=\"_blank\"><img decoding=\"async\" src=\"http:\/\/www.schoene-nachrichten.de\/wp-content\/uploads\/2008\/05\/080520_Blau_026.thumbnail.jpg\" alt=\"080520_Blau_026.jpg\" width=\"128\" \/><\/a> <a title=\"Foto: Max Colin Heydenreich\" rel=\"lightbox[roadtrip]\" href=\"http:\/\/www.schoene-nachrichten.de\/wp-content\/uploads\/2008\/05\/080520_Blau_042.jpg\" target=\"_blank\"><img decoding=\"async\" src=\"http:\/\/www.schoene-nachrichten.de\/wp-content\/uploads\/2008\/05\/080520_Blau_042.thumbnail.jpg\" alt=\"080520_Blau_042.jpg\" width=\"128\" \/><\/a> <a title=\"Foto: Max Colin Heydenreich\" rel=\"lightbox[roadtrip]\" href=\"http:\/\/www.schoene-nachrichten.de\/wp-content\/uploads\/2008\/05\/080520_Blau_016.jpg\" target=\"_blank\"><img decoding=\"async\" src=\"http:\/\/www.schoene-nachrichten.de\/wp-content\/uploads\/2008\/05\/080520_Blau_016.thumbnail.jpg\" alt=\"080520_Blau_016.jpg\" width=\"128\" \/><\/a><\/p>\n<p><!--more-->Bei den ersten Impfungen im landwirtschaftlichen Betrieb von Annette und Matthias Bug in Petersberg-B\u00f6ckels waren neben Vertretern der Veterin\u00e4rbeh\u00f6rden von Land und Kreis sowie der Herstellerfirma des Rinderimpfstoffs auch der hessische Minister f\u00fcr Umwelt, l\u00e4ndlichen Raum und Verbraucherschutz, Wilhelm Dietzel, sowie Landrat Bernd Woide anwesend. Der Kreisbauernverband Fulda-H\u00fcnfeld wurde durch seinen Vorsitzenden Lothar R\u00f6der vertreten.<\/p>\n<p><a title=\"Foto: Max Colin Heydenreich\" rel=\"lightbox[roadtrip]\" href=\"http:\/\/www.schoene-nachrichten.de\/wp-content\/uploads\/2008\/05\/080520_Blau_004.jpg\" target=\"_blank\"><img decoding=\"async\" src=\"http:\/\/www.schoene-nachrichten.de\/wp-content\/uploads\/2008\/05\/080520_Blau_004.thumbnail.jpg\" alt=\"080520_Blau_004.jpg\" width=\"128\" \/><\/a> <a title=\"Foto: Max Colin Heydenreich\" rel=\"lightbox[roadtrip]\" href=\"http:\/\/www.schoene-nachrichten.de\/wp-content\/uploads\/2008\/05\/080520_Blau_032.jpg\" target=\"_blank\"><img decoding=\"async\" src=\"http:\/\/www.schoene-nachrichten.de\/wp-content\/uploads\/2008\/05\/080520_Blau_032.thumbnail.jpg\" alt=\"080520_Blau_032.jpg\" width=\"128\" \/><\/a> <a title=\"Foto: Max Colin Heydenreich\" rel=\"lightbox[roadtrip]\" href=\"http:\/\/www.schoene-nachrichten.de\/wp-content\/uploads\/2008\/05\/080520_Blau_033.jpg\" target=\"_blank\"><img decoding=\"async\" src=\"http:\/\/www.schoene-nachrichten.de\/wp-content\/uploads\/2008\/05\/080520_Blau_033.thumbnail.jpg\" alt=\"080520_Blau_033.jpg\" width=\"128\" \/><\/a><\/p>\n<p><a title=\"Foto: Max Colin Heydenreich\" rel=\"lightbox[roadtrip]\" href=\"http:\/\/www.schoene-nachrichten.de\/wp-content\/uploads\/2008\/05\/080520_Blau_001.jpg\" target=\"_blank\"><img decoding=\"async\" src=\"http:\/\/www.schoene-nachrichten.de\/wp-content\/uploads\/2008\/05\/080520_Blau_001.thumbnail.jpg\" alt=\"080520_Blau_001.jpg\" width=\"128\" \/><\/a> <a title=\"Foto: Max Colin Heydenreich\" rel=\"lightbox[roadtrip]\" href=\"http:\/\/www.schoene-nachrichten.de\/wp-content\/uploads\/2008\/05\/080520_Blau_002.jpg\" target=\"_blank\"><img decoding=\"async\" src=\"http:\/\/www.schoene-nachrichten.de\/wp-content\/uploads\/2008\/05\/080520_Blau_002.thumbnail.jpg\" alt=\"080520_Blau_002.jpg\" width=\"128\" \/><\/a> <a title=\"Foto: Max Colin Heydenreich\" rel=\"lightbox[roadtrip]\" href=\"http:\/\/www.schoene-nachrichten.de\/wp-content\/uploads\/2008\/05\/080520_Blau_003.jpg\" target=\"_blank\"><img decoding=\"async\" src=\"http:\/\/www.schoene-nachrichten.de\/wp-content\/uploads\/2008\/05\/080520_Blau_003.thumbnail.jpg\" alt=\"080520_Blau_003.jpg\" width=\"128\" \/><\/a><br \/>\n<strong><br \/>\nKonzertierte Aktion in Hessen<\/strong><\/p>\n<p>Der Landkreis Fulda bildet deshalb den Auftakt der Impfaktion, weil es sich um den rinderreichsten hessischen Landkreis handelt und aufgrund der geografischen Lage bislang nur Einzelf\u00e4lle der Blauzungenkrankheit aufgetreten sind, die durch M\u00fccken \u00fcbertragen wird. Die hiesige Rinderpopulation ist daher nur wenig auf nat\u00fcrlichem Weg immunisiert, so dass ein gr\u00f6\u00dferer Ausbruch der Tierseuche verheerende Folgen f\u00fcr die heimische Landwirtschaft h\u00e4tte.<\/p>\n<p><a title=\"Foto: Max Colin Heydenreich\" rel=\"lightbox[roadtrip]\" href=\"http:\/\/www.schoene-nachrichten.de\/wp-content\/uploads\/2008\/05\/080520_Blau_019.jpg\" target=\"_blank\"><img decoding=\"async\" src=\"http:\/\/www.schoene-nachrichten.de\/wp-content\/uploads\/2008\/05\/080520_Blau_019.thumbnail.jpg\" alt=\"080520_Blau_019.jpg\" width=\"128\" \/><\/a> <a title=\"Foto: Max Colin Heydenreich\" rel=\"lightbox[roadtrip]\" href=\"http:\/\/www.schoene-nachrichten.de\/wp-content\/uploads\/2008\/05\/080520_Blau_020.jpg\" target=\"_blank\"><img decoding=\"async\" src=\"http:\/\/www.schoene-nachrichten.de\/wp-content\/uploads\/2008\/05\/080520_Blau_020.thumbnail.jpg\" alt=\"080520_Blau_020.jpg\" width=\"128\" \/><\/a> <a title=\"Foto: Max Colin Heydenreich\" rel=\"lightbox[roadtrip]\" href=\"http:\/\/www.schoene-nachrichten.de\/wp-content\/uploads\/2008\/05\/080520_Blau_021.jpg\" target=\"_blank\"><img decoding=\"async\" src=\"http:\/\/www.schoene-nachrichten.de\/wp-content\/uploads\/2008\/05\/080520_Blau_021.thumbnail.jpg\" alt=\"080520_Blau_021.jpg\" width=\"128\" \/><\/a><\/p>\n<p><a title=\"Foto: Max Colin Heydenreich\" rel=\"lightbox[roadtrip]\" href=\"http:\/\/www.schoene-nachrichten.de\/wp-content\/uploads\/2008\/05\/080520_Blau_022.jpg\" target=\"_blank\"><img decoding=\"async\" src=\"http:\/\/www.schoene-nachrichten.de\/wp-content\/uploads\/2008\/05\/080520_Blau_022.thumbnail.jpg\" alt=\"080520_Blau_022.jpg\" width=\"128\" \/><\/a> <a title=\"Foto: Max Colin Heydenreich\" rel=\"lightbox[roadtrip]\" href=\"http:\/\/www.schoene-nachrichten.de\/wp-content\/uploads\/2008\/05\/080520_Blau_025.jpg\" target=\"_blank\"><img decoding=\"async\" src=\"http:\/\/www.schoene-nachrichten.de\/wp-content\/uploads\/2008\/05\/080520_Blau_025.thumbnail.jpg\" alt=\"080520_Blau_025.jpg\" width=\"128\" \/><\/a> <a title=\"Foto: Max Colin Heydenreich\" rel=\"lightbox[roadtrip]\" href=\"http:\/\/www.schoene-nachrichten.de\/wp-content\/uploads\/2008\/05\/080520_Blau_024.jpg\" target=\"_blank\"><img decoding=\"async\" src=\"http:\/\/www.schoene-nachrichten.de\/wp-content\/uploads\/2008\/05\/080520_Blau_024.thumbnail.jpg\" alt=\"080520_Blau_024.jpg\" width=\"128\" \/><\/a><\/p>\n<p>Mit Blick auf die l\u00e4ndliche Struktur des Kreises sprach Landrat Woide von einem regional und \u00fcberregional bedeutsamen Ereignis, was auch die gro\u00dfe Medienpr\u00e4senz unterstreiche. Er zeigte sich erfreut, dass \u201ewir vom Reden zum Handeln kommen\u201c. Die Impfung sei eine wichtige prophylaktische Ma\u00dfnahme. Eine separate Aktion w\u00fcrde wenig Sinn machen, so dass sich die Veterin\u00e4rbeh\u00f6rden in Hessen zum konzertierten Vorgehen entschlossen h\u00e4tten.<\/p>\n<p><a title=\"Foto: Max Colin Heydenreich\" rel=\"lightbox[roadtrip]\" href=\"http:\/\/www.schoene-nachrichten.de\/wp-content\/uploads\/2008\/05\/080520_Blau_037.jpg\" target=\"_blank\"><img decoding=\"async\" src=\"http:\/\/www.schoene-nachrichten.de\/wp-content\/uploads\/2008\/05\/080520_Blau_037.thumbnail.jpg\" alt=\"080520_Blau_037.jpg\" width=\"128\" \/><\/a> <a title=\"Foto: Max Colin Heydenreich\" rel=\"lightbox[roadtrip]\" href=\"http:\/\/www.schoene-nachrichten.de\/wp-content\/uploads\/2008\/05\/080520_Blau_035.jpg\" target=\"_blank\"><img decoding=\"async\" src=\"http:\/\/www.schoene-nachrichten.de\/wp-content\/uploads\/2008\/05\/080520_Blau_035.thumbnail.jpg\" alt=\"080520_Blau_035.jpg\" width=\"128\" \/><\/a> <a title=\"Foto: Max Colin Heydenreich\" rel=\"lightbox[roadtrip]\" href=\"http:\/\/www.schoene-nachrichten.de\/wp-content\/uploads\/2008\/05\/080520_Blau_039.jpg\" target=\"_blank\"><img decoding=\"async\" src=\"http:\/\/www.schoene-nachrichten.de\/wp-content\/uploads\/2008\/05\/080520_Blau_039.thumbnail.jpg\" alt=\"080520_Blau_039.jpg\" width=\"128\" \/><\/a><\/p>\n<p><a title=\"Foto: Max Colin Heydenreich\" rel=\"lightbox[roadtrip]\" href=\"http:\/\/www.schoene-nachrichten.de\/wp-content\/uploads\/2008\/05\/080520_Blau_013.jpg\" target=\"_blank\"><img decoding=\"async\" src=\"http:\/\/www.schoene-nachrichten.de\/wp-content\/uploads\/2008\/05\/080520_Blau_013.thumbnail.jpg\" alt=\"080520_Blau_013.jpg\" width=\"128\" \/><\/a> <a title=\"Foto: Max Colin Heydenreich\" rel=\"lightbox[roadtrip]\" href=\"http:\/\/www.schoene-nachrichten.de\/wp-content\/uploads\/2008\/05\/080520_Blau_014.jpg\" target=\"_blank\"><img decoding=\"async\" src=\"http:\/\/www.schoene-nachrichten.de\/wp-content\/uploads\/2008\/05\/080520_Blau_014.thumbnail.jpg\" alt=\"080520_Blau_014.jpg\" width=\"128\" \/><\/a> <a title=\"Foto: Max Colin Heydenreich\" rel=\"lightbox[roadtrip]\" href=\"http:\/\/www.schoene-nachrichten.de\/wp-content\/uploads\/2008\/05\/080520_Blau_015.jpg\" target=\"_blank\"><img decoding=\"async\" src=\"http:\/\/www.schoene-nachrichten.de\/wp-content\/uploads\/2008\/05\/080520_Blau_015.thumbnail.jpg\" alt=\"080520_Blau_015.jpg\" width=\"128\" \/><\/a><\/p>\n<p><strong>Ohne Impfung Infektionsrisiko<\/strong><\/p>\n<p>Laut Angaben von Staatsminister Dietzel kostet der Impfstoff f\u00fcr die hessenweite Blauzungenimpfung rund 940.000 Euro. Nach dem ersten Auftreten der urspr\u00fcnglich auf den Mittelmeerraum beschr\u00e4nkten Tierkrankheit im November 2006 in Hessen habe das Land umgehend die Entwicklung eines Serums in Auftrag gegeben, das offiziell noch gar nicht zugelassen, aber per Eilverordnung des Bundes genehmigt worden sei. \u201eSchneller ging es nicht.\u201c<\/p>\n<p><a title=\"Foto: Max Colin Heydenreich\" rel=\"lightbox[roadtrip]\" href=\"http:\/\/www.schoene-nachrichten.de\/wp-content\/uploads\/2008\/05\/080520_Blau_007.jpg\" target=\"_blank\"><img decoding=\"async\" src=\"http:\/\/www.schoene-nachrichten.de\/wp-content\/uploads\/2008\/05\/080520_Blau_007.thumbnail.jpg\" alt=\"080520_Blau_007.jpg\" width=\"128\" \/><\/a> <a title=\"Foto: Max Colin Heydenreich\" rel=\"lightbox[roadtrip]\" href=\"http:\/\/www.schoene-nachrichten.de\/wp-content\/uploads\/2008\/05\/080520_Blau_008.jpg\" target=\"_blank\"><img decoding=\"async\" src=\"http:\/\/www.schoene-nachrichten.de\/wp-content\/uploads\/2008\/05\/080520_Blau_008.thumbnail.jpg\" alt=\"080520_Blau_008.jpg\" width=\"128\" \/><\/a> <a title=\"Foto: Max Colin Heydenreich\" rel=\"lightbox[roadtrip]\" href=\"http:\/\/www.schoene-nachrichten.de\/wp-content\/uploads\/2008\/05\/080520_Blau_009.jpg\" target=\"_blank\"><img decoding=\"async\" src=\"http:\/\/www.schoene-nachrichten.de\/wp-content\/uploads\/2008\/05\/080520_Blau_009.thumbnail.jpg\" alt=\"080520_Blau_009.jpg\" width=\"128\" \/><\/a><\/p>\n<p><a title=\"Foto: Max Colin Heydenreich\" rel=\"lightbox[roadtrip]\" href=\"http:\/\/www.schoene-nachrichten.de\/wp-content\/uploads\/2008\/05\/080520_Blau_010.jpg\" target=\"_blank\"><img decoding=\"async\" src=\"http:\/\/www.schoene-nachrichten.de\/wp-content\/uploads\/2008\/05\/080520_Blau_010.thumbnail.jpg\" alt=\"080520_Blau_010.jpg\" width=\"128\" \/><\/a> <a title=\"Foto: Max Colin Heydenreich\" rel=\"lightbox[roadtrip]\" href=\"http:\/\/www.schoene-nachrichten.de\/wp-content\/uploads\/2008\/05\/080520_Blau_036.jpg\" target=\"_blank\"><img decoding=\"async\" src=\"http:\/\/www.schoene-nachrichten.de\/wp-content\/uploads\/2008\/05\/080520_Blau_036.thumbnail.jpg\" alt=\"080520_Blau_036.jpg\" width=\"128\" \/><\/a> <a title=\"Foto: Max Colin Heydenreich\" rel=\"lightbox[roadtrip]\" href=\"http:\/\/www.schoene-nachrichten.de\/wp-content\/uploads\/2008\/05\/080520_Blau_011.jpg\" target=\"_blank\"><img decoding=\"async\" src=\"http:\/\/www.schoene-nachrichten.de\/wp-content\/uploads\/2008\/05\/080520_Blau_011.thumbnail.jpg\" alt=\"080520_Blau_011.jpg\" width=\"128\" \/><\/a><\/p>\n<p>Nach Aussage von Lothar R\u00f6der m\u00fcsse angesichts der Bedeutung der heimischen Landwirtschaft, die zehn Prozent der Agrarg\u00fcter in Hessen erzeuge, alles unternommen werden, um \u201eSchaden von unseren b\u00e4uerlichen Betrieben abzuwenden\u201c. Von Seiten der Veterin\u00e4rbeh\u00f6rde des Landkreises hie\u00df es, dass die Tierhalter auch aus eigenem Interesse gut beraten seien, ihrer Impfpflicht nachzukommen. \u201eOhne Impfschutz steigt die Ansteckungsgefahr.\u201c<\/p>\n<p><a title=\"Foto: Max Colin Heydenreich\" rel=\"lightbox[roadtrip]\" href=\"http:\/\/www.schoene-nachrichten.de\/wp-content\/uploads\/2008\/05\/080520_Blau_031.jpg\" target=\"_blank\"><img decoding=\"async\" src=\"http:\/\/www.schoene-nachrichten.de\/wp-content\/uploads\/2008\/05\/080520_Blau_031.thumbnail.jpg\" alt=\"080520_Blau_031.jpg\" width=\"128\" \/><\/a> <a title=\"Foto: Max Colin Heydenreich\" rel=\"lightbox[roadtrip]\" href=\"http:\/\/www.schoene-nachrichten.de\/wp-content\/uploads\/2008\/05\/080520_Blau_005.jpg\" target=\"_blank\"><img decoding=\"async\" src=\"http:\/\/www.schoene-nachrichten.de\/wp-content\/uploads\/2008\/05\/080520_Blau_005.thumbnail.jpg\" alt=\"080520_Blau_005.jpg\" width=\"128\" \/><\/a> <a title=\"Foto: Max Colin Heydenreich\" rel=\"lightbox[roadtrip]\" href=\"http:\/\/www.schoene-nachrichten.de\/wp-content\/uploads\/2008\/05\/080520_Blau_006.jpg\" target=\"_blank\"><img decoding=\"async\" src=\"http:\/\/www.schoene-nachrichten.de\/wp-content\/uploads\/2008\/05\/080520_Blau_006.thumbnail.jpg\" alt=\"080520_Blau_006.jpg\" width=\"128\" \/><\/a><\/p>\n<p><a title=\"Foto: Max Colin Heydenreich\" rel=\"lightbox[roadtrip]\" href=\"http:\/\/www.schoene-nachrichten.de\/wp-content\/uploads\/2008\/05\/080520_Blau_027.jpg\" target=\"_blank\"><img decoding=\"async\" src=\"http:\/\/www.schoene-nachrichten.de\/wp-content\/uploads\/2008\/05\/080520_Blau_027.thumbnail.jpg\" alt=\"080520_Blau_027.jpg\" width=\"128\" \/><\/a> <a title=\"Foto: Max Colin Heydenreich\" rel=\"lightbox[roadtrip]\" href=\"http:\/\/www.schoene-nachrichten.de\/wp-content\/uploads\/2008\/05\/080520_Blau_017.jpg\" target=\"_blank\"><img decoding=\"async\" src=\"http:\/\/www.schoene-nachrichten.de\/wp-content\/uploads\/2008\/05\/080520_Blau_017.thumbnail.jpg\" alt=\"080520_Blau_017.jpg\" width=\"128\" \/><\/a> <a title=\"Foto: Max Colin Heydenreich\" rel=\"lightbox[roadtrip]\" href=\"http:\/\/www.schoene-nachrichten.de\/wp-content\/uploads\/2008\/05\/080520_Blau_018.jpg\" target=\"_blank\"><img decoding=\"async\" src=\"http:\/\/www.schoene-nachrichten.de\/wp-content\/uploads\/2008\/05\/080520_Blau_018.thumbnail.jpg\" alt=\"080520_Blau_018.jpg\" width=\"128\" \/><\/a> <a title=\"Foto: Max Colin Heydenreich\" rel=\"lightbox[roadtrip]\" href=\"http:\/\/www.schoene-nachrichten.de\/wp-content\/uploads\/2008\/05\/080520_Blau_027.jpg\" target=\"_blank\"><br \/>\n<\/a><\/p>\n<p><a title=\"Foto: Max Colin Heydenreich\" rel=\"lightbox[roadtrip]\" href=\"http:\/\/www.schoene-nachrichten.de\/wp-content\/uploads\/2008\/05\/080520_Blau_028.jpg\" target=\"_blank\"><img decoding=\"async\" src=\"http:\/\/www.schoene-nachrichten.de\/wp-content\/uploads\/2008\/05\/080520_Blau_028.thumbnail.jpg\" alt=\"080520_Blau_028.jpg\" width=\"128\" \/><\/a> <a title=\"Foto: Max Colin Heydenreich\" rel=\"lightbox[roadtrip]\" href=\"http:\/\/www.schoene-nachrichten.de\/wp-content\/uploads\/2008\/05\/080520_Blau_029.jpg\" target=\"_blank\"><img decoding=\"async\" src=\"http:\/\/www.schoene-nachrichten.de\/wp-content\/uploads\/2008\/05\/080520_Blau_029.thumbnail.jpg\" alt=\"080520_Blau_029.jpg\" width=\"128\" \/><\/a> <a title=\"Foto: Max Colin Heydenreich\" rel=\"lightbox[roadtrip]\" href=\"http:\/\/www.schoene-nachrichten.de\/wp-content\/uploads\/2008\/05\/080520_Blau_030.jpg\" target=\"_blank\"><img decoding=\"async\" src=\"http:\/\/www.schoene-nachrichten.de\/wp-content\/uploads\/2008\/05\/080520_Blau_030.thumbnail.jpg\" alt=\"080520_Blau_030.jpg\" width=\"128\" \/><\/a><\/p>\n<p><a title=\"Foto: Max Colin Heydenreich\" rel=\"lightbox[roadtrip]\" href=\"http:\/\/www.schoene-nachrichten.de\/wp-content\/uploads\/2008\/05\/080520_Blau_034.jpg\" target=\"_blank\"><img decoding=\"async\" src=\"http:\/\/www.schoene-nachrichten.de\/wp-content\/uploads\/2008\/05\/080520_Blau_034.thumbnail.jpg\" alt=\"080520_Blau_034.jpg\" width=\"128\" \/><\/a> <a title=\"Foto: Max Colin Heydenreich\" rel=\"lightbox[roadtrip]\" href=\"http:\/\/www.schoene-nachrichten.de\/wp-content\/uploads\/2008\/05\/080520_Blau_040.jpg\" target=\"_blank\"><img decoding=\"async\" src=\"http:\/\/www.schoene-nachrichten.de\/wp-content\/uploads\/2008\/05\/080520_Blau_040.thumbnail.jpg\" alt=\"080520_Blau_040.jpg\" width=\"128\" \/><\/a> <a title=\"Foto: Max Colin Heydenreich\" rel=\"lightbox[roadtrip]\" href=\"http:\/\/www.schoene-nachrichten.de\/wp-content\/uploads\/2008\/05\/080520_Blau_041.jpg\" target=\"_blank\"><img decoding=\"async\" src=\"http:\/\/www.schoene-nachrichten.de\/wp-content\/uploads\/2008\/05\/080520_Blau_041.thumbnail.jpg\" alt=\"080520_Blau_041.jpg\" width=\"128\" \/><\/a><\/p>\n","protected":false},"excerpt":{"rendered":"<div class=\"tmnf_excerpt\"><p>etersberg-B\u00f6ckels. Die landesweite Impfaktion gegen die Blauzungenkrankheit hat heute im Landkreis Fulda begonnen. Als n\u00e4chstes werden Anfang Juni der Landkreis Marburg-Biedenkopf und der Vogelsbergkreis folgen. Bis Ende des Jahres m\u00fcssen in ganz Hessen rund 500.000 Rinder sowie etwa 350.000 Schafe und Ziegen geimpft werden. Davon entfallen rund 66.000 Rinder sowie 13.000 Schafe und Ziegen allein &hellip;<\/p>\n<\/div>","protected":false},"author":1,"featured_media":0,"comment_status":"closed","ping_status":"closed","sticky":false,"template":"","format":"standard","meta":{"footnotes":""},"categories":[1,54,52],"tags":[],"class_list":["post-9427","post","type-post","status-publish","format-standard","hentry","category-startseite","category-bildergalerien","category-umwelt"],"_links":{"self":[{"href":"https:\/\/www.fuldaernachrichten.de\/index.php?rest_route=\/wp\/v2\/posts\/9427","targetHints":{"allow":["GET"]}}],"collection":[{"href":"https:\/\/www.fuldaernachrichten.de\/index.php?rest_route=\/wp\/v2\/posts"}],"about":[{"href":"https:\/\/www.fuldaernachrichten.de\/index.php?rest_route=\/wp\/v2\/types\/post"}],"author":[{"embeddable":true,"href":"https:\/\/www.fuldaernachrichten.de\/index.php?rest_route=\/wp\/v2\/users\/1"}],"replies":[{"embeddable":true,"href":"https:\/\/www.fuldaernachrichten.de\/index.php?rest_route=%2Fwp%2Fv2%2Fcomments&post=9427"}],"version-history":[{"count":0,"href":"https:\/\/www.fuldaernachrichten.de\/index.php?rest_route=\/wp\/v2\/posts\/9427\/revisions"}],"wp:attachment":[{"href":"https:\/\/www.fuldaernachrichten.de\/index.php?rest_route=%2Fwp%2Fv2%2Fmedia&parent=9427"}],"wp:term":[{"taxonomy":"category","embeddable":true,"href":"https:\/\/www.fuldaernachrichten.de\/index.php?rest_route=%2Fwp%2Fv2%2Fcategories&post=9427"},{"taxonomy":"post_tag","embeddable":true,"href":"https:\/\/www.fuldaernachrichten.de\/index.php?rest_route=%2Fwp%2Fv2%2Ftags&post=9427"}],"curies":[{"name":"wp","href":"https:\/\/api.w.org\/{rel}","templated":true}]}}