{"id":94232,"date":"2012-01-04T00:11:01","date_gmt":"2012-01-04T00:11:01","guid":{"rendered":"http:\/\/www.fuldaer-nachrichten.de\/?p=94232"},"modified":"2012-01-03T16:39:15","modified_gmt":"2012-01-03T16:39:15","slug":"rententipps-fur-frauen-arbeitsagentur-und-rentenversicherung-informieren-5","status":"publish","type":"post","link":"https:\/\/www.fuldaernachrichten.de\/?p=94232","title":{"rendered":"Rententipps f\u00fcr Frauen: Arbeitsagentur und Rentenversicherung informieren"},"content":{"rendered":"<p><strong><a href=\"http:\/\/www.fuldaer-nachrichten.de\/wp-content\/uploads\/2012\/01\/120103_Rentenversicherung.jpg\"><img decoding=\"async\" class=\"alignleft size-thumbnail wp-image-94233\" title=\"120103_Rentenversicherung\" src=\"http:\/\/www.fuldaer-nachrichten.de\/wp-content\/uploads\/2012\/01\/120103_Rentenversicherung-265x176.jpg\" alt=\"\" width=\"265\" height=\"176\" srcset=\"https:\/\/www.fuldaernachrichten.de\/wp-content\/uploads\/2012\/01\/120103_Rentenversicherung-265x176.jpg 265w, https:\/\/www.fuldaernachrichten.de\/wp-content\/uploads\/2012\/01\/120103_Rentenversicherung.jpg 592w\" sizes=\"(max-width: 265px) 100vw, 265px\" \/><\/a>Bad Hersfeld. <\/strong>Nach Angaben der Arbeitsagentur Bad Hersfeld haben interessierte Frauen am 11. Januar die M\u00f6glichkeit, an einem Vortrag zum Thema Rente teilzunehmen. Das Seminar mit dem Namen \u201eBonus f\u00fcr die Rente\u201c wird von der Agentur aus Anlass einer Vortragsreihe f\u00fcr Frauen angeboten. Inhalte sind die Auswirkungen von Mini-Jobs, Teilzeitbesch\u00e4ftigung und Kindererziehung auf die sp\u00e4tere Rente beziehungsweise auf das Arbeitslosengeld. \u201eTrotz Gleichstellungspolitik und Frauenf\u00f6rderung sind es nach wie vor die Frauen, die ihre Erwerbst\u00e4tigkeit wegen der Kindererziehung oder der Pflege von Angeh\u00f6rigen unterbrechen, einer Teilzeitbesch\u00e4ftigung nachgehen oder einen Minijob aus\u00fcben\u201c, sagt Melanie Bonacker, Beauftragte f\u00fcr Chancengleichheit am Arbeitsmarkt.<!--more--><\/p>\n<p>\u201eEs ist deshalb wichtig, sich \u00fcber das eigene Rentenkonto zu informieren und rechtzeitig Vorsorge zu treffen\u201c, so Bonacker weiter. Der Vortrag findet von 9 bis 11:30 Uhr im Gruppenraum des Berufsinformationszentrums der Agentur f\u00fcr Arbeit Bad Hersfeld statt. Als Referent wird ein Experte der Deutschen Rentenversicherung vor Ort sein. Teilnehmen k\u00f6nnen Frauen aller Alters- und Berufsgruppen, die erwerbst\u00e4tig sind oder sein wollen. Damit effektiv gearbeitet werden kann, ist die Teilnehmerinnenzahl auf 25 Personen begrenzt. Eine schriftliche oder telefonische Anmeldung ist deshalb erforderlich.<\/p>\n<p><strong>Kontakt<\/strong><\/p>\n<p>Tel.: 06621 \/ 209 \u2013 543<br \/>\nE-Mail: BadHersfeld.BCA@arbeitsagentur.de<\/p>\n","protected":false},"excerpt":{"rendered":"<div class=\"tmnf_excerpt\"><p>Bad Hersfeld. Nach Angaben der Arbeitsagentur Bad Hersfeld haben interessierte Frauen am 11. Januar die M\u00f6glichkeit, an einem Vortrag zum Thema Rente teilzunehmen. Das Seminar mit dem Namen \u201eBonus f\u00fcr die Rente\u201c wird von der Agentur aus Anlass einer Vortragsreihe f\u00fcr Frauen angeboten. Inhalte sind die Auswirkungen von Mini-Jobs, Teilzeitbesch\u00e4ftigung und Kindererziehung auf die sp\u00e4tere &hellip;<\/p>\n<\/div>","protected":false},"author":1,"featured_media":0,"comment_status":"closed","ping_status":"closed","sticky":false,"template":"","format":"standard","meta":{"footnotes":""},"categories":[1],"tags":[],"class_list":["post-94232","post","type-post","status-publish","format-standard","hentry","category-startseite"],"_links":{"self":[{"href":"https:\/\/www.fuldaernachrichten.de\/index.php?rest_route=\/wp\/v2\/posts\/94232","targetHints":{"allow":["GET"]}}],"collection":[{"href":"https:\/\/www.fuldaernachrichten.de\/index.php?rest_route=\/wp\/v2\/posts"}],"about":[{"href":"https:\/\/www.fuldaernachrichten.de\/index.php?rest_route=\/wp\/v2\/types\/post"}],"author":[{"embeddable":true,"href":"https:\/\/www.fuldaernachrichten.de\/index.php?rest_route=\/wp\/v2\/users\/1"}],"replies":[{"embeddable":true,"href":"https:\/\/www.fuldaernachrichten.de\/index.php?rest_route=%2Fwp%2Fv2%2Fcomments&post=94232"}],"version-history":[{"count":0,"href":"https:\/\/www.fuldaernachrichten.de\/index.php?rest_route=\/wp\/v2\/posts\/94232\/revisions"}],"wp:attachment":[{"href":"https:\/\/www.fuldaernachrichten.de\/index.php?rest_route=%2Fwp%2Fv2%2Fmedia&parent=94232"}],"wp:term":[{"taxonomy":"category","embeddable":true,"href":"https:\/\/www.fuldaernachrichten.de\/index.php?rest_route=%2Fwp%2Fv2%2Fcategories&post=94232"},{"taxonomy":"post_tag","embeddable":true,"href":"https:\/\/www.fuldaernachrichten.de\/index.php?rest_route=%2Fwp%2Fv2%2Ftags&post=94232"}],"curies":[{"name":"wp","href":"https:\/\/api.w.org\/{rel}","templated":true}]}}