{"id":94153,"date":"2011-12-31T00:08:48","date_gmt":"2011-12-31T00:08:48","guid":{"rendered":"http:\/\/www.fuldaer-nachrichten.de\/?p=94153"},"modified":"2011-12-31T15:56:45","modified_gmt":"2011-12-31T15:56:45","slug":"brunnen-fur-mfou-kamerun-dank-an-die-zahlreichen-spender-neues-projekt-waisenhaus","status":"publish","type":"post","link":"https:\/\/www.fuldaernachrichten.de\/?p=94153","title":{"rendered":"Brunnen f\u00fcr Mfou (Kamerun) &#8211; Dank an die zahlreichen Spender &#8211; Neues Hilfsprojekt: Waisenhaus"},"content":{"rendered":"<p><a href=\"http:\/\/www.fuldaer-nachrichten.de\/wp-content\/uploads\/2011\/12\/DSCF4357.jpg\"><img fetchpriority=\"high\" decoding=\"async\" class=\"alignnone size-full wp-image-94155\" title=\"DSCF4357\" src=\"http:\/\/www.fuldaer-nachrichten.de\/wp-content\/uploads\/2011\/12\/DSCF4357.jpg\" alt=\"\" width=\"560\" height=\"444\" \/><\/a><\/p>\n<p>Fulda. Zahlreiche Spender der Stadtpfarrei und der katholischen Pfarrgemeinde Heilig Geist haben es Pfarrer Michel-Marc Mvomo in seiner Gemeinde Mfou (Kamerun) erm\u00f6glicht, einen Brunnen zu bauen. Mit gro\u00dfer Freude und Dankbarkeit hat der Pfarrer Bilder von der Einweihung des Brunnen gesandt.Viele Fuldaer kennen Pfarrer Michel &#8211; er ist in seiner Gemeinde unerm\u00fcdlich im Einsatz. Zurzeit erweitert er ein Waisenhaus, um 170 Kindern ein zu Hause zu geben. Um dieses Projekt realisieren zu k\u00f6nnen, bittet er die hiesige Bev\u00f6lkerung um Hilfe. \u00dcber Sach- und Geldspenden w\u00fcrde sich der engagierte Pfarrer sehr freuen.<\/p>\n<p>Fotos: privat<\/p>\n<p><a href=\"http:\/\/www.fuldaer-nachrichten.de\/wp-content\/uploads\/2011\/12\/DSCF0957-k.jpg\"><img decoding=\"async\" class=\"alignnone size-thumbnail wp-image-94154\" title=\"DSCF0957-k\" src=\"http:\/\/www.fuldaer-nachrichten.de\/wp-content\/uploads\/2011\/12\/DSCF0957-k-265x198.jpg\" alt=\"\" width=\"265\" height=\"198\" srcset=\"https:\/\/www.fuldaernachrichten.de\/wp-content\/uploads\/2011\/12\/DSCF0957-k-265x198.jpg 265w, https:\/\/www.fuldaernachrichten.de\/wp-content\/uploads\/2011\/12\/DSCF0957-k.jpg 592w\" sizes=\"(max-width: 265px) 100vw, 265px\" \/> <\/a><a href=\"http:\/\/www.fuldaer-nachrichten.de\/wp-content\/uploads\/2011\/12\/P7240490.jpg\"><img decoding=\"async\" class=\"alignnone size-thumbnail wp-image-94162\" title=\"P7240490\" src=\"http:\/\/www.fuldaer-nachrichten.de\/wp-content\/uploads\/2011\/12\/P7240490-265x198.jpg\" alt=\"\" width=\"265\" height=\"198\" srcset=\"https:\/\/www.fuldaernachrichten.de\/wp-content\/uploads\/2011\/12\/P7240490-265x198.jpg 265w, https:\/\/www.fuldaernachrichten.de\/wp-content\/uploads\/2011\/12\/P7240490.jpg 592w\" sizes=\"(max-width: 265px) 100vw, 265px\" \/><\/a><\/p>\n<p>Das t\u00e4gliche Leben in Kamerun ist sehr beschwerlich und m\u00fchsam. Es gibt kaum Gelegenheiten, um Geld zu verdienen.Deshalb hat eine Familie aus Fulda eine \u00d6lpressmaschine erworben, damit die Gemeindmitglieder aus Palmen und Oliven \u00d6l pressen und verkaufen k\u00f6nnen. Auch eine Palmenplantage wurde\u00c2\u00a0durch Fuldaer M\u00e4zene angelegt.<\/p>\n<p><a href=\"http:\/\/www.fuldaer-nachrichten.de\/wp-content\/uploads\/2011\/12\/DSCF4878.jpg\"><img loading=\"lazy\" decoding=\"async\" class=\"alignnone size-thumbnail wp-image-94157\" title=\"DSCF4878\" src=\"http:\/\/www.fuldaer-nachrichten.de\/wp-content\/uploads\/2011\/12\/DSCF4878-265x198.jpg\" alt=\"\" width=\"265\" height=\"198\" srcset=\"https:\/\/www.fuldaernachrichten.de\/wp-content\/uploads\/2011\/12\/DSCF4878-265x198.jpg 265w, https:\/\/www.fuldaernachrichten.de\/wp-content\/uploads\/2011\/12\/DSCF4878.jpg 592w\" sizes=\"(max-width: 265px) 100vw, 265px\" \/> <\/a><a href=\"http:\/\/www.fuldaer-nachrichten.de\/wp-content\/uploads\/2011\/12\/DSCF4866.jpg\"><img loading=\"lazy\" decoding=\"async\" class=\"alignnone size-thumbnail wp-image-94156\" title=\"DSCF4866\" src=\"http:\/\/www.fuldaer-nachrichten.de\/wp-content\/uploads\/2011\/12\/DSCF4866-265x198.jpg\" alt=\"\" width=\"265\" height=\"198\" srcset=\"https:\/\/www.fuldaernachrichten.de\/wp-content\/uploads\/2011\/12\/DSCF4866-265x198.jpg 265w, https:\/\/www.fuldaernachrichten.de\/wp-content\/uploads\/2011\/12\/DSCF4866.jpg 592w\" sizes=\"(max-width: 265px) 100vw, 265px\" \/><\/a><\/p>\n<p>Jetzt m\u00f6chte Pfarrer Michel eine Gem\u00fcseplantage anpflanzen, damit die Kinder in der Gemeinde und vor allem im Waisenhaus gen\u00fcgend zu essen haben und nicht allzu gro\u00dfen Hunger leiden m\u00fcssen.<\/p>\n<p><strong>Wer spenden m\u00f6chte:<\/strong><\/p>\n<p><strong>Mit Quittung:<\/strong><br \/>\nHumanitas e.V. G\u00fctersloh International<br \/>\nSparkasse G\u00fctersloh BLZ: 47850065\u00c2\u00a0 Kto.Nr: 3434<\/p>\n<p><strong>Ohne Quittung:<\/strong><br \/>\nSparkasse Fulda\u00c2\u00a0 BLZ 53050180\u00c2\u00a0\u00c2\u00a0 Kto.Nr: 40655594\u00c2\u00a0 Stichwort: Pfarrer Michel<\/p>\n<p><strong>F\u00fcr guterhaltene Sachspenden<\/strong> jeder Art rufen Sie bitte folgende Tel. Nr. an:\u00c2\u00a0 0661 &#8211; 67908670<\/p>\n","protected":false},"excerpt":{"rendered":"<div class=\"tmnf_excerpt\"><p>Fulda. Zahlreiche Spender der Stadtpfarrei und der katholischen Pfarrgemeinde Heilig Geist haben es Pfarrer Michel-Marc Mvomo in seiner Gemeinde Mfou (Kamerun) erm\u00f6glicht, einen Brunnen zu bauen. Mit gro\u00dfer Freude und Dankbarkeit hat der Pfarrer Bilder von der Einweihung des Brunnen gesandt.Viele Fuldaer kennen Pfarrer Michel &#8211; er ist in seiner Gemeinde unerm\u00fcdlich im Einsatz. Zurzeit &hellip;<\/p>\n<\/div>","protected":false},"author":1,"featured_media":0,"comment_status":"closed","ping_status":"closed","sticky":false,"template":"","format":"standard","meta":{"footnotes":""},"categories":[1,50,78],"tags":[],"class_list":["post-94153","post","type-post","status-publish","format-standard","hentry","category-startseite","category-kirche","category-topthema"],"_links":{"self":[{"href":"https:\/\/www.fuldaernachrichten.de\/index.php?rest_route=\/wp\/v2\/posts\/94153","targetHints":{"allow":["GET"]}}],"collection":[{"href":"https:\/\/www.fuldaernachrichten.de\/index.php?rest_route=\/wp\/v2\/posts"}],"about":[{"href":"https:\/\/www.fuldaernachrichten.de\/index.php?rest_route=\/wp\/v2\/types\/post"}],"author":[{"embeddable":true,"href":"https:\/\/www.fuldaernachrichten.de\/index.php?rest_route=\/wp\/v2\/users\/1"}],"replies":[{"embeddable":true,"href":"https:\/\/www.fuldaernachrichten.de\/index.php?rest_route=%2Fwp%2Fv2%2Fcomments&post=94153"}],"version-history":[{"count":1,"href":"https:\/\/www.fuldaernachrichten.de\/index.php?rest_route=\/wp\/v2\/posts\/94153\/revisions"}],"predecessor-version":[{"id":94163,"href":"https:\/\/www.fuldaernachrichten.de\/index.php?rest_route=\/wp\/v2\/posts\/94153\/revisions\/94163"}],"wp:attachment":[{"href":"https:\/\/www.fuldaernachrichten.de\/index.php?rest_route=%2Fwp%2Fv2%2Fmedia&parent=94153"}],"wp:term":[{"taxonomy":"category","embeddable":true,"href":"https:\/\/www.fuldaernachrichten.de\/index.php?rest_route=%2Fwp%2Fv2%2Fcategories&post=94153"},{"taxonomy":"post_tag","embeddable":true,"href":"https:\/\/www.fuldaernachrichten.de\/index.php?rest_route=%2Fwp%2Fv2%2Ftags&post=94153"}],"curies":[{"name":"wp","href":"https:\/\/api.w.org\/{rel}","templated":true}]}}