{"id":94150,"date":"2011-12-31T00:10:18","date_gmt":"2011-12-31T00:10:18","guid":{"rendered":"http:\/\/www.fuldaer-nachrichten.de\/?p=94150"},"modified":"2011-12-31T15:36:30","modified_gmt":"2011-12-31T15:36:30","slug":"ralph-burkhardt-zum-coo-bei-edwork-ernannt","status":"publish","type":"post","link":"https:\/\/www.fuldaernachrichten.de\/?p=94150","title":{"rendered":"Ralph Burkhardt zum COO bei EDWORK ernannt"},"content":{"rendered":"<p><strong><a href=\"http:\/\/www.fuldaer-nachrichten.de\/wp-content\/uploads\/2011\/12\/Ralph_Burkhardt_COO_EDWORK.jpg\"><img fetchpriority=\"high\" decoding=\"async\" class=\"alignleft size-thumbnail wp-image-94151\" title=\"Ralph_Burkhardt_COO_EDWORK\" src=\"http:\/\/www.fuldaer-nachrichten.de\/wp-content\/uploads\/2011\/12\/Ralph_Burkhardt_COO_EDWORK-265x234.jpg\" alt=\"\" width=\"265\" height=\"234\" srcset=\"https:\/\/www.fuldaernachrichten.de\/wp-content\/uploads\/2011\/12\/Ralph_Burkhardt_COO_EDWORK-265x234.jpg 265w, https:\/\/www.fuldaernachrichten.de\/wp-content\/uploads\/2011\/12\/Ralph_Burkhardt_COO_EDWORK.jpg 592w\" sizes=\"(max-width: 265px) 100vw, 265px\" \/><\/a>Fulda. <\/strong>Mit Jahresbeginn 2012 wurde Ralph Burkhardt zum Chief Operating Officer (COO) der EDWORK GmbH &amp; CO. KG, Fulda, ernannt. Damit verantwortet er nun das gesamte operative Gesch\u00e4ft des Personaldienstleistungs-Unternehmens.<!--more--><\/p>\n<p>Zu EDWORK kam Ralph Burkhardt (Jahrgang 1970) im Jahre 2008. Zusammen mit Thomas Stratmann und Markus Wehner fungiert er als EDWORK-Gesch\u00e4ftsf\u00fchrer. Elmar Hoff, Gesellschafter, Gesch\u00e4ftsf\u00fchrer und CEO (Chief Executive Officer) von EDWORK: \u201eRalph Burkhardt ist von Anfang an eine der tragenden S\u00e4ulen unseres Unternehmens und es war immer vorgesehen, dass wir ihn noch enger in die F\u00fchrungsverantwortung unseres Unternehmens einbeziehen wollen. Ich freue mich, dass wir in Ralph Burkhardt eine ganz besondere F\u00fchrungspers\u00f6nlichkeit im Unternehmen haben. Er kann im Tagesgesch\u00e4ft vor Ort ebenso kompetent und wirksam anpacken wie er als umsichtiger Manager die Strukturen und Abl\u00e4ufe des gesamten Unternehmens so koordiniert, dass die Kolleginnen und Kollegen vor Ort ihr volles Potenzial entfalten.\u201c<\/p>\n<p>Als Gesch\u00e4ftsf\u00fchrer und COO f\u00fchrt Ralph Burkhardt nun eigenverantwortlich das operative Gesch\u00e4ft von EDWORK. Zu seinen Aufgaben z\u00e4hlen die Leitung, Steuerung und Organisation der gesamten operativen Betriebsprozesse und der betrieblichen Leistungen der EDWORK, sowie die Koordination und F\u00fchrung \u00c2\u00a0der operativen Struktur und Dienstleistungen.<\/p>\n<p>Ralph Burkhardt ist 1970 in Ludwigsburg\u00c2\u00a0 geboren. Er studierte Elektrotechnik und arbeitete dann in der Fernmeldetechnik-Informationstechnik der Siemens AG in Berlin und Stuttgart. Weitere berufliche Schritte: Projektleiter als GU f\u00fcr die Deutsche Telekom AG in Jena, Berlin und Leipzig. 1997 sattelte er um und startete seine Karriere in der Personaldienstleistung. Bevor er 2008 als Gesch\u00e4ftsf\u00fchrer zur EDWORK GmbH &amp;Co. KG kam, war er Gesch\u00e4ftsf\u00fchrer Gebiet Mitte der Adecco Personaldienstleistungen GmbH, Fulda. Ralph Burkhardt ist verheiratet und hat eine Tochter.<\/p>\n","protected":false},"excerpt":{"rendered":"<div class=\"tmnf_excerpt\"><p>Fulda. Mit Jahresbeginn 2012 wurde Ralph Burkhardt zum Chief Operating Officer (COO) der EDWORK GmbH &amp; CO. KG, Fulda, ernannt. Damit verantwortet er nun das gesamte operative Gesch\u00e4ft des Personaldienstleistungs-Unternehmens.<\/p>\n<\/div>","protected":false},"author":1,"featured_media":0,"comment_status":"closed","ping_status":"closed","sticky":false,"template":"","format":"standard","meta":{"footnotes":""},"categories":[1,29],"tags":[],"class_list":["post-94150","post","type-post","status-publish","format-standard","hentry","category-startseite","category-politik"],"_links":{"self":[{"href":"https:\/\/www.fuldaernachrichten.de\/index.php?rest_route=\/wp\/v2\/posts\/94150","targetHints":{"allow":["GET"]}}],"collection":[{"href":"https:\/\/www.fuldaernachrichten.de\/index.php?rest_route=\/wp\/v2\/posts"}],"about":[{"href":"https:\/\/www.fuldaernachrichten.de\/index.php?rest_route=\/wp\/v2\/types\/post"}],"author":[{"embeddable":true,"href":"https:\/\/www.fuldaernachrichten.de\/index.php?rest_route=\/wp\/v2\/users\/1"}],"replies":[{"embeddable":true,"href":"https:\/\/www.fuldaernachrichten.de\/index.php?rest_route=%2Fwp%2Fv2%2Fcomments&post=94150"}],"version-history":[{"count":1,"href":"https:\/\/www.fuldaernachrichten.de\/index.php?rest_route=\/wp\/v2\/posts\/94150\/revisions"}],"predecessor-version":[{"id":94152,"href":"https:\/\/www.fuldaernachrichten.de\/index.php?rest_route=\/wp\/v2\/posts\/94150\/revisions\/94152"}],"wp:attachment":[{"href":"https:\/\/www.fuldaernachrichten.de\/index.php?rest_route=%2Fwp%2Fv2%2Fmedia&parent=94150"}],"wp:term":[{"taxonomy":"category","embeddable":true,"href":"https:\/\/www.fuldaernachrichten.de\/index.php?rest_route=%2Fwp%2Fv2%2Fcategories&post=94150"},{"taxonomy":"post_tag","embeddable":true,"href":"https:\/\/www.fuldaernachrichten.de\/index.php?rest_route=%2Fwp%2Fv2%2Ftags&post=94150"}],"curies":[{"name":"wp","href":"https:\/\/api.w.org\/{rel}","templated":true}]}}