{"id":94138,"date":"2011-12-30T00:25:17","date_gmt":"2011-12-30T00:25:17","guid":{"rendered":"http:\/\/www.fuldaer-nachrichten.de\/?p=94138"},"modified":"2011-12-30T10:04:45","modified_gmt":"2011-12-30T10:04:45","slug":"thw-ortsverband-neuhof-jahresabschluss-und-ehrungen","status":"publish","type":"post","link":"https:\/\/www.fuldaernachrichten.de\/?p=94138","title":{"rendered":"THW Ortsverband Neuhof: Jahresabschluss und Ehrungen"},"content":{"rendered":"<p><strong><a href=\"http:\/\/www.fuldaer-nachrichten.de\/wp-content\/uploads\/2011\/12\/111230_THW.jpg\"><img decoding=\"async\" class=\"alignleft size-thumbnail wp-image-94140\" title=\"111230_THW\" src=\"http:\/\/www.fuldaer-nachrichten.de\/wp-content\/uploads\/2011\/12\/111230_THW-265x177.jpg\" alt=\"\" width=\"265\" height=\"177\" srcset=\"https:\/\/www.fuldaernachrichten.de\/wp-content\/uploads\/2011\/12\/111230_THW-265x177.jpg 265w, https:\/\/www.fuldaernachrichten.de\/wp-content\/uploads\/2011\/12\/111230_THW.jpg 592w\" sizes=\"(max-width: 265px) 100vw, 265px\" \/><\/a>Neuhof. <\/strong>Der Ortsverband Neuhof des Technischen Hilfswerks (THW) beendete das Jahr 2011 mit einem Jahresr\u00fcckblick und Ehrungen verdienter Mitglieder. Der Ortsbeauftragte des THW-Neuhof, Dieter Auth, begr\u00fc\u00dfte rund 50 G\u00e4ste und Mitglieder des Ortsverbands. Als G\u00e4ste konnten Herr Hans-Georg Hartmann, Referatsleiter des THW-L\u00e4nderverbandes Hessen &#8211; Rheinland-Pfalz &#8211; Saarland, Herr Daniel Weber, Sachbearbeiter Einsatz und Herr Lothar M\u00f6ller, Sachbearbeiter Ausbildung der THW-Gesch\u00e4ftstelle Gelnhausen in der Unterkunft des THW in der Gieseler Stra\u00dfe 36 in Neuhof begr\u00fc\u00dft werden. Anschlie\u00dfend berichtete Auth \u00fcber die vielf\u00e4ltigen Aktivit\u00e4ten im Jahr 2011. Das Jahr begann mit einem Einsatz im Januar in Petersberg, bei dem der Ortsverband Neuhof an Sicherungsarbeiten am Dach eines Baumarktes beteiligt war, bei dem die zugelassene Dachlast durch den Schnee \u00fcberschritten wurde. <!--more--><\/p>\n<p>Eine \u00fcberregionale Hilfeleistung wurde im Sommer am N\u00fcrburgring durchgef\u00fchrt, bei dem insgesamt ca. 200 THW-Helfer aus dem L\u00e4nderverband im Einsatz waren, um die Sicherheit einer Gro\u00dfveranstaltung mit 10.000 Menschen zu gew\u00e4hrleisten. Zwei \u00e4hnliche Eins\u00e4tze fanden im Sommer in Frankfurt und Fulda statt, bei denen zwei Sportveranstaltungen abgesichert wurden. Des Weiteren unterst\u00fctzte die Fachgruppe Beleuchtung die Sicherheitsma\u00dfnahmen w\u00e4hrend einer Flug-Show in Gelnhausen mit der Bereitstellung von Strom und Beleuchtungsger\u00e4ten. Im November wurde der Ortsverband von der Feuerwehr aus Gersfeld zur \u00fcber\u00f6rtlichen Unterst\u00fctzung bei einem Gro\u00dfbrand in Maiersbach alarmiert.<\/p>\n<p>Ein gro\u00dfer Fokus wurde auch auf die Ausbildung der Ehrenamtlichen gelegt. Durch mehrere \u00dcbungen im Jahr 2011 bereiteten sich die Helferinnen und Helfer auf den Ernstfall vor. Auf die Jugendarbeit zeigte sich der Ortsbeauftragte besonders stolz. Als H\u00f6hepunkt der Nachwuchsarbeit kann die Gro\u00df\u00fcbung der Jugendabteilungen der Hilfsorganisationen im M\u00e4rz mit \u00fcber 120 Teilnehmerinnen und Teilnehmern angesehen werden. Hierzu fielen rund 150 Planungsstunden des Organisationsteams unter Leitung des Jugendbetreuers Miguel Nemelka an. Insgesamt leistete der Ortsverband in \u00fcber 400 Diensten rund 7600 Stunden.<\/p>\n<p>Nach dem Jahresr\u00fcckblick \u00fcbernahm Herr Hans-Georg Hartmann die Ehrungen verdienter Mitglieder. Die Helferzeichen in Gold wurden Herrn Alessio Cavaterra, Herrn David Wehner und Herrn Lucas Wolf f\u00fcr ihre stete Einsatzbereitschaft und ihr Engagement \u00fcberreicht. F\u00fcr zehnj\u00e4hriges Engagement wurde Herrn Florian Kraus die Zugeh\u00f6rigkeitsurkunde \u00fcbergeben. Herr Dirk N\u00fcchter wurde f\u00fcr 20 Jahre Mitgliedschaft geehrt, Herr Bernd Roth f\u00fcr 25 Jahre Mitgliedschaft und Herr Dieter Auth f\u00fcr 30 Jahre Mitgliedschaft. Der erste Dienst der Einsatzabteilung im Jahr 2012 findet am 12. Januar statt. Alle interessierten M\u00e4nner und Frauen ab 17 Jahren sind herzlichst eingeladen, das THW kennen zu lernen.<\/p>\n","protected":false},"excerpt":{"rendered":"<div class=\"tmnf_excerpt\"><p>Neuhof. Der Ortsverband Neuhof des Technischen Hilfswerks (THW) beendete das Jahr 2011 mit einem Jahresr\u00fcckblick und Ehrungen verdienter Mitglieder. Der Ortsbeauftragte des THW-Neuhof, Dieter Auth, begr\u00fc\u00dfte rund 50 G\u00e4ste und Mitglieder des Ortsverbands. Als G\u00e4ste konnten Herr Hans-Georg Hartmann, Referatsleiter des THW-L\u00e4nderverbandes Hessen &#8211; Rheinland-Pfalz &#8211; Saarland, Herr Daniel Weber, Sachbearbeiter Einsatz und Herr Lothar &hellip;<\/p>\n<\/div>","protected":false},"author":1,"featured_media":0,"comment_status":"closed","ping_status":"closed","sticky":false,"template":"","format":"standard","meta":{"footnotes":""},"categories":[1],"tags":[],"class_list":["post-94138","post","type-post","status-publish","format-standard","hentry","category-startseite"],"_links":{"self":[{"href":"https:\/\/www.fuldaernachrichten.de\/index.php?rest_route=\/wp\/v2\/posts\/94138","targetHints":{"allow":["GET"]}}],"collection":[{"href":"https:\/\/www.fuldaernachrichten.de\/index.php?rest_route=\/wp\/v2\/posts"}],"about":[{"href":"https:\/\/www.fuldaernachrichten.de\/index.php?rest_route=\/wp\/v2\/types\/post"}],"author":[{"embeddable":true,"href":"https:\/\/www.fuldaernachrichten.de\/index.php?rest_route=\/wp\/v2\/users\/1"}],"replies":[{"embeddable":true,"href":"https:\/\/www.fuldaernachrichten.de\/index.php?rest_route=%2Fwp%2Fv2%2Fcomments&post=94138"}],"version-history":[{"count":0,"href":"https:\/\/www.fuldaernachrichten.de\/index.php?rest_route=\/wp\/v2\/posts\/94138\/revisions"}],"wp:attachment":[{"href":"https:\/\/www.fuldaernachrichten.de\/index.php?rest_route=%2Fwp%2Fv2%2Fmedia&parent=94138"}],"wp:term":[{"taxonomy":"category","embeddable":true,"href":"https:\/\/www.fuldaernachrichten.de\/index.php?rest_route=%2Fwp%2Fv2%2Fcategories&post=94138"},{"taxonomy":"post_tag","embeddable":true,"href":"https:\/\/www.fuldaernachrichten.de\/index.php?rest_route=%2Fwp%2Fv2%2Ftags&post=94138"}],"curies":[{"name":"wp","href":"https:\/\/api.w.org\/{rel}","templated":true}]}}