{"id":94135,"date":"2011-12-30T00:11:40","date_gmt":"2011-12-30T00:11:40","guid":{"rendered":"http:\/\/www.fuldaer-nachrichten.de\/?p=94135"},"modified":"2011-12-30T09:57:47","modified_gmt":"2011-12-30T09:57:47","slug":"frankfurter-umweltzone-ran-an-die-grunen-plaketten","status":"publish","type":"post","link":"https:\/\/www.fuldaernachrichten.de\/?p=94135","title":{"rendered":"Frankfurter Umweltzone: Ran an die gr\u00fcnen Plaketten"},"content":{"rendered":"<p><strong>Frankfurt. <\/strong>Mit einem Bu\u00dfgeld von 40 Euro und einem Punkt in Flensburg muss jeder Gewerbetreibende rechnen, der ab 1. Januar 2012 ohne gr\u00fcne Plakette das Frankfurter Stadtgebiet bef\u00e4hrt und keine Ausnahmegenehmigung hat. \u201eBislang haben immerhin noch neun Prozent der in Frankfurt zugelassenen Pkws und 34 Prozent der Lkws keine gr\u00fcne Plakette. Sofern m\u00f6glich sollten diese Fahrzeuge schnell nachger\u00fcstet werden, zum Beispiel mit einem Ru\u00dfpartikelfilter f\u00fcr Dieselfahrzeuge, denn die Frankfurter Stadtpolizei darf auch den ruhenden Verkehr auf Verst\u00f6\u00dfe gegen die Plakettenpflicht im Gebiet der Umweltzone ahnden\u201c, sagt Dr. Andreas Freundt, Gesch\u00e4ftsf\u00fchrer Standortpolitik der IHK Frankfurt am Main. Die Plaketten gibt es bei amtlichen Pr\u00fcfstellen, bei zur Abgasuntersuchung berechtigten Kfz-Betrieben, Kfz-Zulassungsbeh\u00f6rden sowie in allen Frankfurter B\u00fcrger\u00e4mtern. <!--more--><\/p>\n<p>Von der Plakettenpflicht generell befreit sind beispielsweise mobile Maschinen, Ger\u00e4te und Arbeitsmaschinen. Zudem k\u00f6nnen Unternehmen im Einzelfall Ausnahmegenehmigungen beantragen, etwa wenn die Nachr\u00fcstung nicht m\u00f6glich oder eine Ersatzbeschaffung wirtschaftlich nicht zumutbar ist und es sich dabei um Fahrten zur Versorgung der Bev\u00f6lkerung mit lebensnotwendigen G\u00fctern oder Dienstleistungen handelt. Im Unterschied zur Ausnahmegenehmigung gilt die Plakette auch in allen anderen deutschen Umweltzonen.<\/p>\n<p>Die Wirksamkeit der Umweltzone im Frankfurter Stadtgebiet stuft die IHK Frankfurt am Main als gering ein. \u201eDie Feinstaubbelastung ist immer noch hoch, wie die Messstation in der Friedberger Landstra\u00dfe zeigt. Die gr\u00fcne Plakette ist daher kein Allheilmittel f\u00fcr saubere Luft in Frankfurt. F\u00fcr Unternehmen bedeutet sie jedoch erhebliche finanzielle Belastungen\u201c, sagt Dr. Freundt.<\/p>\n","protected":false},"excerpt":{"rendered":"<div class=\"tmnf_excerpt\"><p>Frankfurt. Mit einem Bu\u00dfgeld von 40 Euro und einem Punkt in Flensburg muss jeder Gewerbetreibende rechnen, der ab 1. Januar 2012 ohne gr\u00fcne Plakette das Frankfurter Stadtgebiet bef\u00e4hrt und keine Ausnahmegenehmigung hat. \u201eBislang haben immerhin noch neun Prozent der in Frankfurt zugelassenen Pkws und 34 Prozent der Lkws keine gr\u00fcne Plakette. Sofern m\u00f6glich sollten diese &hellip;<\/p>\n<\/div>","protected":false},"author":1,"featured_media":0,"comment_status":"closed","ping_status":"closed","sticky":false,"template":"","format":"standard","meta":{"footnotes":""},"categories":[1],"tags":[],"class_list":["post-94135","post","type-post","status-publish","format-standard","hentry","category-startseite"],"_links":{"self":[{"href":"https:\/\/www.fuldaernachrichten.de\/index.php?rest_route=\/wp\/v2\/posts\/94135","targetHints":{"allow":["GET"]}}],"collection":[{"href":"https:\/\/www.fuldaernachrichten.de\/index.php?rest_route=\/wp\/v2\/posts"}],"about":[{"href":"https:\/\/www.fuldaernachrichten.de\/index.php?rest_route=\/wp\/v2\/types\/post"}],"author":[{"embeddable":true,"href":"https:\/\/www.fuldaernachrichten.de\/index.php?rest_route=\/wp\/v2\/users\/1"}],"replies":[{"embeddable":true,"href":"https:\/\/www.fuldaernachrichten.de\/index.php?rest_route=%2Fwp%2Fv2%2Fcomments&post=94135"}],"version-history":[{"count":0,"href":"https:\/\/www.fuldaernachrichten.de\/index.php?rest_route=\/wp\/v2\/posts\/94135\/revisions"}],"wp:attachment":[{"href":"https:\/\/www.fuldaernachrichten.de\/index.php?rest_route=%2Fwp%2Fv2%2Fmedia&parent=94135"}],"wp:term":[{"taxonomy":"category","embeddable":true,"href":"https:\/\/www.fuldaernachrichten.de\/index.php?rest_route=%2Fwp%2Fv2%2Fcategories&post=94135"},{"taxonomy":"post_tag","embeddable":true,"href":"https:\/\/www.fuldaernachrichten.de\/index.php?rest_route=%2Fwp%2Fv2%2Ftags&post=94135"}],"curies":[{"name":"wp","href":"https:\/\/api.w.org\/{rel}","templated":true}]}}