{"id":94130,"date":"2011-12-30T00:05:33","date_gmt":"2011-12-30T00:05:33","guid":{"rendered":"http:\/\/www.fuldaer-nachrichten.de\/?p=94130"},"modified":"2011-12-30T09:57:20","modified_gmt":"2011-12-30T09:57:20","slug":"ein-schloss-im-dornroschenschlaf-erstmalige-winteroffnung-von-schloss-fasanerie","status":"publish","type":"post","link":"https:\/\/www.fuldaernachrichten.de\/?p=94130","title":{"rendered":"Ein Schloss im Dornr\u00f6schenschlaf &#8211; Erstmalige Winter\u00f6ffnung von Schloss Fasanerie am 7. &#038; 8. Januar"},"content":{"rendered":"<p><strong><a href=\"http:\/\/www.fuldaer-nachrichten.de\/wp-content\/uploads\/2011\/12\/111230_SchlossFasanerie.jpg\"><img fetchpriority=\"high\" decoding=\"async\" class=\"alignnone size-full wp-image-94134\" title=\"111230_SchlossFasanerie\" src=\"http:\/\/www.fuldaer-nachrichten.de\/wp-content\/uploads\/2011\/12\/111230_SchlossFasanerie.jpg\" alt=\"\" width=\"592\" height=\"444\" srcset=\"https:\/\/www.fuldaernachrichten.de\/wp-content\/uploads\/2011\/12\/111230_SchlossFasanerie.jpg 592w, https:\/\/www.fuldaernachrichten.de\/wp-content\/uploads\/2011\/12\/111230_SchlossFasanerie-265x198.jpg 265w\" sizes=\"(max-width: 592px) 100vw, 592px\" \/><\/a><\/strong><\/p>\n<p><strong>Eichenzell.<\/strong> Warm anziehen hei\u00dft es am 8. Januar f\u00fcr alle, die Schloss Fasanerie im K\u00e4lteschlaf erleben wollen. Der zweite Platz bei der Wahl zu Hessens beliebtesten Schl\u00f6ssern in einer Weihnachtssendung des HR-Fernsehens ist f\u00fcr die Schlossverwaltung Anlass, alle Freunde des Schlossmuseums am letzten Ferienwochenende zu einer au\u00dferplanm\u00e4\u00dfigen Winter\u00f6ffnung einzuladen. \u201eDie Spitzenplatzierung in diesem hessenweiten Ranking ist eine gro\u00dfe Ehre und zeigt, dass viele Menschen gerne zu uns kommen!\u201c freut sich Museumsdirektor Dr. Markus Miller. \u201eWir m\u00f6chten unseren Besuchern daher ausnahmsweise die M\u00f6glichkeit geben, das Schlossmuseum am 7. und 8. Januar im Winterschlaf zu besichtigen\u201c. <!--more--><\/p>\n<p>Das besondere Ereignis hat zweifachen Premierencharakter: es ist die erste Winter\u00f6ffnung \u00fcberhaupt, und dank der laufenden, denkmalgerechten Sanierung im Schloss werden manche Innenr\u00e4ume zum ersten Mal im restaurierten Zustand zu sehen sein. Die M\u00f6bel und Kunstgegenst\u00e4nde bieten im Winter den Besuchern einen eher selten wahrnehmbaren \u2013 aber auch sehr authentischen \u2013 Anblick: Sie sind zum Schutz vor Staub abgedeckt, so wie fr\u00fcher, nachdem die Hofgesellschaft das Sommerschloss verlassen hatte und wieder in die Stadtresidenzen umgezogen war. F\u00fcr die Besucher wird nat\u00fcrlich die eine oder andere Husse gel\u00fcftet.<\/p>\n<p>Und auf so manche spannende Frage in Sachen \u201eSchloss im Winter\u201c gibt es bei den F\u00fchrungen \u00fcberraschende Antworten. Sowohl Samstag als auch Sonntag zwischen 11 und 17 Uhr werden st\u00fcndlich F\u00fchrungen durch die winterlichen R\u00e4ume und S\u00e4le im Dornr\u00f6schenschlaf angeboten. Als Dankesch\u00f6n f\u00fcr die Stimmabgabe bei der HR-Aktion zahlen die Besucher nur den erm\u00e4\u00dfigten Eintrittspreis. F\u00fcr die F\u00fchrung sollte man jedoch unbedingt seinen Mantel anbehalten, so der Museumsdirektor, denn die R\u00e4ume im Schloss sind nicht beheizt. Wer sich nach der F\u00fchrung im kalten Schloss oder dem Spaziergang durch den winterlichen Park genussvoll aufw\u00e4rmen will, bekommt im Schlossrestaurant zur Feier des Tages Gl\u00fchwein und Kaiserschmarrn.<\/p>\n<p>Dazu werden zur Jahreszeit passende Getr\u00e4nke und Speisen angeboten, z. B. hei\u00dfer Punsch, Brat\u00e4pfel und Chili Con Carne. F\u00fchrungen werden zwischen 11 Uhr und 17 Uhr zu jeder vollen Stunde angeboten. Der Eintritt zum reduzierten Preis kostet pro Person 4,50 EUR, f\u00fcr Sch\u00fcler und Studenten 3,00 EUR. Vorreservierungen f\u00fcr Pl\u00e4tze beim Brunch im Schlossrestaurant werden empfohlen (Telefon 0661 &#8211; 941 83 48).<\/p>\n","protected":false},"excerpt":{"rendered":"<div class=\"tmnf_excerpt\"><p>Eichenzell. Warm anziehen hei\u00dft es am 8. Januar f\u00fcr alle, die Schloss Fasanerie im K\u00e4lteschlaf erleben wollen. Der zweite Platz bei der Wahl zu Hessens beliebtesten Schl\u00f6ssern in einer Weihnachtssendung des HR-Fernsehens ist f\u00fcr die Schlossverwaltung Anlass, alle Freunde des Schlossmuseums am letzten Ferienwochenende zu einer au\u00dferplanm\u00e4\u00dfigen Winter\u00f6ffnung einzuladen. \u201eDie Spitzenplatzierung in diesem hessenweiten Ranking &hellip;<\/p>\n<\/div>","protected":false},"author":1,"featured_media":0,"comment_status":"closed","ping_status":"closed","sticky":false,"template":"","format":"standard","meta":{"footnotes":""},"categories":[1,78],"tags":[],"class_list":["post-94130","post","type-post","status-publish","format-standard","hentry","category-startseite","category-topthema"],"_links":{"self":[{"href":"https:\/\/www.fuldaernachrichten.de\/index.php?rest_route=\/wp\/v2\/posts\/94130","targetHints":{"allow":["GET"]}}],"collection":[{"href":"https:\/\/www.fuldaernachrichten.de\/index.php?rest_route=\/wp\/v2\/posts"}],"about":[{"href":"https:\/\/www.fuldaernachrichten.de\/index.php?rest_route=\/wp\/v2\/types\/post"}],"author":[{"embeddable":true,"href":"https:\/\/www.fuldaernachrichten.de\/index.php?rest_route=\/wp\/v2\/users\/1"}],"replies":[{"embeddable":true,"href":"https:\/\/www.fuldaernachrichten.de\/index.php?rest_route=%2Fwp%2Fv2%2Fcomments&post=94130"}],"version-history":[{"count":0,"href":"https:\/\/www.fuldaernachrichten.de\/index.php?rest_route=\/wp\/v2\/posts\/94130\/revisions"}],"wp:attachment":[{"href":"https:\/\/www.fuldaernachrichten.de\/index.php?rest_route=%2Fwp%2Fv2%2Fmedia&parent=94130"}],"wp:term":[{"taxonomy":"category","embeddable":true,"href":"https:\/\/www.fuldaernachrichten.de\/index.php?rest_route=%2Fwp%2Fv2%2Fcategories&post=94130"},{"taxonomy":"post_tag","embeddable":true,"href":"https:\/\/www.fuldaernachrichten.de\/index.php?rest_route=%2Fwp%2Fv2%2Ftags&post=94130"}],"curies":[{"name":"wp","href":"https:\/\/api.w.org\/{rel}","templated":true}]}}