{"id":94129,"date":"2011-12-30T00:10:21","date_gmt":"2011-12-30T00:10:21","guid":{"rendered":"http:\/\/www.fuldaer-nachrichten.de\/?p=94129"},"modified":"2011-12-30T09:42:27","modified_gmt":"2011-12-30T09:42:27","slug":"vortrage-von-p-klockner-im-kloster-frauenberg","status":"publish","type":"post","link":"https:\/\/www.fuldaernachrichten.de\/?p=94129","title":{"rendered":"Vortr\u00e4ge von P. Kl\u00f6ckner im Kloster Frauenberg"},"content":{"rendered":"<p><strong>Fulda.<\/strong> Auch im neuen Jahr 2012 wird Pater Dr. Sigfrid Kl\u00f6ckner OFM wieder mittwochs um 19.30 Uhr im G\u00e4stehaus des Franziskanerklosters Frauenberg eine Reihe von Vortr\u00e4gen zu Glauben und Theologie halten. Mit der biblischen Botschaft vom Sch\u00f6pfer Gott befasst sich bereits am 11. Januar der Vortrag \u201eIm Anfang schuf Gott Himmel und Erde\u201c (Gen1,1). Am 8. Februar untersucht Pater Kl\u00f6ckner mit der Frage \u201eEvolution auch in der Religion?\u201c, ob sich im Werden des Menschen auch Religion und Glaube entwickelten. Dass die Ernsthaftigkeit des Suchens nach der eigenen Religion den Menschen Richtiges und Falsches unterscheiden und eine \u201ePatchwork-Religion\u201c vermeiden lassen muss, legt er am 7. M\u00e4rz dar. Der Vortrag vom 9. Mai fragt dann im Hinblick auf entsprechende geistliche Aufbr\u00fcche: \u201eGibt es ein neues Geistwirken in der Kirche?\u201c <!--more--><\/p>\n<p>Die Kirche in ihrer historisch bestimmten soziologischen Struktur und die Frage nach der Einheit der Christenheit betrachtet P. Sigfrid am 13. Juni. Ob das eigene religi\u00f6se und sittliche Leben von \u201eGesetzesh\u00f6rigkeit oder M\u00fcndigkeit\u201c bestimmt sein soll, wird am 12. September er\u00f6rtert. Um das Verh\u00e4ltnis von Gesundheit, Krankheit und Religion wird es in dem Vortrag vom 10. Oktober gehen. Am 7. November schlie\u00dflich wendet sich P. Kl\u00f6ckner der Frage zu, inwieweit eine alternde Gesellschaft auch eine reifende Gesellschaft sein kann. Informationen (und gegebenenfalls Anmeldung) bei Pater Dr. Sigfrid Kl\u00f6ckner, Am Frauenberg 1, Tel. 0661\/1095-44, E-Mail: sigfrid.kloeckner@franziskaner.de. (bpf)<\/p>\n","protected":false},"excerpt":{"rendered":"<div class=\"tmnf_excerpt\"><p>Fulda. Auch im neuen Jahr 2012 wird Pater Dr. Sigfrid Kl\u00f6ckner OFM wieder mittwochs um 19.30 Uhr im G\u00e4stehaus des Franziskanerklosters Frauenberg eine Reihe von Vortr\u00e4gen zu Glauben und Theologie halten. Mit der biblischen Botschaft vom Sch\u00f6pfer Gott befasst sich bereits am 11. Januar der Vortrag \u201eIm Anfang schuf Gott Himmel und Erde\u201c (Gen1,1). Am &hellip;<\/p>\n<\/div>","protected":false},"author":1,"featured_media":0,"comment_status":"closed","ping_status":"closed","sticky":false,"template":"","format":"standard","meta":{"footnotes":""},"categories":[1],"tags":[],"class_list":["post-94129","post","type-post","status-publish","format-standard","hentry","category-startseite"],"_links":{"self":[{"href":"https:\/\/www.fuldaernachrichten.de\/index.php?rest_route=\/wp\/v2\/posts\/94129","targetHints":{"allow":["GET"]}}],"collection":[{"href":"https:\/\/www.fuldaernachrichten.de\/index.php?rest_route=\/wp\/v2\/posts"}],"about":[{"href":"https:\/\/www.fuldaernachrichten.de\/index.php?rest_route=\/wp\/v2\/types\/post"}],"author":[{"embeddable":true,"href":"https:\/\/www.fuldaernachrichten.de\/index.php?rest_route=\/wp\/v2\/users\/1"}],"replies":[{"embeddable":true,"href":"https:\/\/www.fuldaernachrichten.de\/index.php?rest_route=%2Fwp%2Fv2%2Fcomments&post=94129"}],"version-history":[{"count":0,"href":"https:\/\/www.fuldaernachrichten.de\/index.php?rest_route=\/wp\/v2\/posts\/94129\/revisions"}],"wp:attachment":[{"href":"https:\/\/www.fuldaernachrichten.de\/index.php?rest_route=%2Fwp%2Fv2%2Fmedia&parent=94129"}],"wp:term":[{"taxonomy":"category","embeddable":true,"href":"https:\/\/www.fuldaernachrichten.de\/index.php?rest_route=%2Fwp%2Fv2%2Fcategories&post=94129"},{"taxonomy":"post_tag","embeddable":true,"href":"https:\/\/www.fuldaernachrichten.de\/index.php?rest_route=%2Fwp%2Fv2%2Ftags&post=94129"}],"curies":[{"name":"wp","href":"https:\/\/api.w.org\/{rel}","templated":true}]}}