{"id":94127,"date":"2011-12-30T00:12:42","date_gmt":"2011-12-30T00:12:42","guid":{"rendered":"http:\/\/www.fuldaer-nachrichten.de\/?p=94127"},"modified":"2011-12-30T09:41:49","modified_gmt":"2011-12-30T09:41:49","slug":"qualifizierungsangebote-fur-freiwillig-engagierte-auf-bistumshomepage","status":"publish","type":"post","link":"https:\/\/www.fuldaernachrichten.de\/?p=94127","title":{"rendered":"Qualifizierungsangebote f\u00fcr freiwillig Engagierte auf Bistumshomepage"},"content":{"rendered":"<p><strong>Fulda\/Hanau\/Kassel\/Marburg.<\/strong> P\u00fcnktlich zum Jahresbeginn sind die Fortbildungsangebote des Bistums Fulda f\u00fcr Ehrenamtliche auf der Homepage der Di\u00f6zese online abrufbar. \u201eDamit k\u00f6nnen wir sicherstellen, dass unser Fortbildungsangebot mehr Menschen erreicht. Jeder, der sich in unserer Kirche freiwillig engagiert, soll alle M\u00f6glichkeiten haben, sich entsprechend zu qualifizieren\u201c, betont Dagmar Denker vom Seelsorgeamt, die diese Plattform koordiniert.<!--more--><\/p>\n<p>Die angebotenen Qualifizierungen werden unter www.bistum-fulda.de in der Rubrik \u201eKirche aktiv \u2013 Seelsorge \u2013 Ehrenamtliche\u201c eingestellt und sind nach Themenfeldern sortiert. Es werden thematische, theologisch-spirituelle, methodische und Beratungsqualifikationen vorgeschlagen. Die Anmeldung kann dann bequem per E-Mail-Verlinkung erfolgen. Die neue Plattform ersetzt die bislang gedruckt vorgelegte Brosch\u00fcre. Weitere Informationen beim Seelsorgeamt, Paulustor 5, 36037 Fulda, E-Mail: ehrenamt@bistum-fulda.de. (bpf)<\/p>\n","protected":false},"excerpt":{"rendered":"<div class=\"tmnf_excerpt\"><p>Fulda\/Hanau\/Kassel\/Marburg. P\u00fcnktlich zum Jahresbeginn sind die Fortbildungsangebote des Bistums Fulda f\u00fcr Ehrenamtliche auf der Homepage der Di\u00f6zese online abrufbar. \u201eDamit k\u00f6nnen wir sicherstellen, dass unser Fortbildungsangebot mehr Menschen erreicht. Jeder, der sich in unserer Kirche freiwillig engagiert, soll alle M\u00f6glichkeiten haben, sich entsprechend zu qualifizieren\u201c, betont Dagmar Denker vom Seelsorgeamt, die diese Plattform koordiniert.<\/p>\n<\/div>","protected":false},"author":1,"featured_media":0,"comment_status":"closed","ping_status":"closed","sticky":false,"template":"","format":"standard","meta":{"footnotes":""},"categories":[1],"tags":[],"class_list":["post-94127","post","type-post","status-publish","format-standard","hentry","category-startseite"],"_links":{"self":[{"href":"https:\/\/www.fuldaernachrichten.de\/index.php?rest_route=\/wp\/v2\/posts\/94127","targetHints":{"allow":["GET"]}}],"collection":[{"href":"https:\/\/www.fuldaernachrichten.de\/index.php?rest_route=\/wp\/v2\/posts"}],"about":[{"href":"https:\/\/www.fuldaernachrichten.de\/index.php?rest_route=\/wp\/v2\/types\/post"}],"author":[{"embeddable":true,"href":"https:\/\/www.fuldaernachrichten.de\/index.php?rest_route=\/wp\/v2\/users\/1"}],"replies":[{"embeddable":true,"href":"https:\/\/www.fuldaernachrichten.de\/index.php?rest_route=%2Fwp%2Fv2%2Fcomments&post=94127"}],"version-history":[{"count":0,"href":"https:\/\/www.fuldaernachrichten.de\/index.php?rest_route=\/wp\/v2\/posts\/94127\/revisions"}],"wp:attachment":[{"href":"https:\/\/www.fuldaernachrichten.de\/index.php?rest_route=%2Fwp%2Fv2%2Fmedia&parent=94127"}],"wp:term":[{"taxonomy":"category","embeddable":true,"href":"https:\/\/www.fuldaernachrichten.de\/index.php?rest_route=%2Fwp%2Fv2%2Fcategories&post=94127"},{"taxonomy":"post_tag","embeddable":true,"href":"https:\/\/www.fuldaernachrichten.de\/index.php?rest_route=%2Fwp%2Fv2%2Ftags&post=94127"}],"curies":[{"name":"wp","href":"https:\/\/api.w.org\/{rel}","templated":true}]}}