{"id":94119,"date":"2011-12-29T00:20:13","date_gmt":"2011-12-29T00:20:13","guid":{"rendered":"http:\/\/www.fuldaer-nachrichten.de\/?p=94119"},"modified":"2011-12-29T08:07:38","modified_gmt":"2011-12-29T08:07:38","slug":"schul-stadtelternbeirat-in-neuer-besetzung","status":"publish","type":"post","link":"https:\/\/www.fuldaernachrichten.de\/?p=94119","title":{"rendered":"Schul-Stadtelternbeirat in neuer Besetzung"},"content":{"rendered":"<p><a href=\"http:\/\/www.fuldaer-nachrichten.de\/wp-content\/uploads\/2011\/12\/Neuer_Stadtelternbeirat_2011.jpg\"><img decoding=\"async\" class=\"alignleft size-thumbnail wp-image-94120\" title=\"Neuer_Stadtelternbeirat_2011\" src=\"http:\/\/www.fuldaer-nachrichten.de\/wp-content\/uploads\/2011\/12\/Neuer_Stadtelternbeirat_2011-265x130.jpg\" alt=\"\" width=\"265\" height=\"130\" srcset=\"https:\/\/www.fuldaernachrichten.de\/wp-content\/uploads\/2011\/12\/Neuer_Stadtelternbeirat_2011-265x130.jpg 265w, https:\/\/www.fuldaernachrichten.de\/wp-content\/uploads\/2011\/12\/Neuer_Stadtelternbeirat_2011.jpg 592w\" sizes=\"(max-width: 265px) 100vw, 265px\" \/><\/a>Fulda (hm). \u201eDie Neuwahlen des Stadtelternbeirates der st\u00e4dtischen Schulen brachten Ver\u00e4nderungen. Ich freue mich jedoch auch besonders, dass alle Schulformen mit einer Sprecherin bzw. einen Sprecher vertreten sind, so B\u00fcrgermeister und Schuldezernent Dr. Wolfgang Dippel beim Empfang des neuen Teams im Stadtschloss. <!--more--><br \/>\n<strong>Dank an langj\u00e4hrige Vorsitzende, Gerlinde Herber<\/strong><\/p>\n<p>Dippel, der die bisherige Arbeit des Stadtelternbeirates in h\u00f6chster Wertsch\u00e4tzung lobte und f\u00fcr konstruktive Kritik aus Reihen der Elternschaft stets ein offenes Ohr hat, verband die zur\u00fcckliegende Zeit vorwiegend mit einer Person. \u201eGerlinde Herber war das Gesicht des st\u00e4dtischen Stadtelternbeirates. Ihre Ideen und Erfahrungen flossen in eine vertrauensvolle und faire Zusammenarbeit mit dem st\u00e4dtischen Schul- und Sportamt, dem staatlichen Schulamt und sonstigen Gremien ein. Ich sch\u00e4tze Sie und bedanke mich f\u00fcr ihr Engagement\u201c, so B\u00fcrgermeister Dippel.<\/p>\n<p>Gerlinde Herber nahm den Vorsitz des Stadtelternbeirates \u00fcber vier Jahre wahr und verstand sich als Bindeglied zwischen dem Schultr\u00e4ger und der Elternschaft. Herber: \u201egerade die vielen und erfolgreichen Gespr\u00e4che, die aufgrund der Sonderkonjunkturma\u00dfnahmen des Bundes und des Landes im Schulbau notwendig wurden, bleiben mir in bester Erinnerung. Wir haben in Fulda eine exzellente Schulauswahl und unsere Schulen sind beispielhaft. Ich m\u00f6chte mich hier nochmals beim Schultr\u00e4ger Stadt Fulda bedanken, der den Begriff Schulstadt stets mit Leben erf\u00fcllt.\u201c<\/p>\n<p><strong>Neuer Vorsitzender sieht viele Gemeinsamkeiten<\/strong><\/p>\n<p>Der neue Vorsitzende, Bernhard Witte, dessen Sohn in die sechste Klasse des Freiherr-vom-Stein Gymnasiums geht, findet ein geordnetes Haus vor. \u201eF\u00fcr mich wird es entscheidend sein, dass unser neues Team sich in die Kompetenzbereiche des StEB einarbeitet und pragmatisch mit den st\u00e4dtischen Stellen zusammenarbeitet. Ich sehe mich mehr als Mediator und Initiator und m\u00f6chte alle evtl. Konflikte in der Sch\u00fcler- oder Elternschaft vertrauensvoll mit dem B\u00fcrgermeister ausfechten\u201c, so Witte.<\/p>\n<p>Neben Bernhard Witte (Freiherr-vom-Stein Gymnasium) als Vorsitzendem fungieren noch Bettina Schreiber (Freiherr-vom-Stein Gymnasium) und Ulla Zahner (Marienschule) als stellvertretende Vorsitzende. Schriftf\u00fchrer und Schriftf\u00fchrerin im Vorstand des Stadtelternbeirates sind Joachim Salmann (Bardoschule) und Lydia Bartlau (Rabanus-Maurus-Schule).<\/p>\n<p><strong>Vertrauensvolle Zusammenarbeit fortsetzen<\/strong><\/p>\n<p>Alle im Vorstand engagierten Eltern sind dem Schultr\u00e4ger Stadt Fulda, vertreten durch den Schuldezernenten und B\u00fcrgermeister Dr. Wolfgang Dippel, dankbar, dass eine vertrauensvolle Gespr\u00e4chskultur vorherrscht und somit das Beste f\u00fcr die Sch\u00fclerinnen und Sch\u00fcler erwirkt werden kann.<\/p>\n<p>Dippel sicherte den neuen Vorstandsmitgliedern seine fachliche und sachliche Unterst\u00fctzung zu, so dass Fulda weiterhin ein Leuchtturm-Bildungsstandort bleibt.<\/p>\n","protected":false},"excerpt":{"rendered":"<div class=\"tmnf_excerpt\"><p>Fulda (hm). \u201eDie Neuwahlen des Stadtelternbeirates der st\u00e4dtischen Schulen brachten Ver\u00e4nderungen. Ich freue mich jedoch auch besonders, dass alle Schulformen mit einer Sprecherin bzw. einen Sprecher vertreten sind, so B\u00fcrgermeister und Schuldezernent Dr. Wolfgang Dippel beim Empfang des neuen Teams im Stadtschloss.<\/p>\n<\/div>","protected":false},"author":1,"featured_media":0,"comment_status":"closed","ping_status":"closed","sticky":false,"template":"","format":"standard","meta":{"footnotes":""},"categories":[1,53],"tags":[],"class_list":["post-94119","post","type-post","status-publish","format-standard","hentry","category-startseite","category-bildung"],"_links":{"self":[{"href":"https:\/\/www.fuldaernachrichten.de\/index.php?rest_route=\/wp\/v2\/posts\/94119","targetHints":{"allow":["GET"]}}],"collection":[{"href":"https:\/\/www.fuldaernachrichten.de\/index.php?rest_route=\/wp\/v2\/posts"}],"about":[{"href":"https:\/\/www.fuldaernachrichten.de\/index.php?rest_route=\/wp\/v2\/types\/post"}],"author":[{"embeddable":true,"href":"https:\/\/www.fuldaernachrichten.de\/index.php?rest_route=\/wp\/v2\/users\/1"}],"replies":[{"embeddable":true,"href":"https:\/\/www.fuldaernachrichten.de\/index.php?rest_route=%2Fwp%2Fv2%2Fcomments&post=94119"}],"version-history":[{"count":0,"href":"https:\/\/www.fuldaernachrichten.de\/index.php?rest_route=\/wp\/v2\/posts\/94119\/revisions"}],"wp:attachment":[{"href":"https:\/\/www.fuldaernachrichten.de\/index.php?rest_route=%2Fwp%2Fv2%2Fmedia&parent=94119"}],"wp:term":[{"taxonomy":"category","embeddable":true,"href":"https:\/\/www.fuldaernachrichten.de\/index.php?rest_route=%2Fwp%2Fv2%2Fcategories&post=94119"},{"taxonomy":"post_tag","embeddable":true,"href":"https:\/\/www.fuldaernachrichten.de\/index.php?rest_route=%2Fwp%2Fv2%2Ftags&post=94119"}],"curies":[{"name":"wp","href":"https:\/\/api.w.org\/{rel}","templated":true}]}}