{"id":94118,"date":"2011-12-29T00:12:15","date_gmt":"2011-12-29T00:12:15","guid":{"rendered":"http:\/\/www.fuldaer-nachrichten.de\/?p=94118"},"modified":"2011-12-29T08:05:04","modified_gmt":"2011-12-29T08:05:04","slug":"spannende-und-interessante-freizeit-und-bildungsangebote-fur-kinder-und-jugendliche","status":"publish","type":"post","link":"https:\/\/www.fuldaernachrichten.de\/?p=94118","title":{"rendered":"Spannende und interessante Freizeit- und Bildungsangebote f\u00fcr Kinder und Jugendliche"},"content":{"rendered":"<p>Vogelsbergkreis. Das Freizeit- und Bildungsprogramm des Sachgebietes Jugendarbeit\/Jugendbildung des Vogelsbergkreises f\u00fcr das Jahr 2012 liegt vor. Auf die Kinder und Jugendlichen im Vogelsbergkreis wartet 2012 erneut ein vielf\u00e4ltiges Angebot. Von GPS-Schatzsuche \u00fcber Ferienfreizeiten bis hin zu Fahrten nach Hamburg oder Schweden ist sicher f\u00fcr jeden etwas Passendes dabei.<!--more--><br \/>\n&#8220;Wir m\u00f6chten unseren Kindern und Jugendlichen im Vogelsbergkreis ein attraktives Programm bieten, damit sie ihre Freizeit sinnvoll gestalten, neue Freundschaften schlie\u00dfen und sich mit aktuellen gesellschaftlichen Fragestellungen auseinandersetzen k\u00f6nnen&#8221;, ermutigt Landrat Marx alle Kinder und Jugendlichen.<\/p>\n<p>Das Freizeitprogramm steht ab sofort im Internet unter www.jugend.vogelsbergkreis.de zur Verf\u00fcgung. Ab Mitte Januar liegt es dar\u00fcber hinaus in allen Gemeindeverwaltungen und Schulen zum Mitnehmen bereit.<\/p>\n<p>Darin enthalten sind um die 30 Seminare, Freizeiten und Veranstaltungen f\u00fcr Kinder, Jugendliche und junge Erwachsene. Fr\u00fchjahrs-, Sommer-, Herbst- und Weihnachtsfreizeiten sprechen besonders Kinder und Jugendliche von 7 bis 14 Jahre an. Daneben gibt es eine Auswahl an geschlechtsspezifischen Selbstbehauptungsseminaren und Freizeiten auch f\u00fcr \u00c4ltere. Mehrere interessante Angebote gibt es dieses Jahr f\u00fcr Technikbegeisterte sowie Klima- und Umweltinteressierte.<\/p>\n<p>Neben den festen Angeboten werden auch Unterst\u00fctzung und Beratung f\u00fcr alle Bereiche und Akteure der Jugend- und Jugendbildungsarbeit angeboten. Dies gilt besonders f\u00fcr die Gestaltung der offenen Jugendarbeit, f\u00fcr den Bereich \u00dcbergang Schule-Beruf und die Unterst\u00fctzung und Beratung der freien Jugendgruppen. Auf individuelle Anfragen wird gerne eingegangen.<\/p>\n<p>Die Kreisjugendheime und Zeltlager Landenhausen und Eckmannshain k\u00f6nnen \u00fcber die Veranstaltungen des Vogelsbergkreises hinaus auch von Jugendgruppen, Vereinen und Schulklassen belegt werden.<\/p>\n<p>Anmeldungen f\u00fcr die Veranstaltungen werden ab sofort angenommen.<br \/>\nDie Mitarbeiterinnen und Mitarbeiter des Vogelsbergkreises stehen f\u00fcr Fragen und Anregungen unter der Telefonnummer 06641 \/ 977-428 oder -432 zur Verf\u00fcgung.<\/p>\n","protected":false},"excerpt":{"rendered":"<div class=\"tmnf_excerpt\"><p>Vogelsbergkreis. Das Freizeit- und Bildungsprogramm des Sachgebietes Jugendarbeit\/Jugendbildung des Vogelsbergkreises f\u00fcr das Jahr 2012 liegt vor. Auf die Kinder und Jugendlichen im Vogelsbergkreis wartet 2012 erneut ein vielf\u00e4ltiges Angebot. Von GPS-Schatzsuche \u00fcber Ferienfreizeiten bis hin zu Fahrten nach Hamburg oder Schweden ist sicher f\u00fcr jeden etwas Passendes dabei.<\/p>\n<\/div>","protected":false},"author":1,"featured_media":0,"comment_status":"closed","ping_status":"closed","sticky":false,"template":"","format":"standard","meta":{"footnotes":""},"categories":[1],"tags":[],"class_list":["post-94118","post","type-post","status-publish","format-standard","hentry","category-startseite"],"_links":{"self":[{"href":"https:\/\/www.fuldaernachrichten.de\/index.php?rest_route=\/wp\/v2\/posts\/94118","targetHints":{"allow":["GET"]}}],"collection":[{"href":"https:\/\/www.fuldaernachrichten.de\/index.php?rest_route=\/wp\/v2\/posts"}],"about":[{"href":"https:\/\/www.fuldaernachrichten.de\/index.php?rest_route=\/wp\/v2\/types\/post"}],"author":[{"embeddable":true,"href":"https:\/\/www.fuldaernachrichten.de\/index.php?rest_route=\/wp\/v2\/users\/1"}],"replies":[{"embeddable":true,"href":"https:\/\/www.fuldaernachrichten.de\/index.php?rest_route=%2Fwp%2Fv2%2Fcomments&post=94118"}],"version-history":[{"count":0,"href":"https:\/\/www.fuldaernachrichten.de\/index.php?rest_route=\/wp\/v2\/posts\/94118\/revisions"}],"wp:attachment":[{"href":"https:\/\/www.fuldaernachrichten.de\/index.php?rest_route=%2Fwp%2Fv2%2Fmedia&parent=94118"}],"wp:term":[{"taxonomy":"category","embeddable":true,"href":"https:\/\/www.fuldaernachrichten.de\/index.php?rest_route=%2Fwp%2Fv2%2Fcategories&post=94118"},{"taxonomy":"post_tag","embeddable":true,"href":"https:\/\/www.fuldaernachrichten.de\/index.php?rest_route=%2Fwp%2Fv2%2Ftags&post=94118"}],"curies":[{"name":"wp","href":"https:\/\/api.w.org\/{rel}","templated":true}]}}