{"id":94095,"date":"2011-12-27T00:12:30","date_gmt":"2011-12-27T00:12:30","guid":{"rendered":"http:\/\/www.fuldaer-nachrichten.de\/?p=94095"},"modified":"2011-12-27T14:57:44","modified_gmt":"2011-12-27T14:57:44","slug":"gelungene-weihnachtsuberraschung-neue-sicherheitsschuhe-fur-die-mitarbeiter","status":"publish","type":"post","link":"https:\/\/www.fuldaernachrichten.de\/?p=94095","title":{"rendered":"Gelungene Weihnachts\u00fcberraschung: Neue Sicherheitsschuhe f\u00fcr die Mitarbeiter"},"content":{"rendered":"<p><strong><\/strong><strong><a href=\"http:\/\/www.fuldaer-nachrichten.de\/wp-content\/uploads\/2011\/12\/zu_PM103-cs_Schuhspende_IMG_0143.jpg\"><img decoding=\"async\" class=\"alignleft size-thumbnail wp-image-94096\" title=\"zu_PM103-cs_Schuhspende_IMG_0143\" src=\"http:\/\/www.fuldaer-nachrichten.de\/wp-content\/uploads\/2011\/12\/zu_PM103-cs_Schuhspende_IMG_0143-265x176.jpg\" alt=\"\" width=\"265\" height=\"176\" srcset=\"https:\/\/www.fuldaernachrichten.de\/wp-content\/uploads\/2011\/12\/zu_PM103-cs_Schuhspende_IMG_0143-265x176.jpg 265w, https:\/\/www.fuldaernachrichten.de\/wp-content\/uploads\/2011\/12\/zu_PM103-cs_Schuhspende_IMG_0143.jpg 592w\" sizes=\"(max-width: 265px) 100vw, 265px\" \/><\/a>Fulda (cif).<\/strong> Insgesamt 160 Paar Sicherheitsschuhe im Wert von 13.000 Euro \u00fcbergaben Vertreter der Fuldaer Unternehmen WEMAG und Schaus-Zerspanung k\u00fcrzlich an das Team der Caritas-Werkst\u00e4tten in der St.-Vinzenz-Stra\u00dfe. Die Werkst\u00e4tten organisieren \u00fcber ihr Berufswegekonzept Arbeit f\u00fcr behinderte Menschen und unterst\u00fctzen diese auch bei Vermittlungen in Firmen des ersten Arbeitsmarktes. Die Firmen WEMAG und Schaus- Zerspanung sind Lieferanten f\u00fcr Werkzeuge, Maschinen, Betriebseinrichtungen und Arbeitsschutzartikel f\u00fcr die Caritas-Werkst\u00e4tten f\u00fcr Menschen mit Behinderung. Die WEMAG, und speziell der Gesch\u00e4ftsbereich SAFETY als Spezialanbieter f\u00fcr Arbeitsschutzartikel, kooperieren seit langem mit den Einrichtungen der Caritas-Behindertenhilfe. Da wei\u00df man auf beiden Seiten: Arbeitssicherheit und die richtige Kleidung spielen in der Montage und in den anderen T\u00e4tigkeitsfeldern der Werkst\u00e4tten wie Metallverarbeitung oder Garten- und Landschaftspflege eine ganz wesentliche Rolle.<\/p>\n<div>\n<p>Dementsprechend freudig pr\u00e4sentierten eine Reihe von Caritas-Werkstatt-Mitarbeitern in der St.-Vinzenz-Stra\u00dfe ihre neuen Schuhe: Auf dem Foto gemeinsam mit den Firmenvertretern Joachim Schaus, Christopher Schaus und Bardo Hirsch sowie seitens der Caritas Werkst\u00e4tten Michael Gl\u00fcber, Christian M\u00fcller, Stefan Dresel und Vorstandsmitglied Ansgar Erb.<\/p>\n<\/div>\n","protected":false},"excerpt":{"rendered":"<div class=\"tmnf_excerpt\"><p>Fulda (cif). Insgesamt 160 Paar Sicherheitsschuhe im Wert von 13.000 Euro \u00fcbergaben Vertreter der Fuldaer Unternehmen WEMAG und Schaus-Zerspanung k\u00fcrzlich an das Team der Caritas-Werkst\u00e4tten in der St.-Vinzenz-Stra\u00dfe. Die Werkst\u00e4tten organisieren \u00fcber ihr Berufswegekonzept Arbeit f\u00fcr behinderte Menschen und unterst\u00fctzen diese auch bei Vermittlungen in Firmen des ersten Arbeitsmarktes. Die Firmen WEMAG und Schaus- Zerspanung &hellip;<\/p>\n<\/div>","protected":false},"author":1,"featured_media":0,"comment_status":"closed","ping_status":"closed","sticky":false,"template":"","format":"standard","meta":{"footnotes":""},"categories":[1,50],"tags":[],"class_list":["post-94095","post","type-post","status-publish","format-standard","hentry","category-startseite","category-kirche"],"_links":{"self":[{"href":"https:\/\/www.fuldaernachrichten.de\/index.php?rest_route=\/wp\/v2\/posts\/94095","targetHints":{"allow":["GET"]}}],"collection":[{"href":"https:\/\/www.fuldaernachrichten.de\/index.php?rest_route=\/wp\/v2\/posts"}],"about":[{"href":"https:\/\/www.fuldaernachrichten.de\/index.php?rest_route=\/wp\/v2\/types\/post"}],"author":[{"embeddable":true,"href":"https:\/\/www.fuldaernachrichten.de\/index.php?rest_route=\/wp\/v2\/users\/1"}],"replies":[{"embeddable":true,"href":"https:\/\/www.fuldaernachrichten.de\/index.php?rest_route=%2Fwp%2Fv2%2Fcomments&post=94095"}],"version-history":[{"count":0,"href":"https:\/\/www.fuldaernachrichten.de\/index.php?rest_route=\/wp\/v2\/posts\/94095\/revisions"}],"wp:attachment":[{"href":"https:\/\/www.fuldaernachrichten.de\/index.php?rest_route=%2Fwp%2Fv2%2Fmedia&parent=94095"}],"wp:term":[{"taxonomy":"category","embeddable":true,"href":"https:\/\/www.fuldaernachrichten.de\/index.php?rest_route=%2Fwp%2Fv2%2Fcategories&post=94095"},{"taxonomy":"post_tag","embeddable":true,"href":"https:\/\/www.fuldaernachrichten.de\/index.php?rest_route=%2Fwp%2Fv2%2Ftags&post=94095"}],"curies":[{"name":"wp","href":"https:\/\/api.w.org\/{rel}","templated":true}]}}