{"id":94085,"date":"2011-12-27T00:45:49","date_gmt":"2011-12-27T00:45:49","guid":{"rendered":"http:\/\/www.fuldaer-nachrichten.de\/?p=94085"},"modified":"2011-12-27T14:48:03","modified_gmt":"2011-12-27T14:48:03","slug":"zwolf-jubilare-der-zement-und-kalkwerke-otterbein-geehrt","status":"publish","type":"post","link":"https:\/\/www.fuldaernachrichten.de\/?p=94085","title":{"rendered":"Zw\u00f6lf Jubilare der Zement- und Kalkwerke Otterbein geehrt"},"content":{"rendered":"<p><strong><a href=\"http:\/\/www.fuldaer-nachrichten.de\/wp-content\/uploads\/2011\/12\/111227_Otterbein.jpg\"><img decoding=\"async\" class=\"alignleft size-thumbnail wp-image-94086\" title=\"111227_Otterbein\" src=\"http:\/\/www.fuldaer-nachrichten.de\/wp-content\/uploads\/2011\/12\/111227_Otterbein-265x146.jpg\" alt=\"\" width=\"265\" height=\"146\" srcset=\"https:\/\/www.fuldaernachrichten.de\/wp-content\/uploads\/2011\/12\/111227_Otterbein-265x146.jpg 265w, https:\/\/www.fuldaernachrichten.de\/wp-content\/uploads\/2011\/12\/111227_Otterbein.jpg 592w\" sizes=\"(max-width: 265px) 100vw, 265px\" \/><\/a>Gro\u00dfenl\u00fcder\/M\u00fcs. <\/strong>\u00c2\u00a0Ein gutes Betriebsklima, respektvoller Umgang, gegenseitiges Vertrauen und Anerkennung sind der Schl\u00fcssel zu treuen und langj\u00e4hrigen Mitarbeitern. Das jedenfalls verdeutlichte\u00c2\u00a0 Winfried M\u00fcller, Gesch\u00e4ftsf\u00fchrer der Zement- und Kalkwerke Otterbein aus Gro\u00dfenl\u00fcder\/M\u00fcs in seiner Ansprache anl\u00e4sslich der Feier f\u00fcr die Jubilare. Insgesamt zw\u00f6lf Mitarbeitern dankten M\u00fcller und Senior-Chefin Rosa M\u00fcller f\u00fcr ihre langj\u00e4hrige Arbeit und Treue sowie das vorbildliche Engagement im\u00c2\u00a0 Familienunternehmen.<!--more--><\/p>\n<p>Im feierlichen Rahmen lie\u00df M\u00fcller den Werdegang jedes einzelnen Mitarbeiters Revue passieren und sprach seine pers\u00f6nliche Anerkennung f\u00fcr die langj\u00e4hrlichen Dienste aus. \u201eStetige Weiterbildung unserer Mitarbeiter in ihren T\u00e4tigkeitsfeldern und die Sicherung von Arbeitspl\u00e4tzen sind in unserem Unternehmen oberste Pr\u00e4misse und deshalb bin ich umso gl\u00fccklicher, gleich zw\u00f6lf Mitarbeiter f\u00fcr ihre lange Unternehmenszugeh\u00f6rigkeit und ihre guten Leistungen ehren zu d\u00fcrfen.\u201c Au\u00dferdem betonte und lobte er das Know-how, die Zuverl\u00e4ssigkeit und die Flexibilit\u00e4t seiner Mitarbeiter. Treue, so M\u00fcller, entstehe aus dem Miteinander in guten und weniger guten Tagen und bewirke Sicherheit und Vertrauen, was sich bei den Kalk- und Zementwerken Otterbein in einem besonders guten Arbeitsklima widerspiegele. Nach dem iranischen Sprichwort: \u201eDie Arbeit soll dein Pferd sein, nicht dein Reiter\u201c, hoffe er, dass die Mitarbeiter ihren Beruf nicht nur als \u201eJob\u201c, sondern auch als erf\u00fcllende Aufgabe wahrnehmen k\u00f6nnten. F\u00fcr die weitere Zukunft w\u00fcnschte M\u00fcller viele Sonnentage, Gesundheit und Gottes Segen. Neben den Urkunden der Industrie- und Handelskammer\u00c2\u00a0 und Gutscheinen erhielten die Mitarbeiterinnen und Mitarbeiter eine Goldm\u00fcnze \u201eCanadian Maple leaf\u201c bzw. zur Verabschiedung die Otterbein-Uhr aus ultrahochfestem Beton.<\/p>\n<p>Als Jubilare geehrt wurden f\u00fcr zehnj\u00e4hrige Zugeh\u00f6rigkeit: Hagen Sopp (Kalkveredelung und Packerei), Karl Sch\u00fcbel (Werkm\u00f6rtel), Silvia Wenzel (Einkauf), Uwe Schreiner (Leiter M\u00f6rtelproduktion), Bernhard Pfohl (Leiter Steinbruchbetrieb) und Michael Neumann (Zement-Drehofen). F\u00fcr 25 Jahre Betriebszugeh\u00f6rigkeit wurden geehrt: Manfred Kropp (Labor), Bernd Sauer (mech. Instandhaltung) und Harald V\u00f6llinger (Kalkbrennbetrieb). F\u00fcr 30 Jahre Betriebszugeh\u00f6rigkeit wurden geehrt: Edgar Nierichlo (Kalkhydratproduktion), Gerhard Hasenau (mech. Instandhaltung) und Rainer Jahn (Zement-Drehofen) im Unternehmen t\u00e4tig. Verabschiedet wurden in diesem Jahr Winfried Romanowski (Radlader Mischbett) und Josef Erb (Kalkhydratproduktion).<\/p>\n<p>Zum Foto: Winfried und Rosa M\u00fcller (1. Reihe, dritter und vierte von links) ehren Mitarbeiter f\u00fcr ihre langj\u00e4hrige Unternehmenszugeh\u00f6rigkeit.<\/p>\n","protected":false},"excerpt":{"rendered":"<div class=\"tmnf_excerpt\"><p>Gro\u00dfenl\u00fcder\/M\u00fcs. \u00c2\u00a0Ein gutes Betriebsklima, respektvoller Umgang, gegenseitiges Vertrauen und Anerkennung sind der Schl\u00fcssel zu treuen und langj\u00e4hrigen Mitarbeitern. Das jedenfalls verdeutlichte\u00c2\u00a0 Winfried M\u00fcller, Gesch\u00e4ftsf\u00fchrer der Zement- und Kalkwerke Otterbein aus Gro\u00dfenl\u00fcder\/M\u00fcs in seiner Ansprache anl\u00e4sslich der Feier f\u00fcr die Jubilare. Insgesamt zw\u00f6lf Mitarbeitern dankten M\u00fcller und Senior-Chefin Rosa M\u00fcller f\u00fcr ihre langj\u00e4hrige Arbeit und Treue &hellip;<\/p>\n<\/div>","protected":false},"author":1,"featured_media":0,"comment_status":"closed","ping_status":"closed","sticky":false,"template":"","format":"standard","meta":{"footnotes":""},"categories":[1,29],"tags":[],"class_list":["post-94085","post","type-post","status-publish","format-standard","hentry","category-startseite","category-politik"],"_links":{"self":[{"href":"https:\/\/www.fuldaernachrichten.de\/index.php?rest_route=\/wp\/v2\/posts\/94085","targetHints":{"allow":["GET"]}}],"collection":[{"href":"https:\/\/www.fuldaernachrichten.de\/index.php?rest_route=\/wp\/v2\/posts"}],"about":[{"href":"https:\/\/www.fuldaernachrichten.de\/index.php?rest_route=\/wp\/v2\/types\/post"}],"author":[{"embeddable":true,"href":"https:\/\/www.fuldaernachrichten.de\/index.php?rest_route=\/wp\/v2\/users\/1"}],"replies":[{"embeddable":true,"href":"https:\/\/www.fuldaernachrichten.de\/index.php?rest_route=%2Fwp%2Fv2%2Fcomments&post=94085"}],"version-history":[{"count":0,"href":"https:\/\/www.fuldaernachrichten.de\/index.php?rest_route=\/wp\/v2\/posts\/94085\/revisions"}],"wp:attachment":[{"href":"https:\/\/www.fuldaernachrichten.de\/index.php?rest_route=%2Fwp%2Fv2%2Fmedia&parent=94085"}],"wp:term":[{"taxonomy":"category","embeddable":true,"href":"https:\/\/www.fuldaernachrichten.de\/index.php?rest_route=%2Fwp%2Fv2%2Fcategories&post=94085"},{"taxonomy":"post_tag","embeddable":true,"href":"https:\/\/www.fuldaernachrichten.de\/index.php?rest_route=%2Fwp%2Fv2%2Ftags&post=94085"}],"curies":[{"name":"wp","href":"https:\/\/api.w.org\/{rel}","templated":true}]}}