{"id":94076,"date":"2011-12-26T00:12:29","date_gmt":"2011-12-26T00:12:29","guid":{"rendered":"http:\/\/www.fuldaer-nachrichten.de\/?p=94076"},"modified":"2011-12-26T09:04:19","modified_gmt":"2011-12-26T09:04:19","slug":"die-rhon-zum-jahresausklang","status":"publish","type":"post","link":"https:\/\/www.fuldaernachrichten.de\/?p=94076","title":{"rendered":"Die Rh\u00f6n zum Jahresausklang"},"content":{"rendered":"<p>Gersfeld. Unter Leitung des Diplom-Biologen Joachim Jenrich laden die Stadt Gersfeld und das Biosph\u00e4renreservat Rh\u00f6n f\u00fcr Mittwoch, 28. Dezember, um 20.00 Uhr zu einem Vortrag \u201eDie Rh\u00f6n zum Jahresausklang\u201c in den B\u00fcrgersaal der Stadthalle Gersfeld, Schlossplatz 11, ein. Die Kosten betragen pro Person zwei Euro, mit Kurkarte ein Euro.<\/p>\n","protected":false},"excerpt":{"rendered":"<div class=\"tmnf_excerpt\"><p>Gersfeld. Unter Leitung des Diplom-Biologen Joachim Jenrich laden die Stadt Gersfeld und das Biosph\u00e4renreservat Rh\u00f6n f\u00fcr Mittwoch, 28. Dezember, um 20.00 Uhr zu einem Vortrag \u201eDie Rh\u00f6n zum Jahresausklang\u201c in den B\u00fcrgersaal der Stadthalle Gersfeld, Schlossplatz 11, ein. Die Kosten betragen pro Person zwei Euro, mit Kurkarte ein Euro.<\/p>\n<\/div>","protected":false},"author":1,"featured_media":0,"comment_status":"closed","ping_status":"closed","sticky":false,"template":"","format":"standard","meta":{"footnotes":""},"categories":[1,52],"tags":[],"class_list":["post-94076","post","type-post","status-publish","format-standard","hentry","category-startseite","category-umwelt"],"_links":{"self":[{"href":"https:\/\/www.fuldaernachrichten.de\/index.php?rest_route=\/wp\/v2\/posts\/94076","targetHints":{"allow":["GET"]}}],"collection":[{"href":"https:\/\/www.fuldaernachrichten.de\/index.php?rest_route=\/wp\/v2\/posts"}],"about":[{"href":"https:\/\/www.fuldaernachrichten.de\/index.php?rest_route=\/wp\/v2\/types\/post"}],"author":[{"embeddable":true,"href":"https:\/\/www.fuldaernachrichten.de\/index.php?rest_route=\/wp\/v2\/users\/1"}],"replies":[{"embeddable":true,"href":"https:\/\/www.fuldaernachrichten.de\/index.php?rest_route=%2Fwp%2Fv2%2Fcomments&post=94076"}],"version-history":[{"count":0,"href":"https:\/\/www.fuldaernachrichten.de\/index.php?rest_route=\/wp\/v2\/posts\/94076\/revisions"}],"wp:attachment":[{"href":"https:\/\/www.fuldaernachrichten.de\/index.php?rest_route=%2Fwp%2Fv2%2Fmedia&parent=94076"}],"wp:term":[{"taxonomy":"category","embeddable":true,"href":"https:\/\/www.fuldaernachrichten.de\/index.php?rest_route=%2Fwp%2Fv2%2Fcategories&post=94076"},{"taxonomy":"post_tag","embeddable":true,"href":"https:\/\/www.fuldaernachrichten.de\/index.php?rest_route=%2Fwp%2Fv2%2Ftags&post=94076"}],"curies":[{"name":"wp","href":"https:\/\/api.w.org\/{rel}","templated":true}]}}