{"id":94073,"date":"2011-12-23T00:59:59","date_gmt":"2011-12-23T00:59:59","guid":{"rendered":"http:\/\/www.fuldaer-nachrichten.de\/?p=94073"},"modified":"2011-12-26T09:01:12","modified_gmt":"2011-12-26T09:01:12","slug":"hallenbad-in-schlitz-vorubergehend-geschlossen","status":"publish","type":"post","link":"https:\/\/www.fuldaernachrichten.de\/?p=94073","title":{"rendered":"Hallenbad in Schlitz vor\u00fcbergehend geschlossen"},"content":{"rendered":"<p>Schlitz. Am 15. Dezember hat die Kreis-Fachkraft f\u00fcr Arbeitssicherheit die Auswertung von Erhebungen einer Begehung im Hallenbad Schlitz der Kreisverwaltung mitgeteilt. Die ausf\u00fchrliche Bewertung dieser M\u00e4ngel durch das zust\u00e4ndige Amt f\u00fcr Geb\u00e4udemanagement ergab, dass es keine andere M\u00f6glichkeit gibt, als das Hallenbad, das dem Vogelsbergkreis als Schultr\u00e4ger geh\u00f6rt, mit sofortiger Wirkung \u2013 zum 22. Dezember \u2013 zu schlie\u00dfen.<!--more--><br \/>\nIn Abstimmung mit dem zust\u00e4ndigen Dezernenten des AFG, Kreisbeigeordneten Hanns Michael Diening, hat der Leiter des AFG, Diplom-Ingenieur Ewald Keil am Donnerstag, 22. Dezember, den B\u00fcrgermeister der Stadt Schlitz, Hans-J\u00fcrgen Sch\u00e4fer, per Brief und vorab per Fax an 06642\/970-56 davon in Kenntnis gesetzt, dass das Hallenbad in Schlitz vor\u00fcbergehend geschlossen werden muss.<\/p>\n<p>In dem Schreiben hei\u00dft es: \u201eGrund f\u00fcr die Schlie\u00dfung ist, dass in Folge der stetigen Verschlechterung des Zustandes \u2013 insbesondere der technischen Anlagen \u2013 eine gefahrlose Benutzbarkeit des Bades aktuell nicht mehr gegeben ist. Diese erheblichen Sicherheitsrisiken wurden zuletzt durch die Begehung der Fachkraft f\u00fcr Arbeitssicherheit, Ralf Obermeier (Kreiskrankenhaus Alsfeld) aufgezeigt. Wir vertrauen auf Ihr Verst\u00e4ndnis f\u00fcr diese Ma\u00dfnahme, da Leib und Leben der B\u00fcrgerinnen und B\u00fcrger das h\u00f6chste zu sch\u00fctzende Gut ist.\u201c Am heutigen Freitag, 23. Dezember, hat der B\u00fcrgermeister den kompletten achtseitigen M\u00e4ngelbericht ebenfalls erhalten. Ein wichtiger Aspekt in diesem Bericht ist die deutlich zu hohe Chlor-Emission.<\/p>\n<p>Weil in der K\u00fcrze der Zeit nicht alle Personen, die einen Schl\u00fcssel zum Hallenbad haben, erreicht werden konnten, wurde der Hausmeister angewiesen, die Schlie\u00dfzylinder auszutauschen, damit Benutzer keinen Gefahren ausgesetzt werden k\u00f6nnen. Nur noch vom AFG autorisierte Personen d\u00fcrfen das Bad betreten. W\u00e4hrend der Ferien wird das Kreisgesundheitsamt \u2013 zus\u00e4tzlich zu der technischen Sicherheitsbegehung \u2013 eine umfassende Hygiene-Analyse vornehmen. Diese Erkenntnisse werden dann auch in die Bewertung, wie es mit dem Bad weiter gehen soll, einflie\u00dfen.<\/p>\n<p>Wie Kreisbeigeordneter Diening mitteilt, werden die Weihnachtsferien, in denen ohnehin kein Schulsport stattfindet, dazu genutzt, die Sch\u00e4den zu quantifizieren und eine Aufstellung zu machen, was alles zu investieren w\u00e4re, um einen gefahrlosen Betrieb weiterhin zu erm\u00f6glichen.<\/p>\n<p>Dabei m\u00fcsse sehr genau bewertet werden, ob die dann erhobene n\u00f6tige Summe in einem angemessenen Verh\u00e4ltnis zum Nutzungsgrad des Hallenbades st\u00fcnde, so Diening. Seit Jahren sei bekannt, dass das Bad mit erheblichen technischen Problemen zu k\u00e4mpfen habe. Dass nun auch erhebliche Sicherheitsbedenken hinzu k\u00e4men, lasse nur diesen Weg einer korrekten \u00dcberpr\u00fcfung und einstweiligen Schlie\u00dfung \u00fcbrig.<\/p>\n","protected":false},"excerpt":{"rendered":"<div class=\"tmnf_excerpt\"><p>Schlitz. Am 15. Dezember hat die Kreis-Fachkraft f\u00fcr Arbeitssicherheit die Auswertung von Erhebungen einer Begehung im Hallenbad Schlitz der Kreisverwaltung mitgeteilt. Die ausf\u00fchrliche Bewertung dieser M\u00e4ngel durch das zust\u00e4ndige Amt f\u00fcr Geb\u00e4udemanagement ergab, dass es keine andere M\u00f6glichkeit gibt, als das Hallenbad, das dem Vogelsbergkreis als Schultr\u00e4ger geh\u00f6rt, mit sofortiger Wirkung \u2013 zum 22. Dezember &hellip;<\/p>\n<\/div>","protected":false},"author":1,"featured_media":0,"comment_status":"closed","ping_status":"closed","sticky":false,"template":"","format":"standard","meta":{"footnotes":""},"categories":[1],"tags":[],"class_list":["post-94073","post","type-post","status-publish","format-standard","hentry","category-startseite"],"_links":{"self":[{"href":"https:\/\/www.fuldaernachrichten.de\/index.php?rest_route=\/wp\/v2\/posts\/94073","targetHints":{"allow":["GET"]}}],"collection":[{"href":"https:\/\/www.fuldaernachrichten.de\/index.php?rest_route=\/wp\/v2\/posts"}],"about":[{"href":"https:\/\/www.fuldaernachrichten.de\/index.php?rest_route=\/wp\/v2\/types\/post"}],"author":[{"embeddable":true,"href":"https:\/\/www.fuldaernachrichten.de\/index.php?rest_route=\/wp\/v2\/users\/1"}],"replies":[{"embeddable":true,"href":"https:\/\/www.fuldaernachrichten.de\/index.php?rest_route=%2Fwp%2Fv2%2Fcomments&post=94073"}],"version-history":[{"count":0,"href":"https:\/\/www.fuldaernachrichten.de\/index.php?rest_route=\/wp\/v2\/posts\/94073\/revisions"}],"wp:attachment":[{"href":"https:\/\/www.fuldaernachrichten.de\/index.php?rest_route=%2Fwp%2Fv2%2Fmedia&parent=94073"}],"wp:term":[{"taxonomy":"category","embeddable":true,"href":"https:\/\/www.fuldaernachrichten.de\/index.php?rest_route=%2Fwp%2Fv2%2Fcategories&post=94073"},{"taxonomy":"post_tag","embeddable":true,"href":"https:\/\/www.fuldaernachrichten.de\/index.php?rest_route=%2Fwp%2Fv2%2Ftags&post=94073"}],"curies":[{"name":"wp","href":"https:\/\/api.w.org\/{rel}","templated":true}]}}