{"id":94072,"date":"2011-12-23T08:58:55","date_gmt":"2011-12-23T08:58:55","guid":{"rendered":"http:\/\/www.fuldaer-nachrichten.de\/?p=94072"},"modified":"2011-12-26T08:59:37","modified_gmt":"2011-12-26T08:59:37","slug":"heiliger-abend-im-treffpunkt-gemusemarkt","status":"publish","type":"post","link":"https:\/\/www.fuldaernachrichten.de\/?p=94072","title":{"rendered":"Heiliger Abend im Treffpunkt Gem\u00fcsemarkt"},"content":{"rendered":"<p>Fulda. Am 24. Dezember ist Heilig Abend. Dieses Fest feiert die Diakonie im Kirchenkreis Fulda ab 16 Uhr im Treffpunkt Gem\u00fcsemarkt. Die Diakonie hat Menschen, die an diesem Tag alleine sind, zu einem \u201eklassischen\u201c Weihnachtsabend eingeladen. Mit einer Andacht, einem gemeinsamen Festessen, einer Bescherung und nat\u00fcrlich der Gelegenheit miteinander zu feiern, zu singen und Gemeinschaft zu erleben. Die Weihnachtsfeier ist f\u00fcr die G\u00e4ste kostenlos.<\/p>\n<p>\u201eViele Menschen sind an diesen Abend alleine. Weil die Kinder aus dem Haus sind, weil sie keine Angeh\u00f6rigen haben, weil sie sozial im Abseits stehen. Einige k\u00f6nnen das Fest gar nicht feiern, weil schlicht das Geld fehlt. Es gibt viele Gr\u00fcnde, warum Menschen am Heiligen Abend alleine sind oder die Geburt Jesu nicht feiern.\u201c, so\u00c2\u00a0 Gesch\u00e4ftsf\u00fchrer Daniel Weiss. F\u00fcr diese Menschen ist die Diakonie als Teil der Evangelischen Kirche auch da.<\/p>\n<p>Viele ehrenamtliche Helfer haben diese Feier vorbereitet, einige werden an dem Abend helfen. \u201eDas ist etwas Besonderes, mal an einem Abend zu helfen, an dem man eigentlich zu Hause ist. Ein sch\u00f6nes Gef\u00fchl.\u201c, sagt eine Helferin.<\/p>\n<p>Diese Art, Weihnachten zu teilen ist ein Versuch. Die 15 \u201ePl\u00e4tze\u201c waren schnell vergeben. Noch ehe man richtig daf\u00fcr werben konnte, kamen schon die Anmeldungen. Noch bevor fest stand, dass es Abendessen gibt und f\u00fcr jeden ein kleines Geschenk, hatten sich Menschen gemeldet, die Weihnachten in guter Gesellschaft verbringen wollten.<\/p>\n<p>F\u00fcr alle, die noch nicht den Mut aufgebracht haben, sich zu melden, oder f\u00fcr die leider kein Platz mehr frei war, findet <strong>am 2. Weihnachtsfeiertag ab 10 Uhr ein Weihnachtsbrunch im Treffpunkt Gem\u00fcsemarkt<\/strong> statt. Die Teilnahme ist auch hier kostenlos. Eine Anmeldung ist nicht erforderlich.<\/p>\n","protected":false},"excerpt":{"rendered":"<div class=\"tmnf_excerpt\"><p>Fulda. Am 24. Dezember ist Heilig Abend. Dieses Fest feiert die Diakonie im Kirchenkreis Fulda ab 16 Uhr im Treffpunkt Gem\u00fcsemarkt. Die Diakonie hat Menschen, die an diesem Tag alleine sind, zu einem \u201eklassischen\u201c Weihnachtsabend eingeladen. Mit einer Andacht, einem gemeinsamen Festessen, einer Bescherung und nat\u00fcrlich der Gelegenheit miteinander zu feiern, zu singen und Gemeinschaft &hellip;<\/p>\n<\/div>","protected":false},"author":1,"featured_media":0,"comment_status":"closed","ping_status":"closed","sticky":false,"template":"","format":"standard","meta":{"footnotes":""},"categories":[1,50],"tags":[],"class_list":["post-94072","post","type-post","status-publish","format-standard","hentry","category-startseite","category-kirche"],"_links":{"self":[{"href":"https:\/\/www.fuldaernachrichten.de\/index.php?rest_route=\/wp\/v2\/posts\/94072","targetHints":{"allow":["GET"]}}],"collection":[{"href":"https:\/\/www.fuldaernachrichten.de\/index.php?rest_route=\/wp\/v2\/posts"}],"about":[{"href":"https:\/\/www.fuldaernachrichten.de\/index.php?rest_route=\/wp\/v2\/types\/post"}],"author":[{"embeddable":true,"href":"https:\/\/www.fuldaernachrichten.de\/index.php?rest_route=\/wp\/v2\/users\/1"}],"replies":[{"embeddable":true,"href":"https:\/\/www.fuldaernachrichten.de\/index.php?rest_route=%2Fwp%2Fv2%2Fcomments&post=94072"}],"version-history":[{"count":0,"href":"https:\/\/www.fuldaernachrichten.de\/index.php?rest_route=\/wp\/v2\/posts\/94072\/revisions"}],"wp:attachment":[{"href":"https:\/\/www.fuldaernachrichten.de\/index.php?rest_route=%2Fwp%2Fv2%2Fmedia&parent=94072"}],"wp:term":[{"taxonomy":"category","embeddable":true,"href":"https:\/\/www.fuldaernachrichten.de\/index.php?rest_route=%2Fwp%2Fv2%2Fcategories&post=94072"},{"taxonomy":"post_tag","embeddable":true,"href":"https:\/\/www.fuldaernachrichten.de\/index.php?rest_route=%2Fwp%2Fv2%2Ftags&post=94072"}],"curies":[{"name":"wp","href":"https:\/\/api.w.org\/{rel}","templated":true}]}}