{"id":94066,"date":"2011-12-26T08:54:25","date_gmt":"2011-12-26T08:54:25","guid":{"rendered":"http:\/\/www.fuldaer-nachrichten.de\/?p=94066"},"modified":"2011-12-26T08:54:25","modified_gmt":"2011-12-26T08:54:25","slug":"die-papstin-ist-musical-des-jahres","status":"publish","type":"post","link":"https:\/\/www.fuldaernachrichten.de\/?p=94066","title":{"rendered":"\u201eDie P\u00e4pstin\u201c ist Musical des Jahres"},"content":{"rendered":"<p><a href=\"http:\/\/www.fuldaer-nachrichten.de\/wp-content\/uploads\/2011\/12\/111226_P%C3%A4pstin.jpg\"><img decoding=\"async\" class=\"alignleft size-thumbnail wp-image-94067\" title=\"111226_P\u00e4pstin\" src=\"http:\/\/www.fuldaer-nachrichten.de\/wp-content\/uploads\/2011\/12\/111226_P%C3%A4pstin-265x175.jpg\" alt=\"\" width=\"265\" height=\"175\" \/><\/a>Fulda (cp). \u201eDie sehr gute Resonanz des Musicals mit \u00fcber 70.000 Besuchern war f\u00fcr die Stadt Fulda, insbesondere f\u00fcr die Einzelh\u00e4ndler, Gastronomen und Hotels, auf jeden Fall ein Gewinn\u201c, erkl\u00e4rte Oberb\u00fcrgermeister Gerhard M\u00f6ller. Daher freue er sich sehr, dass die 5700 Leserinnen und Leser des Fachmagazins \u201eDa Capo\u201c das in Fulda uraufgef\u00fchrte Musical \u201eDie P\u00e4pstin\u201c zum \u201eMusical des Jahres\u201c gew\u00e4hlt haben.<!--more--><\/p>\n<p>Hocherfreut nahmen Produzent Peter Scholz und Komponist Dennis Martin in Anwesenheit des Fuldaer Verwaltungschefs den Preis von J\u00f6rg Beese, Herausgeber und Chefredakteur von \u201eDa Capo\u201c, entgegen. Scholz dankte der Stadt und dem Oberb\u00fcrgermeister f\u00fcr die Unterst\u00fctzung bei der Durchf\u00fchrung des Musicals und berichtete, dass auch der Verkauf f\u00fcr die Fortsetzung des Musicals im n\u00e4chsten Jahr sehr gut angelaufen sei.<\/p>\n<p><strong>Qualit\u00e4t wurde belohnt<\/strong><\/p>\n<p>Die Eindeutigkeit des Ergebnisses habe beeindruckt, denn bereits in der zweiten der sechs Woche dauernden Wahlperiode sei klar gewesen, dass \u201eDie P\u00e4pstin\u201c die Spitze anf\u00fchren werde, so J\u00f6rg Beese. \u201eDie Qualit\u00e4t hat gestimmt und das wurde vom Publikum belohnt\u201c, hob der Chefredakteur des Fachmagazins hervor, der auch bei der Premiere in Fulda anwesend war. \u201eDa Capo \u2013 Das Musical-Magazin\u201c erscheint seit 2003 alle sechs Wochen mit einer Auflage von 23.500 Exemplaren und wird von den Beteiligten auf ehrenamtlicher Basis erstellt.<\/p>\n<p>\u201eDie P\u00e4pstin\u201c hat insgesamt f\u00fcnf von elf Preisen gewonnen \u2013 neben dem Musical des Jahres erhielt die Hauptdarstellerin Sabrina Weckerlin die Auszeichnung als beste Darstellerin sowie Matthias Edenborn als bester Darsteller. Au\u00dferdem wurden die Lieder \u201eWehrlos\u201c als \u201eSong des Jahres\u201c und \u201eJahrmarkt von Saint Denis\u201c als \u201eEnsemblesong\u201c pr\u00e4miert. Erfreut erfuhr Gerhard M\u00f6ller auch, dass das Fuldaer Schlosstheater beim Ranking den siebten Platz zwischen Theatern in Hamburg und Wien erreicht hatte.<\/p>\n","protected":false},"excerpt":{"rendered":"<div class=\"tmnf_excerpt\"><p>Fulda (cp). \u201eDie sehr gute Resonanz des Musicals mit \u00fcber 70.000 Besuchern war f\u00fcr die Stadt Fulda, insbesondere f\u00fcr die Einzelh\u00e4ndler, Gastronomen und Hotels, auf jeden Fall ein Gewinn\u201c, erkl\u00e4rte Oberb\u00fcrgermeister Gerhard M\u00f6ller. Daher freue er sich sehr, dass die 5700 Leserinnen und Leser des Fachmagazins \u201eDa Capo\u201c das in Fulda uraufgef\u00fchrte Musical \u201eDie P\u00e4pstin\u201c &hellip;<\/p>\n<\/div>","protected":false},"author":1,"featured_media":0,"comment_status":"closed","ping_status":"closed","sticky":false,"template":"","format":"standard","meta":{"footnotes":""},"categories":[1,44],"tags":[],"class_list":["post-94066","post","type-post","status-publish","format-standard","hentry","category-startseite","category-kultur"],"_links":{"self":[{"href":"https:\/\/www.fuldaernachrichten.de\/index.php?rest_route=\/wp\/v2\/posts\/94066","targetHints":{"allow":["GET"]}}],"collection":[{"href":"https:\/\/www.fuldaernachrichten.de\/index.php?rest_route=\/wp\/v2\/posts"}],"about":[{"href":"https:\/\/www.fuldaernachrichten.de\/index.php?rest_route=\/wp\/v2\/types\/post"}],"author":[{"embeddable":true,"href":"https:\/\/www.fuldaernachrichten.de\/index.php?rest_route=\/wp\/v2\/users\/1"}],"replies":[{"embeddable":true,"href":"https:\/\/www.fuldaernachrichten.de\/index.php?rest_route=%2Fwp%2Fv2%2Fcomments&post=94066"}],"version-history":[{"count":0,"href":"https:\/\/www.fuldaernachrichten.de\/index.php?rest_route=\/wp\/v2\/posts\/94066\/revisions"}],"wp:attachment":[{"href":"https:\/\/www.fuldaernachrichten.de\/index.php?rest_route=%2Fwp%2Fv2%2Fmedia&parent=94066"}],"wp:term":[{"taxonomy":"category","embeddable":true,"href":"https:\/\/www.fuldaernachrichten.de\/index.php?rest_route=%2Fwp%2Fv2%2Fcategories&post=94066"},{"taxonomy":"post_tag","embeddable":true,"href":"https:\/\/www.fuldaernachrichten.de\/index.php?rest_route=%2Fwp%2Fv2%2Ftags&post=94066"}],"curies":[{"name":"wp","href":"https:\/\/api.w.org\/{rel}","templated":true}]}}