{"id":94060,"date":"2011-12-24T12:07:36","date_gmt":"2011-12-24T12:07:36","guid":{"rendered":"http:\/\/www.fuldaer-nachrichten.de\/?p=94060"},"modified":"2011-12-24T12:07:36","modified_gmt":"2011-12-24T12:07:36","slug":"kreisausschussmitglied-alfred-metz-will-als-vertreter-des-landkreises-fulda-nicht-nur-physisch-prasent-sein","status":"publish","type":"post","link":"https:\/\/www.fuldaernachrichten.de\/?p=94060","title":{"rendered":"Kreisausschussmitglied Alfred Metz will als Vertreter des Landkreises Fulda nicht nur physisch pr\u00e4sent sein"},"content":{"rendered":"<p><a href=\"http:\/\/www.fuldaer-nachrichten.de\/wp-content\/uploads\/2011\/12\/635-Alfred-Metz.jpg\"><img fetchpriority=\"high\" decoding=\"async\" class=\"alignleft size-thumbnail wp-image-94061\" title=\"635-Alfred-Metz\" src=\"http:\/\/www.fuldaer-nachrichten.de\/wp-content\/uploads\/2011\/12\/635-Alfred-Metz-265x398.jpg\" alt=\"\" width=\"265\" height=\"398\" srcset=\"https:\/\/www.fuldaernachrichten.de\/wp-content\/uploads\/2011\/12\/635-Alfred-Metz-265x398.jpg 265w, https:\/\/www.fuldaernachrichten.de\/wp-content\/uploads\/2011\/12\/635-Alfred-Metz-176x265.jpg 176w, https:\/\/www.fuldaernachrichten.de\/wp-content\/uploads\/2011\/12\/635-Alfred-Metz.jpg 399w\" sizes=\"(max-width: 265px) 100vw, 265px\" \/><\/a>Hofbieber. Der 68-j\u00e4hrige Alfred Metz ist ein vielbesch\u00e4ftigter Mann in Sachen Kreispolitik. Rund f\u00fcnfzig \u00f6ffentliche Auftritte hat der pensionierte Fachlehrer aus Hofbieber allein in diesem Jahr f\u00fcr den Landkreis Fulda wahrgenommen. Dabei sind die \u00fcblichen Sitzungstermine noch nicht mitgez\u00e4hlt.<\/p>\n<p>Der CDU-Kommunalpolitiker bereitet sich intensiv auf seine \u00f6ffentlichen Auftritte vor, bei denen von ihm als dem offiziellen Vertreter des Landkreises in der Regel ein Gru\u00dfwort erwartet wird. Dabei geht ihm nicht nur darum, physische Pr\u00e4senz zu zeigen, sondern denjenigen, die ihn eingeladen haben &#8211; h\u00e4ufig handelt es sich um Vereine, Verb\u00e4nde oder sonstige Gruppen\u00c2\u00a0-, Aufmerksamkeit, Interesse und Wertsch\u00e4tzung zu schenken. F\u00fcr ihn kommt dies vor allem auch in den Worten zum Ausdruck, die er an seine Zuh\u00f6rer richtet und die deutlich machen sollen, dass er sich mit ihnen und ihrem spezifischen Anliegen auseinandergesetzt hat.<\/p>\n<p>Foto: Max Colin Heydenreich<br \/>\n<!--more--><\/p>\n<p>Seit 1972 ist der geb\u00fcrtige Schwarzbacher kommunalpolitisch aktiv. Nachdem er Ende der sechziger Jahre in Hofbieber gebaut hatte, wurde er unter anderem vom damaligen Ersten Kreisbeigeordneten Willi Leitschuh angesprochen. Von 1977 bis heute geh\u00f6rt der verheiratete Familienvater, der einen erwachsenen Sohn hat, der Gemeindevertretung beziehungsweise dem Gemeindevorstand von Hofbieber an. 1976 r\u00fcckte er kurzzeitig in den Kreistag nach, in den er dann 1993 erstmals direkt gew\u00e4hlt wurde. Ehrenamtlicher Kreisbeigeordneter ist Alfred Metz seit 2001. Im Kreisausschuss vertritt er f\u00fcr seine Partei die Region Rh\u00f6n.<\/p>\n<p>Der ehemals aktive Fu\u00dfballer bezeichnet sich als \u201etypischen Vereinsmeier\u201c. So war er 24 Jahre Vorsitzender des Arbeitskreises der Hofbieberer Vereine. Neben dem Sport &#8211; viele Jahre leitete er auch die Gymnastikgruppe im Sch\u00fctzenverein &#8211; gilt das besondere Interesse dem Fremdenverkehr und der Heimatpflege. Zu seinen Hobbys z\u00e4hlt er Wandern, Radfahren und Metallarbeiten, was beim beruflichen Werdegang von Alfred Metz nicht verwundert. Er hat urspr\u00fcnglich Werkzeugmacher gelernt, den Meisterbrief im Handwerk als Maschinenbauer erworben und sich \u00fcber den zweiten Bildungsweg zum Fachlehrer weiterqualifiziert.<\/p>\n<p>31 Jahre war Alfred Metz als Berufschullehrer im Metallfach t\u00e4tig, davon 25 Jahre an der Konrad-Zuse-Schule in Hilders. Auch geh\u00f6rte er 15 Jahre dem IHK-Pr\u00fcfungsausschuss an. Von daher ist die berufliche Bildung ein Schwerpunkt seiner kommunalpolitischen Arbeit. Jungen Menschen gibt er mit auf den Weg, sich immer wieder anzuspornen. \u201eBei manchen platzt der Knoten eben sp\u00e4ter.\u201c Lebenslanges Lernen sei der Schl\u00fcssel zum Erfolg im Beruf und in der Gesellschaft. Stolz ist er darauf, die Umsetzung des Konjunkturprogramms begleitet zu haben, das den Schulen und der heimischen Wirtschaft zu Gute gekommen sei.<\/p>\n<p>Ein Herzensanliegen sind ihm die Themen Heimat, Natur und Umwelt. Alfred Metz, der das Klima im Kreisausschuss als kollegial sch\u00e4tzt &#8211; \u201ewir halten unabh\u00e4ngig von der Parteizugeh\u00f6rigkeit mit unserer Meinung und auch mit Kritik nicht hinterm Berg\u201c -, ist bekennender Rh\u00f6ner und hat beispielsweise die Wiederbelebung des Malerdorfs Kleinsassen nachdr\u00fccklich unterst\u00fctzt. \u201eWir m\u00fcssen mit der von den V\u00e4tern \u00fcbernommenen Kulturlandschaft sorgsam umgehen und sie f\u00fcr kommende Generationen bewahren.\u201c Die Pr\u00e4dikatisierung der Rh\u00f6n als Biosph\u00e4renreservat biete die Chance auf eine zukunftsgerichtete Regionalentwicklung.\u201c<\/p>\n","protected":false},"excerpt":{"rendered":"<div class=\"tmnf_excerpt\"><p>Hofbieber. Der 68-j\u00e4hrige Alfred Metz ist ein vielbesch\u00e4ftigter Mann in Sachen Kreispolitik. Rund f\u00fcnfzig \u00f6ffentliche Auftritte hat der pensionierte Fachlehrer aus Hofbieber allein in diesem Jahr f\u00fcr den Landkreis Fulda wahrgenommen. Dabei sind die \u00fcblichen Sitzungstermine noch nicht mitgez\u00e4hlt. Der CDU-Kommunalpolitiker bereitet sich intensiv auf seine \u00f6ffentlichen Auftritte vor, bei denen von ihm als dem &hellip;<\/p>\n<\/div>","protected":false},"author":1,"featured_media":0,"comment_status":"closed","ping_status":"closed","sticky":false,"template":"","format":"standard","meta":{"footnotes":""},"categories":[1,29],"tags":[],"class_list":["post-94060","post","type-post","status-publish","format-standard","hentry","category-startseite","category-politik"],"_links":{"self":[{"href":"https:\/\/www.fuldaernachrichten.de\/index.php?rest_route=\/wp\/v2\/posts\/94060","targetHints":{"allow":["GET"]}}],"collection":[{"href":"https:\/\/www.fuldaernachrichten.de\/index.php?rest_route=\/wp\/v2\/posts"}],"about":[{"href":"https:\/\/www.fuldaernachrichten.de\/index.php?rest_route=\/wp\/v2\/types\/post"}],"author":[{"embeddable":true,"href":"https:\/\/www.fuldaernachrichten.de\/index.php?rest_route=\/wp\/v2\/users\/1"}],"replies":[{"embeddable":true,"href":"https:\/\/www.fuldaernachrichten.de\/index.php?rest_route=%2Fwp%2Fv2%2Fcomments&post=94060"}],"version-history":[{"count":0,"href":"https:\/\/www.fuldaernachrichten.de\/index.php?rest_route=\/wp\/v2\/posts\/94060\/revisions"}],"wp:attachment":[{"href":"https:\/\/www.fuldaernachrichten.de\/index.php?rest_route=%2Fwp%2Fv2%2Fmedia&parent=94060"}],"wp:term":[{"taxonomy":"category","embeddable":true,"href":"https:\/\/www.fuldaernachrichten.de\/index.php?rest_route=%2Fwp%2Fv2%2Fcategories&post=94060"},{"taxonomy":"post_tag","embeddable":true,"href":"https:\/\/www.fuldaernachrichten.de\/index.php?rest_route=%2Fwp%2Fv2%2Ftags&post=94060"}],"curies":[{"name":"wp","href":"https:\/\/api.w.org\/{rel}","templated":true}]}}