{"id":94057,"date":"2011-12-24T00:04:59","date_gmt":"2011-12-24T00:04:59","guid":{"rendered":"http:\/\/www.fuldaer-nachrichten.de\/?p=94057"},"modified":"2011-12-24T12:12:03","modified_gmt":"2011-12-24T12:12:03","slug":"feierliche-zeugnisubergabe-fur-aufstiegsfortbildungen","status":"publish","type":"post","link":"https:\/\/www.fuldaernachrichten.de\/?p=94057","title":{"rendered":"Feierliche Zeugnis\u00fcbergabe f\u00fcr Aufstiegsfortbildungen"},"content":{"rendered":"<p><a href=\"http:\/\/www.fuldaer-nachrichten.de\/wp-content\/uploads\/2011\/12\/37-2011-Meisterfeier.jpg\"><img decoding=\"async\" class=\"alignleft size-thumbnail wp-image-94058\" title=\"37-2011-Meisterfeier\" src=\"http:\/\/www.fuldaer-nachrichten.de\/wp-content\/uploads\/2011\/12\/37-2011-Meisterfeier.jpg\" alt=\"\" width=\"560\" srcset=\"https:\/\/www.fuldaernachrichten.de\/wp-content\/uploads\/2011\/12\/37-2011-Meisterfeier.jpg 592w, https:\/\/www.fuldaernachrichten.de\/wp-content\/uploads\/2011\/12\/37-2011-Meisterfeier-265x176.jpg 265w\" sizes=\"(max-width: 592px) 100vw, 592px\" \/><\/a>Fulda. 99 Absolventinnen und Absolventen haben erfolgreich an einer IHK-Weiterbildungspr\u00fcfung teilgenommen und damit einen weiteren wichtigen Schritt f\u00fcr ihre berufliche Zukunft getan. \u201eSie k\u00f6nnen stolz sein!\u201c, gratulierte IHK-Pr\u00e4sident Bernhard Juchheim. Im Dezember wurden im Hotel-Gasthof Hardt in Fulda im feierlichen Rahmen die Zeugnisse f\u00fcr elf Aufstiegsfortbildungen \u00fcberreicht, darunter auch die drei Landesbesten Ingo Breitenbach (Gepr\u00fcfter Industriemeister Elektrotechnik), Gerhard Wallrab (Gepr\u00fcfter Industriemeister Metall und Steffen Leibold (Gepr\u00fcfter Technischer Betriebswirt).<!--more--><\/p>\n<p>Drei lebenspr\u00e4gende Qualit\u00e4ten legte Bernhard Juchheim den F\u00fchrungskr\u00e4ften von morgen ans Herz: soziale Kompetenz, die Bereitschaft, lebenslang zu lernen und die F\u00e4higkeit, Ziele zu setzen und sich f\u00fcr sie zu begeistern. \u201eBehandeln Sie Ihre Mitmenschen so, wie Sie gerne von ihnen behandelt werden m\u00f6chten\u201c, unterstrich der IHK-Pr\u00e4sident.<\/p>\n<p>Das Tempo der Ver\u00e4nderungen in technischer, gesellschaftlicher und sozialer Hinsicht nehme weiter zu, die Orientierung des Einzelnen dagegen eher ab. Die umfassende Verf\u00fcgbarkeit von Informationen und Kommunikationstechniken biete einerseits ungeahnte Chancen f\u00fcr das berufliche und private Leben. Andererseits fordere die Informationsflut heraus, Wichtiges von Unwichtigem zu unterscheiden.<\/p>\n<p>\u201eDas technische Wissen verdoppelt sich in immer k\u00fcrzeren Abst\u00e4nden, geographische Grenzen fallen, Entfernungen werden nicht zuletzt durch das Internet immer k\u00fcrzer. Gleichzeitig und bedingt dadurch nimmt der Wettbewerb st\u00e4ndig zu. Und f\u00fcr diesen Wettbewerb m\u00fcssen Sie sich r\u00fcsten.\u201c Wer keine Vision von seiner eigenen Zukunft habe, werde schnell richtungslos, auch wenn gelegentlich die Richtung ge\u00e4ndert werden m\u00fcsse &#8211; nicht immer f\u00fchre der direkte Weg zum Ziel. \u201eUnd je gr\u00f6\u00dfer Ihre Begeisterung ist, desto gr\u00f6\u00dfer wird Ihr Erfolg sein.\u201c<\/p>\n<p>Der IHK-Pr\u00e4sident gratulierte aber nicht nur zur erfolgreich abgeschlossenen IHK-Weiterbildungspr\u00fcfung, sondern dankte auch f\u00fcr das positive Beispiel, in der Freizeit die \u201eSchulbank\u201c zu dr\u00fccken. F\u00fcr zauberhafte Unterhaltung, viele Lacher und Staunen sorgte Illusionsk\u00fcnstler Gerrit mit gekonnten Einlagen.<\/p>\n<p>IHK-Hauptgesch\u00e4ftsf\u00fchrer Stefan Schunck unterstrich abschlie\u00dfend die Bedeutung des Ehrenamtes und dankte ausdr\u00fccklich allen Pr\u00fcferinnen und Pr\u00fcfern in den Aussch\u00fcssen f\u00fcr ihren gro\u00dfen Einsatz. \u201eWir brauchen Sie\u201c war Anerkennung und Aufforderung zugleich, sich auch k\u00fcnftig weiterhin zu engagieren.<\/p>\n<p>Alle Namen und Fotos im Internet unter www.ihk-fulda.de<\/p>\n<p><em>BU: IHK-Pr\u00e4sident Bernhard Juchheim, die drei Landesbesten Ingo Breitenbach (Gepr\u00fcfter Industriemeister Elektrotechnik), Steffen Leibold (Gepr\u00fcfter Technischer Betriebswirt) und Gerhard Wallrab (Gepr\u00fcfter Industriemeister Metall) mit IHK-Hauptgesch\u00e4ftsf\u00fchrer Stefan Schunck<\/em><\/p>\n","protected":false},"excerpt":{"rendered":"<div class=\"tmnf_excerpt\"><p>Fulda. 99 Absolventinnen und Absolventen haben erfolgreich an einer IHK-Weiterbildungspr\u00fcfung teilgenommen und damit einen weiteren wichtigen Schritt f\u00fcr ihre berufliche Zukunft getan. \u201eSie k\u00f6nnen stolz sein!\u201c, gratulierte IHK-Pr\u00e4sident Bernhard Juchheim. Im Dezember wurden im Hotel-Gasthof Hardt in Fulda im feierlichen Rahmen die Zeugnisse f\u00fcr elf Aufstiegsfortbildungen \u00fcberreicht, darunter auch die drei Landesbesten Ingo Breitenbach (Gepr\u00fcfter &hellip;<\/p>\n<\/div>","protected":false},"author":1,"featured_media":0,"comment_status":"closed","ping_status":"closed","sticky":false,"template":"","format":"standard","meta":{"footnotes":""},"categories":[1,29,78],"tags":[],"class_list":["post-94057","post","type-post","status-publish","format-standard","hentry","category-startseite","category-politik","category-topthema"],"_links":{"self":[{"href":"https:\/\/www.fuldaernachrichten.de\/index.php?rest_route=\/wp\/v2\/posts\/94057","targetHints":{"allow":["GET"]}}],"collection":[{"href":"https:\/\/www.fuldaernachrichten.de\/index.php?rest_route=\/wp\/v2\/posts"}],"about":[{"href":"https:\/\/www.fuldaernachrichten.de\/index.php?rest_route=\/wp\/v2\/types\/post"}],"author":[{"embeddable":true,"href":"https:\/\/www.fuldaernachrichten.de\/index.php?rest_route=\/wp\/v2\/users\/1"}],"replies":[{"embeddable":true,"href":"https:\/\/www.fuldaernachrichten.de\/index.php?rest_route=%2Fwp%2Fv2%2Fcomments&post=94057"}],"version-history":[{"count":0,"href":"https:\/\/www.fuldaernachrichten.de\/index.php?rest_route=\/wp\/v2\/posts\/94057\/revisions"}],"wp:attachment":[{"href":"https:\/\/www.fuldaernachrichten.de\/index.php?rest_route=%2Fwp%2Fv2%2Fmedia&parent=94057"}],"wp:term":[{"taxonomy":"category","embeddable":true,"href":"https:\/\/www.fuldaernachrichten.de\/index.php?rest_route=%2Fwp%2Fv2%2Fcategories&post=94057"},{"taxonomy":"post_tag","embeddable":true,"href":"https:\/\/www.fuldaernachrichten.de\/index.php?rest_route=%2Fwp%2Fv2%2Ftags&post=94057"}],"curies":[{"name":"wp","href":"https:\/\/api.w.org\/{rel}","templated":true}]}}