{"id":94056,"date":"2011-12-24T00:10:01","date_gmt":"2011-12-24T00:10:01","guid":{"rendered":"http:\/\/www.fuldaer-nachrichten.de\/?p=94056"},"modified":"2011-12-24T12:03:33","modified_gmt":"2011-12-24T12:03:33","slug":"neuer-studiengang-mittelstandsmanagement-start-ab-oktober-2012-an-der-privaten-berufsakademie-fulda","status":"publish","type":"post","link":"https:\/\/www.fuldaernachrichten.de\/?p=94056","title":{"rendered":"Neuer Studiengang \u201eMittelstandsmanagement\u201c &#8211; Start ab Oktober 2012 an der Privaten Berufsakademie Fulda"},"content":{"rendered":"<p><strong>Fulda.<\/strong> Neben dem Schwerpunktbereich Internationale Betriebswirtschaftslehre bietet die Private Berufsakademie Fulda \u2013 University of Cooperative Education gGmbH, ab sofort einen zweiten Studienschwerpunkt an: Mittelstandsmanagement. Dieser zweite im Akkreditierungsverfahren befindliche Schwerpunkt ist \u201ema\u00dfgeschneidert\u201c f\u00fcr viele mittelst\u00e4ndische Unternehmen in der der Region Fulda, die so ihre eigenen F\u00fchrungsnachwuchskr\u00e4fte zielorientiert ausbilden k\u00f6nnen. Zielsetzung des \u00c2\u00a0Studienganges ist die Vermittlung eines breiten \u00f6konomischen Basiswissens sowie Spezifika mittelst\u00e4ndischer und familiengef\u00fchrter Unternehmen. Hierbei stehen insbesondere die Werteorientierung, der Aufbau regionaler wie internationaler Netzwerke sowie die Besonderheiten der F\u00fchrung mittelst\u00e4ndischer Unternehmen im Blickpunkt. <!--more--><\/p>\n<p>Die Studierenden sind im Wechsel pro Semester jeweils ca. 13 Wochen an der Berufsakademie und im Partnerunternehmen t\u00e4tig. P\u00e4dagogisch zielt der Studiengang auf eine besonders ausgepr\u00e4gte F\u00f6rderung: Hierzu werden \u00fcberschaubare Gruppen mit einer maximalen Gr\u00f6\u00dfe von 16 Studierenden gebildet. So k\u00f6nnen St\u00e4rken gef\u00f6rdert sowie individuelle Defizite bearbeitet werden. Studieren im kleinen Kreis, mit Praxisbezug, engem Kontakt zu den Dozenten und individueller Laufbahnf\u00f6rderung sind Dreh- und Angelpunkt des Studiums zum Bachelor of Arts (B. A.).<\/p>\n<p>&nbsp;<\/p>\n<p>&nbsp;<\/p>\n","protected":false},"excerpt":{"rendered":"<div class=\"tmnf_excerpt\"><p>Fulda. Neben dem Schwerpunktbereich Internationale Betriebswirtschaftslehre bietet die Private Berufsakademie Fulda \u2013 University of Cooperative Education gGmbH, ab sofort einen zweiten Studienschwerpunkt an: Mittelstandsmanagement. Dieser zweite im Akkreditierungsverfahren befindliche Schwerpunkt ist \u201ema\u00dfgeschneidert\u201c f\u00fcr viele mittelst\u00e4ndische Unternehmen in der der Region Fulda, die so ihre eigenen F\u00fchrungsnachwuchskr\u00e4fte zielorientiert ausbilden k\u00f6nnen. Zielsetzung des \u00c2\u00a0Studienganges ist die Vermittlung &hellip;<\/p>\n<\/div>","protected":false},"author":1,"featured_media":0,"comment_status":"closed","ping_status":"closed","sticky":false,"template":"","format":"standard","meta":{"footnotes":""},"categories":[1],"tags":[],"class_list":["post-94056","post","type-post","status-publish","format-standard","hentry","category-startseite"],"_links":{"self":[{"href":"https:\/\/www.fuldaernachrichten.de\/index.php?rest_route=\/wp\/v2\/posts\/94056","targetHints":{"allow":["GET"]}}],"collection":[{"href":"https:\/\/www.fuldaernachrichten.de\/index.php?rest_route=\/wp\/v2\/posts"}],"about":[{"href":"https:\/\/www.fuldaernachrichten.de\/index.php?rest_route=\/wp\/v2\/types\/post"}],"author":[{"embeddable":true,"href":"https:\/\/www.fuldaernachrichten.de\/index.php?rest_route=\/wp\/v2\/users\/1"}],"replies":[{"embeddable":true,"href":"https:\/\/www.fuldaernachrichten.de\/index.php?rest_route=%2Fwp%2Fv2%2Fcomments&post=94056"}],"version-history":[{"count":0,"href":"https:\/\/www.fuldaernachrichten.de\/index.php?rest_route=\/wp\/v2\/posts\/94056\/revisions"}],"wp:attachment":[{"href":"https:\/\/www.fuldaernachrichten.de\/index.php?rest_route=%2Fwp%2Fv2%2Fmedia&parent=94056"}],"wp:term":[{"taxonomy":"category","embeddable":true,"href":"https:\/\/www.fuldaernachrichten.de\/index.php?rest_route=%2Fwp%2Fv2%2Fcategories&post=94056"},{"taxonomy":"post_tag","embeddable":true,"href":"https:\/\/www.fuldaernachrichten.de\/index.php?rest_route=%2Fwp%2Fv2%2Ftags&post=94056"}],"curies":[{"name":"wp","href":"https:\/\/api.w.org\/{rel}","templated":true}]}}