{"id":94051,"date":"2011-12-24T00:20:11","date_gmt":"2011-12-24T00:20:11","guid":{"rendered":"http:\/\/www.fuldaer-nachrichten.de\/?p=94051"},"modified":"2011-12-24T11:59:41","modified_gmt":"2011-12-24T11:59:41","slug":"glasfaser-einblasen-beim-uwag-breitband-projekt-material-zur-schnellen-datenubertragung-in-rohre-eingebracht","status":"publish","type":"post","link":"https:\/\/www.fuldaernachrichten.de\/?p=94051","title":{"rendered":"Glasfaser-Einblasen beim \u00dcWAG-Breitband-Projekt &#8211; Material zur schnellen Daten\u00fcbertragung in Rohre eingebracht"},"content":{"rendered":"<p><a href=\"http:\/\/www.fuldaer-nachrichten.de\/wp-content\/uploads\/2011\/12\/Pressefoto-Glasfaser-Einblasen.jpg\"><img decoding=\"async\" class=\"alignleft size-thumbnail wp-image-94052\" title=\"Pressefoto-Glasfaser-Einblasen\" src=\"http:\/\/www.fuldaer-nachrichten.de\/wp-content\/uploads\/2011\/12\/Pressefoto-Glasfaser-Einblasen-265x176.jpg\" alt=\"\" width=\"265\" height=\"176\" srcset=\"https:\/\/www.fuldaernachrichten.de\/wp-content\/uploads\/2011\/12\/Pressefoto-Glasfaser-Einblasen-265x176.jpg 265w, https:\/\/www.fuldaernachrichten.de\/wp-content\/uploads\/2011\/12\/Pressefoto-Glasfaser-Einblasen.jpg 592w\" sizes=\"(max-width: 265px) 100vw, 265px\" \/><\/a>K\u00fcnzell-Dietershausen. Die Arbeiten zur fl\u00e4chendeckenden Versorgung des Landkreises mit Breitband durch die \u00dcWAG sind in den ersten Gemeinden, die bei diesem Projekt mit dem Energieversorger zusammenarbeiten, bereits in vollem Gange. In der Pilotgemeinde Dipperz werden derzeit Tiefbauarbeiten durchgef\u00fchrt, und im K\u00fcnzeller Ortsteil Dietershausen hat ein spezialisiertes Unternehmen jetzt Glasfaser in die Rohre eingebracht \u2013 ein Arbeitsschritt, der besonderes Know-how und Fingerspitzengef\u00fchl erfordert. <!--more-->Vor Ort machte sich auch der B\u00fcrgermeister der Gemeinde K\u00fcnzell, Peter Meinecke, ein Bild von dem Fortschritt der Arbeiten der \u00dcWAG bei dem Breitband-Projekt. In den Breitband-Trassen werden zun\u00e4chst Rohrverbundsysteme verlegt. In diese Rohrverbundsysteme werden dann die Glasfaserkabel eingebracht. Zu diesem Zweck wird das spezielle Verfahren des \u201eEinblasens\u201c angewandt. Dieser Arbeitsschritt wird von qualifiziertem Fachpersonal durchgef\u00fchrt: Pressluft treibt die Glasfaser mit einem Druck von etwa zw\u00f6lf bar durch das Leerrohr. Beim Einblasen der Glasfaserkabel m\u00fcssen der Kabelanfang und die Einblasvorrichtung kontinuierlich \u00fcberwacht werden. Um dies zu gew\u00e4hrleisten, kommuniziert das Spezial-Team st\u00e4ndig mobil miteinander. Hierbei sind Einblasl\u00e4ngen von mehreren tausend Metern m\u00f6glich, Voraussetzung ist dabei, dass die Rohre fachgerecht verlegt sind.<\/p>\n<p>Mit dem Einblasen der Glasfasern in Dietershausen hat die \u00dcWAG termingerecht den Aufbau der passiven Infrastruktur in dem K\u00fcnzeller Ortsteil abgeschlossen.<\/p>\n","protected":false},"excerpt":{"rendered":"<div class=\"tmnf_excerpt\"><p>K\u00fcnzell-Dietershausen. Die Arbeiten zur fl\u00e4chendeckenden Versorgung des Landkreises mit Breitband durch die \u00dcWAG sind in den ersten Gemeinden, die bei diesem Projekt mit dem Energieversorger zusammenarbeiten, bereits in vollem Gange. In der Pilotgemeinde Dipperz werden derzeit Tiefbauarbeiten durchgef\u00fchrt, und im K\u00fcnzeller Ortsteil Dietershausen hat ein spezialisiertes Unternehmen jetzt Glasfaser in die Rohre eingebracht \u2013 ein &hellip;<\/p>\n<\/div>","protected":false},"author":1,"featured_media":0,"comment_status":"closed","ping_status":"closed","sticky":false,"template":"","format":"standard","meta":{"footnotes":""},"categories":[1],"tags":[],"class_list":["post-94051","post","type-post","status-publish","format-standard","hentry","category-startseite"],"_links":{"self":[{"href":"https:\/\/www.fuldaernachrichten.de\/index.php?rest_route=\/wp\/v2\/posts\/94051","targetHints":{"allow":["GET"]}}],"collection":[{"href":"https:\/\/www.fuldaernachrichten.de\/index.php?rest_route=\/wp\/v2\/posts"}],"about":[{"href":"https:\/\/www.fuldaernachrichten.de\/index.php?rest_route=\/wp\/v2\/types\/post"}],"author":[{"embeddable":true,"href":"https:\/\/www.fuldaernachrichten.de\/index.php?rest_route=\/wp\/v2\/users\/1"}],"replies":[{"embeddable":true,"href":"https:\/\/www.fuldaernachrichten.de\/index.php?rest_route=%2Fwp%2Fv2%2Fcomments&post=94051"}],"version-history":[{"count":0,"href":"https:\/\/www.fuldaernachrichten.de\/index.php?rest_route=\/wp\/v2\/posts\/94051\/revisions"}],"wp:attachment":[{"href":"https:\/\/www.fuldaernachrichten.de\/index.php?rest_route=%2Fwp%2Fv2%2Fmedia&parent=94051"}],"wp:term":[{"taxonomy":"category","embeddable":true,"href":"https:\/\/www.fuldaernachrichten.de\/index.php?rest_route=%2Fwp%2Fv2%2Fcategories&post=94051"},{"taxonomy":"post_tag","embeddable":true,"href":"https:\/\/www.fuldaernachrichten.de\/index.php?rest_route=%2Fwp%2Fv2%2Ftags&post=94051"}],"curies":[{"name":"wp","href":"https:\/\/api.w.org\/{rel}","templated":true}]}}