{"id":94049,"date":"2011-12-24T00:12:36","date_gmt":"2011-12-24T00:12:36","guid":{"rendered":"http:\/\/www.fuldaer-nachrichten.de\/?p=94049"},"modified":"2011-12-24T11:57:47","modified_gmt":"2011-12-24T11:57:47","slug":"lichterkonzert-im-fuldaer-dom-am-29-dezember-2011-um-20-uhr","status":"publish","type":"post","link":"https:\/\/www.fuldaernachrichten.de\/?p=94049","title":{"rendered":"Lichterkonzert im Fuldaer Dom am 29. Dezember 2011 um 20 Uhr"},"content":{"rendered":"<p><a href=\"http:\/\/www.fuldaer-nachrichten.de\/wp-content\/uploads\/2011\/12\/Dom-im-Schnee-032.jpg\"><img fetchpriority=\"high\" decoding=\"async\" class=\"alignleft size-thumbnail wp-image-94050\" title=\"Dom-im-Schnee-032\" src=\"http:\/\/www.fuldaer-nachrichten.de\/wp-content\/uploads\/2011\/12\/Dom-im-Schnee-032-265x198.jpg\" alt=\"\" width=\"265\" height=\"198\" srcset=\"https:\/\/www.fuldaernachrichten.de\/wp-content\/uploads\/2011\/12\/Dom-im-Schnee-032-265x198.jpg 265w, https:\/\/www.fuldaernachrichten.de\/wp-content\/uploads\/2011\/12\/Dom-im-Schnee-032.jpg 592w\" sizes=\"(max-width: 265px) 100vw, 265px\" \/><\/a>Fulda. Der festliche Dom, ein Lichtermeer von Kerzen, die jungen Stimmen des JugendKathedralchors, Chor- und Orgelmusik; das j\u00e4hrliche Lichterkonzert am 29. Dezember 2011 um 20 Uhrl\u00e4sst einen Weihnachtstraum wahr werden. Die Ch\u00f6re, geleitet von Domkapellmeister Franz-Peter Huber, pr\u00e4sentieren Werke von\u00c2\u00a0 Bach, Chilcott und Hassler, an der Orgel musiziert Domorganist Prof. Hans-J\u00fcrgen Kaiser Orgelmusik von Karg-Elert, L\u00fcbeck und Vierne, an der Chororgel begleitet Biagio Quaglino.<\/p>\n","protected":false},"excerpt":{"rendered":"<div class=\"tmnf_excerpt\"><p>Fulda. Der festliche Dom, ein Lichtermeer von Kerzen, die jungen Stimmen des JugendKathedralchors, Chor- und Orgelmusik; das j\u00e4hrliche Lichterkonzert am 29. Dezember 2011 um 20 Uhrl\u00e4sst einen Weihnachtstraum wahr werden. Die Ch\u00f6re, geleitet von Domkapellmeister Franz-Peter Huber, pr\u00e4sentieren Werke von\u00c2\u00a0 Bach, Chilcott und Hassler, an der Orgel musiziert Domorganist Prof. Hans-J\u00fcrgen Kaiser Orgelmusik von Karg-Elert, &hellip;<\/p>\n<\/div>","protected":false},"author":1,"featured_media":0,"comment_status":"closed","ping_status":"closed","sticky":false,"template":"","format":"standard","meta":{"footnotes":""},"categories":[1,50,44],"tags":[],"class_list":["post-94049","post","type-post","status-publish","format-standard","hentry","category-startseite","category-kirche","category-kultur"],"_links":{"self":[{"href":"https:\/\/www.fuldaernachrichten.de\/index.php?rest_route=\/wp\/v2\/posts\/94049","targetHints":{"allow":["GET"]}}],"collection":[{"href":"https:\/\/www.fuldaernachrichten.de\/index.php?rest_route=\/wp\/v2\/posts"}],"about":[{"href":"https:\/\/www.fuldaernachrichten.de\/index.php?rest_route=\/wp\/v2\/types\/post"}],"author":[{"embeddable":true,"href":"https:\/\/www.fuldaernachrichten.de\/index.php?rest_route=\/wp\/v2\/users\/1"}],"replies":[{"embeddable":true,"href":"https:\/\/www.fuldaernachrichten.de\/index.php?rest_route=%2Fwp%2Fv2%2Fcomments&post=94049"}],"version-history":[{"count":0,"href":"https:\/\/www.fuldaernachrichten.de\/index.php?rest_route=\/wp\/v2\/posts\/94049\/revisions"}],"wp:attachment":[{"href":"https:\/\/www.fuldaernachrichten.de\/index.php?rest_route=%2Fwp%2Fv2%2Fmedia&parent=94049"}],"wp:term":[{"taxonomy":"category","embeddable":true,"href":"https:\/\/www.fuldaernachrichten.de\/index.php?rest_route=%2Fwp%2Fv2%2Fcategories&post=94049"},{"taxonomy":"post_tag","embeddable":true,"href":"https:\/\/www.fuldaernachrichten.de\/index.php?rest_route=%2Fwp%2Fv2%2Ftags&post=94049"}],"curies":[{"name":"wp","href":"https:\/\/api.w.org\/{rel}","templated":true}]}}