{"id":94046,"date":"2011-12-24T00:12:28","date_gmt":"2011-12-24T00:12:28","guid":{"rendered":"http:\/\/www.fuldaer-nachrichten.de\/?p=94046"},"modified":"2011-12-24T11:55:32","modified_gmt":"2011-12-24T11:55:32","slug":"positive-zwischenbilanz-des-pflegestutzpunktes-nach-einem-jahr","status":"publish","type":"post","link":"https:\/\/www.fuldaernachrichten.de\/?p=94046","title":{"rendered":"Positive Zwischenbilanz des Pflegest\u00fctzpunktes nach einem Jahr"},"content":{"rendered":"<p><a href=\"http:\/\/www.fuldaer-nachrichten.de\/wp-content\/uploads\/2011\/12\/AbelLeskienDez2011.jpg\"><img fetchpriority=\"high\" decoding=\"async\" class=\"alignleft size-thumbnail wp-image-94047\" title=\"AbelLeskienDez2011\" src=\"http:\/\/www.fuldaer-nachrichten.de\/wp-content\/uploads\/2011\/12\/AbelLeskienDez2011-265x227.jpg\" alt=\"\" width=\"265\" height=\"227\" srcset=\"https:\/\/www.fuldaernachrichten.de\/wp-content\/uploads\/2011\/12\/AbelLeskienDez2011-265x227.jpg 265w, https:\/\/www.fuldaernachrichten.de\/wp-content\/uploads\/2011\/12\/AbelLeskienDez2011.jpg 592w\" sizes=\"(max-width: 265px) 100vw, 265px\" \/><\/a>Vogelsbergkreis. Am 1. Dezember 2010 wurde der Pflegest\u00fctzpunkt des Vogelsbergkreises in der Kreisverwaltung in Lauterbach er\u00f6ffnet. Getragen wird die neue Beratungseinrichtung gemeinsam von den Pflege- und Krankenkassen, die im Vogelsbergkreis von der AOK vertreten werden und vom Vogelsbergkreis. Beide Partner bringen je eine Vollzeitstelle ein. F\u00fcr den Vogelsbergkreis ist Monique Abel t\u00e4tig und die AOK hat Sabine Leskien in den Vogelsberger Pflegest\u00fctzpunkt abgeordnet. Aufgabe ist die umfassende, kompetente und neutrale Beratung der B\u00fcrger zu allen Fragen rund um das Thema Pflege, aber auch die Weiterentwicklung der Pflegeinfrastruktur und die noch bessere Vernetzung aller Angebote im Kreis.<br \/>\n<!--more--><br \/>\nNach gut einem Jahr praktischer Arbeit wurde jetzt auf der Grundlage der dokumentierten Aktivit\u00e4ten eine erste Zwischenbilanz gezogen. &#8220;Man k\u00f6nnte sagen, die Vogelsberger haben auf den Pflegest\u00fctzpunkt gewartet&#8221;, fassen die beiden Mitarbeiterinnen ihre Erfahrungen zusammen. So weist die Statistik aus, dass 250 Pflegebed\u00fcrftige und Angeh\u00f6rige intensiv beraten wurden. Meistens gab es \u00fcber einen l\u00e4ngeren Zeitraum mehrere Kontakte. Etwa ein Drittel der Beratungen wurden in der Wohnung der Betroffenen durchgef\u00fchrt. Die Kontaktaufnahme mit dem Pflegest\u00fctzpunkt erfolgte \u00fcberwiegend per Telefon und zum Teil pers\u00f6nlich w\u00e4hrend der Sprechzeiten.<\/p>\n<p>Pflegebed\u00fcrftige und Angeh\u00f6rige meldeten sich aus allen Teilen des Vogelsbergkreises. Das Spektrum der Anfragen reichte von der Pflegeeinstufung \u00fcber die M\u00f6glichkeiten, die die Pflegeversicherung bietet bis zur konkreten Organisation der Pflege. Dabei ging es oft darum, herauszufinden, welche Leistungen ben\u00f6tigt werden, wer sie erbringen kann und wie sie finanziert werden. Themen waren auch die M\u00f6glichkeiten der pflegegerechten Anpassung der Wohnung, die Entlastung der pflegenden Angeh\u00f6rigen und das betreute Wohnen. In jedem zweiten Beratungsgespr\u00e4ch sei Demenz ein Thema gewesen, berichten die Beraterinnen.<\/p>\n<p>Um die Pflegelandschaft der Region mit ihren St\u00e4rken und Schw\u00e4chen genau kennen zu lernen, habe man inzwischen fast alle ambulanten und station\u00e4ren Pflegeeinrichtungen besucht und sich \u00fcber deren Leistungen informiert. In 23 Vortr\u00e4gen, mit Infost\u00e4nden bei drei Veranstaltungen und \u00fcber Informationen der Haus\u00e4rzte habe man das Beratungsangebot bekannt gemacht. Mit der Unterst\u00fctzung von Selbsthilfegruppen sowie Nachbarschafts- und Seniorenhilfen sei begonnen worden. Im Vogelsberger B\u00fcndnis f\u00fcr Familie arbeite man aktiv mit.<\/p>\n<p>In Hessen sind inzwischen 22 Pflegest\u00fctzpunkte eingerichtet worden. Die f\u00fcr den Vogelsberger St\u00fctzpunkt Verantwortlichen, Axel Russ von der AOK Hessen und Hans Dieter Herget von der Kreisverwaltung sind sich einig: \u201eNach einem Jahr k\u00f6nnen wir aus Vogelsberger Sicht von einem gelungenen Projekt sprechen\u201c. Das gelte sowohl f\u00fcr den Nutzen des St\u00fctzpunktes f\u00fcr die B\u00fcrger, als auch f\u00fcr die gute Zusammenarbeit zwischen den Kranken- und Pflegekassen und dem Vogelsbergkreis als gemeinsame Tr\u00e4ger des Beratungsangebotes.<\/p>\n<p>Erreichbar sind die Mitarbeiterinnen des Pflegest\u00fctzpunktes unter 06641\/977-2091 und 977-2092. Die Mailadresse lautet pflegestuetzpunkt@vogelsbergkreis.de. Informationen gibt es im Internet unter http:\/\/pflegestuetzpunkt.vogelsbergkreis.de<\/p>\n","protected":false},"excerpt":{"rendered":"<div class=\"tmnf_excerpt\"><p>Vogelsbergkreis. Am 1. Dezember 2010 wurde der Pflegest\u00fctzpunkt des Vogelsbergkreises in der Kreisverwaltung in Lauterbach er\u00f6ffnet. Getragen wird die neue Beratungseinrichtung gemeinsam von den Pflege- und Krankenkassen, die im Vogelsbergkreis von der AOK vertreten werden und vom Vogelsbergkreis. Beide Partner bringen je eine Vollzeitstelle ein. F\u00fcr den Vogelsbergkreis ist Monique Abel t\u00e4tig und die AOK &hellip;<\/p>\n<\/div>","protected":false},"author":1,"featured_media":0,"comment_status":"closed","ping_status":"closed","sticky":false,"template":"","format":"standard","meta":{"footnotes":""},"categories":[1,51],"tags":[],"class_list":["post-94046","post","type-post","status-publish","format-standard","hentry","category-startseite","category-medizin"],"_links":{"self":[{"href":"https:\/\/www.fuldaernachrichten.de\/index.php?rest_route=\/wp\/v2\/posts\/94046","targetHints":{"allow":["GET"]}}],"collection":[{"href":"https:\/\/www.fuldaernachrichten.de\/index.php?rest_route=\/wp\/v2\/posts"}],"about":[{"href":"https:\/\/www.fuldaernachrichten.de\/index.php?rest_route=\/wp\/v2\/types\/post"}],"author":[{"embeddable":true,"href":"https:\/\/www.fuldaernachrichten.de\/index.php?rest_route=\/wp\/v2\/users\/1"}],"replies":[{"embeddable":true,"href":"https:\/\/www.fuldaernachrichten.de\/index.php?rest_route=%2Fwp%2Fv2%2Fcomments&post=94046"}],"version-history":[{"count":1,"href":"https:\/\/www.fuldaernachrichten.de\/index.php?rest_route=\/wp\/v2\/posts\/94046\/revisions"}],"predecessor-version":[{"id":94048,"href":"https:\/\/www.fuldaernachrichten.de\/index.php?rest_route=\/wp\/v2\/posts\/94046\/revisions\/94048"}],"wp:attachment":[{"href":"https:\/\/www.fuldaernachrichten.de\/index.php?rest_route=%2Fwp%2Fv2%2Fmedia&parent=94046"}],"wp:term":[{"taxonomy":"category","embeddable":true,"href":"https:\/\/www.fuldaernachrichten.de\/index.php?rest_route=%2Fwp%2Fv2%2Fcategories&post=94046"},{"taxonomy":"post_tag","embeddable":true,"href":"https:\/\/www.fuldaernachrichten.de\/index.php?rest_route=%2Fwp%2Fv2%2Ftags&post=94046"}],"curies":[{"name":"wp","href":"https:\/\/api.w.org\/{rel}","templated":true}]}}