{"id":94045,"date":"2011-12-23T11:54:01","date_gmt":"2011-12-23T11:54:01","guid":{"rendered":"http:\/\/www.fuldaer-nachrichten.de\/?p=94045"},"modified":"2011-12-24T11:54:17","modified_gmt":"2011-12-24T11:54:17","slug":"winterwoche-der-malteser-jugend-noch-sind-platze-frei","status":"publish","type":"post","link":"https:\/\/www.fuldaernachrichten.de\/?p=94045","title":{"rendered":"Winterwoche der Malteser Jugend &#8211; noch sind Pl\u00e4tze frei"},"content":{"rendered":"<p>Fulda(tg) F\u00fcr die Winterwoche der Malteser Jugend in Blockhaus Dietges vom 3. bis 7. Januar sind noch Pl\u00e4tze frei. Alle Kinder und Jugendliche im Alter von 12 bis 16 Jahren, die Lust auf Schlittenfahren, Schneeballschlachten, eine gem\u00fctliche Kaminrunde mit hei\u00dfer Schokolade oder gemeinschaftliche Spieleabende haben, sind herzlich eingeladen. Anreise 3. Januar ab 15 Uhr, Ende Samstag 15 Uhr. Es wird ein Teilnehmerbeitrag von 50 Euro erhoben. Weitere Infos &amp; Anmeldung unter Tel. 0661 \/ 86977-0.<\/p>\n","protected":false},"excerpt":{"rendered":"<div class=\"tmnf_excerpt\"><p>Fulda(tg) F\u00fcr die Winterwoche der Malteser Jugend in Blockhaus Dietges vom 3. bis 7. Januar sind noch Pl\u00e4tze frei. Alle Kinder und Jugendliche im Alter von 12 bis 16 Jahren, die Lust auf Schlittenfahren, Schneeballschlachten, eine gem\u00fctliche Kaminrunde mit hei\u00dfer Schokolade oder gemeinschaftliche Spieleabende haben, sind herzlich eingeladen. Anreise 3. Januar ab 15 Uhr, Ende &hellip;<\/p>\n<\/div>","protected":false},"author":1,"featured_media":0,"comment_status":"closed","ping_status":"closed","sticky":false,"template":"","format":"standard","meta":{"footnotes":""},"categories":[1],"tags":[],"class_list":["post-94045","post","type-post","status-publish","format-standard","hentry","category-startseite"],"_links":{"self":[{"href":"https:\/\/www.fuldaernachrichten.de\/index.php?rest_route=\/wp\/v2\/posts\/94045","targetHints":{"allow":["GET"]}}],"collection":[{"href":"https:\/\/www.fuldaernachrichten.de\/index.php?rest_route=\/wp\/v2\/posts"}],"about":[{"href":"https:\/\/www.fuldaernachrichten.de\/index.php?rest_route=\/wp\/v2\/types\/post"}],"author":[{"embeddable":true,"href":"https:\/\/www.fuldaernachrichten.de\/index.php?rest_route=\/wp\/v2\/users\/1"}],"replies":[{"embeddable":true,"href":"https:\/\/www.fuldaernachrichten.de\/index.php?rest_route=%2Fwp%2Fv2%2Fcomments&post=94045"}],"version-history":[{"count":0,"href":"https:\/\/www.fuldaernachrichten.de\/index.php?rest_route=\/wp\/v2\/posts\/94045\/revisions"}],"wp:attachment":[{"href":"https:\/\/www.fuldaernachrichten.de\/index.php?rest_route=%2Fwp%2Fv2%2Fmedia&parent=94045"}],"wp:term":[{"taxonomy":"category","embeddable":true,"href":"https:\/\/www.fuldaernachrichten.de\/index.php?rest_route=%2Fwp%2Fv2%2Fcategories&post=94045"},{"taxonomy":"post_tag","embeddable":true,"href":"https:\/\/www.fuldaernachrichten.de\/index.php?rest_route=%2Fwp%2Fv2%2Ftags&post=94045"}],"curies":[{"name":"wp","href":"https:\/\/api.w.org\/{rel}","templated":true}]}}