{"id":93993,"date":"2011-12-24T00:12:11","date_gmt":"2011-12-24T00:12:11","guid":{"rendered":"http:\/\/www.fuldaer-nachrichten.de\/?p=93993"},"modified":"2011-12-24T07:57:17","modified_gmt":"2011-12-24T07:57:17","slug":"kunstausstellung-im-ambiente-noch-bis-silvester-geoffnet","status":"publish","type":"post","link":"https:\/\/www.fuldaernachrichten.de\/?p=93993","title":{"rendered":"Kunstausstellung im &#8220;Ambiente&#8221; noch bis Silvester ge\u00f6ffnet"},"content":{"rendered":"<p><a href=\"http:\/\/www.fuldaer-nachrichten.de\/wp-content\/uploads\/2011\/12\/Bild-1-final.jpg\"><img fetchpriority=\"high\" decoding=\"async\" class=\"alignleft size-thumbnail wp-image-93994\" title=\"Bild-1-final\" src=\"http:\/\/www.fuldaer-nachrichten.de\/wp-content\/uploads\/2011\/12\/Bild-1-final-265x198.jpg\" alt=\"\" width=\"265\" height=\"198\" srcset=\"https:\/\/www.fuldaernachrichten.de\/wp-content\/uploads\/2011\/12\/Bild-1-final-265x198.jpg 265w, https:\/\/www.fuldaernachrichten.de\/wp-content\/uploads\/2011\/12\/Bild-1-final.jpg 592w\" sizes=\"(max-width: 265px) 100vw, 265px\" \/><\/a>Fulda. Noch bis Samstag, 31.Dezember, werden im Antiquit\u00e4tengesch\u00e4ft \u201eAmbiente\u201c in Fulda, Kanalstra\u00dfe 9, vielf\u00e4ltige Kunstgegenst\u00e4nde ausgestellt und zum Verkauf angeboten. Zu sehen sind Gem\u00e4lde von Modeausstatter Harry Schindler und Maschinenbau-Ingenieurin B\u00e4rbel St\u00fcckrad-Nikutta.<!--more--><\/p>\n<p>W\u00e4hrend Schindler gro\u00dfformatige und abstrakte Modeillustrationen in den Blickpunkt seiner Kunst r\u00fcckt, bestechen die Acrylgem\u00e4lde St\u00fcckrad-Nikuttas durch leuchtende Farben und au\u00dfergew\u00f6hnliche Bildkompositionen. Petra Baier, Inhaberin eines Kosmetikinstituts, stellt mit in Silber gefassten Edelsteinen ganz besondere Unikate aus.<\/p>\n<p>Bereits zur Vernissage war ein gro\u00dfer Andrang zu verzeichnen: Rund 50 Kunstinteressierte informierten sich in pers\u00f6nlichen Gespr\u00e4chen mit den K\u00fcnstlern und \u201eAmbiente\u201c-Inhaber Sebastian Helfrich \u00fcber die Details der Exponate. Die Ausstellung ist von Montag bis Freitag von 14.00 bis 18.00 Uhr und am Samstag von 10.00 bis 13.00 ge\u00f6ffnet. Donnerstags nach Vereinbarung.<\/p>\n<p>Zum Foto: Kunst im \u201eAmbiente\u201c: Harry Schindler mit Gesch\u00e4ftsinhaber Sebastian Helfrich (rechts) vor einer gro\u00dfformatigen Modeillustration.<\/p>\n","protected":false},"excerpt":{"rendered":"<div class=\"tmnf_excerpt\"><p>Fulda. Noch bis Samstag, 31.Dezember, werden im Antiquit\u00e4tengesch\u00e4ft \u201eAmbiente\u201c in Fulda, Kanalstra\u00dfe 9, vielf\u00e4ltige Kunstgegenst\u00e4nde ausgestellt und zum Verkauf angeboten. Zu sehen sind Gem\u00e4lde von Modeausstatter Harry Schindler und Maschinenbau-Ingenieurin B\u00e4rbel St\u00fcckrad-Nikutta.<\/p>\n<\/div>","protected":false},"author":1,"featured_media":0,"comment_status":"closed","ping_status":"closed","sticky":false,"template":"","format":"standard","meta":{"footnotes":""},"categories":[1,29],"tags":[],"class_list":["post-93993","post","type-post","status-publish","format-standard","hentry","category-startseite","category-politik"],"_links":{"self":[{"href":"https:\/\/www.fuldaernachrichten.de\/index.php?rest_route=\/wp\/v2\/posts\/93993","targetHints":{"allow":["GET"]}}],"collection":[{"href":"https:\/\/www.fuldaernachrichten.de\/index.php?rest_route=\/wp\/v2\/posts"}],"about":[{"href":"https:\/\/www.fuldaernachrichten.de\/index.php?rest_route=\/wp\/v2\/types\/post"}],"author":[{"embeddable":true,"href":"https:\/\/www.fuldaernachrichten.de\/index.php?rest_route=\/wp\/v2\/users\/1"}],"replies":[{"embeddable":true,"href":"https:\/\/www.fuldaernachrichten.de\/index.php?rest_route=%2Fwp%2Fv2%2Fcomments&post=93993"}],"version-history":[{"count":0,"href":"https:\/\/www.fuldaernachrichten.de\/index.php?rest_route=\/wp\/v2\/posts\/93993\/revisions"}],"wp:attachment":[{"href":"https:\/\/www.fuldaernachrichten.de\/index.php?rest_route=%2Fwp%2Fv2%2Fmedia&parent=93993"}],"wp:term":[{"taxonomy":"category","embeddable":true,"href":"https:\/\/www.fuldaernachrichten.de\/index.php?rest_route=%2Fwp%2Fv2%2Fcategories&post=93993"},{"taxonomy":"post_tag","embeddable":true,"href":"https:\/\/www.fuldaernachrichten.de\/index.php?rest_route=%2Fwp%2Fv2%2Ftags&post=93993"}],"curies":[{"name":"wp","href":"https:\/\/api.w.org\/{rel}","templated":true}]}}