{"id":93984,"date":"2011-12-23T00:12:45","date_gmt":"2011-12-23T00:12:45","guid":{"rendered":"http:\/\/www.fuldaer-nachrichten.de\/?p=93984"},"modified":"2011-12-24T07:48:34","modified_gmt":"2011-12-24T07:48:34","slug":"besinnliche-weihnachtsfeier-im-caritas-altenpflegeheim-st-josef","status":"publish","type":"post","link":"https:\/\/www.fuldaernachrichten.de\/?p=93984","title":{"rendered":"Besinnliche Weihnachtsfeier im Caritas Altenpflegeheim St. Josef"},"content":{"rendered":"<p><a href=\"http:\/\/www.fuldaer-nachrichten.de\/wp-content\/uploads\/2011\/12\/111223_Caritas.jpg\"><img decoding=\"async\" class=\"alignleft size-thumbnail wp-image-93985\" title=\"111223_Caritas\" src=\"http:\/\/www.fuldaer-nachrichten.de\/wp-content\/uploads\/2011\/12\/111223_Caritas-265x176.jpg\" alt=\"\" width=\"265\" height=\"176\" srcset=\"https:\/\/www.fuldaernachrichten.de\/wp-content\/uploads\/2011\/12\/111223_Caritas-265x176.jpg 265w, https:\/\/www.fuldaernachrichten.de\/wp-content\/uploads\/2011\/12\/111223_Caritas.jpg 592w\" sizes=\"(max-width: 265px) 100vw, 265px\" \/><\/a>Fulda. Im weihnachtlich geschm\u00fcckten Festsaal stimmte j\u00fcngst die traditionelle Weihnachtsfeier im Caritas Altenpflegeheim St. Josef mit einem abwechslungsreichen Weihnachtsprogramm auf die anstehenden Weihnachtstage ein. Heimleiter Oliver Trousil konnte zahlreiche Angeh\u00f6rige und Freunde der Bewohner sowie Ehreng\u00e4ste begr\u00fc\u00dfen, die gekommen waren, um die Weihnachtsfreude mit den Heimbewohnern sowie den Mitarbeitern des Hauses zu teilen und besinnliche Stunden des Miteinanders zu verbringen.<!--more--><\/p>\n<p>W\u00e4hrend der Schnee drau\u00dfen leise rieselte, stimmten Frau Klingelh\u00f6fer und Frau Piskorz, Mitarbeiterinnen der sozialen Betreuung im Haus, mit ihren Instrumenten weihnachtliche Lieder an, die alle Anwesenden zum Mitsingen anregten. Die Gedichte und Geschichten, die durch unsere Mitarbeiter sowie durch unseren Bewohner Herrn Strohbach, vorgetragen wurden, bereicherten die Feier ebenso wie das traditionelle Nachspiel der \u201eHerbergssuche\u201c. Auch die weiteren G\u00e4ste zauberten mit ihren Darbietungen vorweihnachtliche Stimmung in unser Haus. Bei Kaffee und selbstgebackenen Kuchen und Pl\u00e4tzchen bekamen unsere Bewohner und G\u00e4ste schlie\u00dflich Besuch von dem Kinderchor der Bibelgemeinde Nordrh\u00f6n (H\u00fcnfeld), die mit ihrem Gesang und Instrumenten die Zuh\u00f6rer im St. Josef verzauberten. Auch untermalte der Bahnchor des Ausbesserungswerks Fulda durch seine klangvollen Lieder den Nachmittag.<\/p>\n<p>In seinem Schlusswort bedankte sich Herr Trousil ausdr\u00fccklich f\u00fcr die gemeinsame Gestaltung der Weihnachtsfeier durch Bewohnerschaft und Mitarbeiter des Caritas Altenpflegeheims St. Josef. \u201eMit den vielf\u00e4ltigen Beitr\u00e4gen Einzelner sei die Weihnachtsfeier in diesem Jahr wesentlich bereichert worden.\u201c, so Trousil.<\/p>\n","protected":false},"excerpt":{"rendered":"<div class=\"tmnf_excerpt\"><p>Fulda. Im weihnachtlich geschm\u00fcckten Festsaal stimmte j\u00fcngst die traditionelle Weihnachtsfeier im Caritas Altenpflegeheim St. Josef mit einem abwechslungsreichen Weihnachtsprogramm auf die anstehenden Weihnachtstage ein. Heimleiter Oliver Trousil konnte zahlreiche Angeh\u00f6rige und Freunde der Bewohner sowie Ehreng\u00e4ste begr\u00fc\u00dfen, die gekommen waren, um die Weihnachtsfreude mit den Heimbewohnern sowie den Mitarbeitern des Hauses zu teilen und besinnliche &hellip;<\/p>\n<\/div>","protected":false},"author":1,"featured_media":0,"comment_status":"closed","ping_status":"closed","sticky":false,"template":"","format":"standard","meta":{"footnotes":""},"categories":[1,50],"tags":[],"class_list":["post-93984","post","type-post","status-publish","format-standard","hentry","category-startseite","category-kirche"],"_links":{"self":[{"href":"https:\/\/www.fuldaernachrichten.de\/index.php?rest_route=\/wp\/v2\/posts\/93984","targetHints":{"allow":["GET"]}}],"collection":[{"href":"https:\/\/www.fuldaernachrichten.de\/index.php?rest_route=\/wp\/v2\/posts"}],"about":[{"href":"https:\/\/www.fuldaernachrichten.de\/index.php?rest_route=\/wp\/v2\/types\/post"}],"author":[{"embeddable":true,"href":"https:\/\/www.fuldaernachrichten.de\/index.php?rest_route=\/wp\/v2\/users\/1"}],"replies":[{"embeddable":true,"href":"https:\/\/www.fuldaernachrichten.de\/index.php?rest_route=%2Fwp%2Fv2%2Fcomments&post=93984"}],"version-history":[{"count":0,"href":"https:\/\/www.fuldaernachrichten.de\/index.php?rest_route=\/wp\/v2\/posts\/93984\/revisions"}],"wp:attachment":[{"href":"https:\/\/www.fuldaernachrichten.de\/index.php?rest_route=%2Fwp%2Fv2%2Fmedia&parent=93984"}],"wp:term":[{"taxonomy":"category","embeddable":true,"href":"https:\/\/www.fuldaernachrichten.de\/index.php?rest_route=%2Fwp%2Fv2%2Fcategories&post=93984"},{"taxonomy":"post_tag","embeddable":true,"href":"https:\/\/www.fuldaernachrichten.de\/index.php?rest_route=%2Fwp%2Fv2%2Ftags&post=93984"}],"curies":[{"name":"wp","href":"https:\/\/api.w.org\/{rel}","templated":true}]}}