{"id":93972,"date":"2011-12-22T00:12:27","date_gmt":"2011-12-22T00:12:27","guid":{"rendered":"http:\/\/www.fuldaer-nachrichten.de\/?p=93972"},"modified":"2011-12-21T10:30:36","modified_gmt":"2011-12-21T10:30:36","slug":"ein-kundschafter-feiert-silbernes-priesterjubilaum","status":"publish","type":"post","link":"https:\/\/www.fuldaernachrichten.de\/?p=93972","title":{"rendered":"Ein Kundschafter feiert silbernes Priesterjubil\u00e4um"},"content":{"rendered":"<p><strong><a href=\"http:\/\/www.fuldaer-nachrichten.de\/wp-content\/uploads\/2011\/12\/111221_Jubilaeum.jpg\"><img decoding=\"async\" class=\"alignleft size-thumbnail wp-image-93973\" title=\"111221_Jubilaeum\" src=\"http:\/\/www.fuldaer-nachrichten.de\/wp-content\/uploads\/2011\/12\/111221_Jubilaeum-265x175.jpg\" alt=\"\" width=\"265\" height=\"175\" srcset=\"https:\/\/www.fuldaernachrichten.de\/wp-content\/uploads\/2011\/12\/111221_Jubilaeum-265x175.jpg 265w, https:\/\/www.fuldaernachrichten.de\/wp-content\/uploads\/2011\/12\/111221_Jubilaeum.jpg 592w\" sizes=\"(max-width: 265px) 100vw, 265px\" \/><\/a>K\u00fcnzell. <\/strong>In zwei Bildern beschreiben Freunde, Mit-Priester und Vertreter aus f\u00fcnf Pfarrgemeinden ihren Pfarrer: Als Kundschafter und als Bauherren. Mit einem gro\u00dfartigen Festgottesdienst in der Pfarrkirche St. Antonius in K\u00fcnzell feierte Pfarrer Rudolf Liebig sein 25-j\u00e4hriges Priesterjubil\u00e4um.\u00c2\u00a0 Sein einpr\u00e4gender Gedanke f\u00fcr diesem Tag lautete: Wichtig ist, dass alle dabei sind und Gott in unserer Mitte steht. Nach einem Viertel Jahrhundert blickt Pfarrer Rudolf Liebig nicht zur\u00fcck, sondern in einer bis zum letzten Platz gef\u00fcllten Kirche nach vorne. Das Leitmotiv seiner heutigen Pfarreien St. Antonius in K\u00fcnzell und St. Pius in Fulda f\u00fcr das kommende Jahr lautet \u201eMit Christus Wege finden, entfalten, vernetzen.\u201c Dieses Leitmotiv beschreibt auch das Wirken Herrn Pfarrer Liebigs, symbolisiert auch im Jubil\u00e4umsbild der Kundschafter aus dem Buch Numeri. Zwei M\u00e4nner bringen dem Volk Israel riesige Weintrauben aus dem Gelobten Land.<!--more--><\/p>\n<p>Festprediger Pfarrer Ulrich Sch\u00e4fer fragt die Gemeinde: \u201eZwei M\u00e4nner\u00c2\u00a0 &#8211; welcher mag wohl Rudolf Liebig sein?\u201c Die Antwort ist einfach: Der Vordere. Pfarrer Liebig ist immer dabei, mit Christus einen neuen Weg zu finden und auf\u00c2\u00a0 diesem voran zu gehen. Und zwar schnell, wie Pfarrer Sch\u00e4fer aus liebevollen Klagen aus den Gemeinden wei\u00df: \u201eSie rennen vorneweg und uns geht hinten die Luft aus.\u201c Pfarrer Liebig entdeckt nicht nur neue Wege, er will sie in seinen Gemeinden auch entfalten. Die Frucht scheint aufzugehen, das zeigt die gro\u00dfe Menge, die zum Festgottesdienst gekommen ist.<\/p>\n<p>Katholiken aus f\u00fcnf Pfarrgemeinden feiern\u00c2\u00a0 drei Stunden lang Gottesdienst mit\u00c2\u00a0 \u201eihrem\u201c Pfarrer, dazu mit zwei Musikvereinen und zwei Ch\u00f6ren \u2013und einem Dutzend Mitbr\u00fcdern, allen voran Generalvikar Gerhard Stanke, einst Regens des jungen Seminaristen Rudolf Liebig im Priesterseminar in Fulda. Der Altarraum der gro\u00dfen St.-Antonius Kirche ist zu klein f\u00fcr die gesamte geweihte Festgemeinde. Im Leitbild der Gemeinde hei\u00dft es \u201evernetzen.\u201c Auch hier hat sich Rudolf Liebig als Kundschafter und Br\u00fcckenbauer bew\u00e4hrt. In Steinau-Steinhaus hat er zwei historisch getrennten D\u00f6rfern ein gemeinsames Gemeindehaus gebaut. Dieses lebt.<\/p>\n<p>Aus der Doppel-Gemeinde spielt der Musikverein \u201eOsthessen Symphonic Winds\u201c (OSW) &#8211; vernetzt &#8211; mit dem St. Antonius Musikverein aus K\u00fcnzell. In K\u00fcnzell hat Pfarrer Liebig die st\u00e4dtische Pfarrei St. Pius und seine St. Antonius Pfarrei verbunden. Das klingt sehr harmonisch unter anderem im Chor \u201eSt. Pius und St. Antonius\u201c, der gemeinsam mit dem Liederkranz K\u00fcnzell singt. Der Priester von heute, sagt Pfarrer Sch\u00e4fer, soll \u201eKundschafter der Zukunft\u201c sein \u2013 einer, der sich mutig in Neuland wagt, einer, der keine Angst hat vor Riesen. In diesem Fall: Keine Angst vor pastoralen Herausforderungen oder anstehenden Bauprojekten.\u00c2\u00a0 \u201eIch habe immer gern gebaut\u201c, r\u00e4umt Liebig noch im Festgottesdienst schmunzelnd ein, im \u201e\u00c4u\u00dferen, aber auch im Inneren.\u201c\u00c2\u00a0 Und im Lied zum Zwischengesang hei\u00dft es treffend: \u201ePlanen und bauen, Neuland begehn, so spricht Gott sein Ja.\u201c<\/p>\n<p>Und so hat Pfarrer Liebig \u00fcberall Spuren hinterlassen. \u00c4u\u00dferlich in Bauwerken, vom G\u00e4stehaus Marienau in Sch\u00f6nstatt \u00fcber das Gemeindezentrum in Steinau-Steinhaus bis hin zu den zahlreichen Projekten in K\u00fcnzell. Einiges davon ist bereits Wirklichkeit geworden, andere Pl\u00e4ne suchen noch nach ihrer Finanzierung. Die Spuren des Kundschafters Pfarrer Liebig zeigen sich aber in den Berufungen in seinen Pfarreien und in der Treue, die ihm so zahlreiche Wegbegleiter bis heute halten. Ein Zeichen der Treue \u00fcberreicht die KAB in Schriftform: Die Urkunde \u00fcber 25 Jahre als Pr\u00e4ses der KAB. Gru\u00dfbotschaften aus den verschiedenen Stationen seines Wirkens f\u00fcgten sich ein in das gezeichnete Bild als meinungsfester Vorangeher, als Kundschafter und Bauherr.<\/p>\n<p>Sie beschrieben einen Geistlichen mit festen Zielen und einem Plan, diese Ziele zu erreichen. Sie beschreiben einen Gemeindeleiter, der voran geht und dabei gerne im Gro\u00dfen und Genauen plant und schafft. Davon k\u00fcnden seine bl\u00fchenden Gemeinden. Und das spiegelt sich auch im Festgottesdienst, in der Eleganz, der musikalischen Gestaltung der vereinigten Musikvereine und Ch\u00f6re. Das furiose TeDeum zum Ende beeindruckt die Gemeinde mit Konzertqualit\u00e4t. Doch dies l\u00e4sst Pfarrer Liebig als letztes Wort nicht gelten. \u201eWichtig ist\u201c, so Pfarrer Liebig, \u201edass alle mit dabei sind.\u201c<\/p>\n<p>Und so zeigt die Gemeinde zum Ende eines gewaltigen Jubeltages noch ein kleines Raumwunder: Das im Vergleich zur Kirche doch \u00fcberschaubare Thomas-Morus-Haus nimmt die ganze Festgemeinde zu Kaffee und Kuchen auf. Und so wird noch ein Sinn des Bildes der Kundschafter offenbar: Sie bringen dem Volk nicht irgendwelche Fr\u00fcchte, sondern Weintrauben. Und auch von dieser Seite kennen die Gemeinden ihren Pfarrer Liebig: Als einen, der nicht abseits steht, sondern bei den Menschen ist. Im Beten, im Glauben und auch im Leben, in den schweren Zeiten, doch auch im frohen Feiern.<\/p>\n","protected":false},"excerpt":{"rendered":"<div class=\"tmnf_excerpt\"><p>K\u00fcnzell. In zwei Bildern beschreiben Freunde, Mit-Priester und Vertreter aus f\u00fcnf Pfarrgemeinden ihren Pfarrer: Als Kundschafter und als Bauherren. Mit einem gro\u00dfartigen Festgottesdienst in der Pfarrkirche St. Antonius in K\u00fcnzell feierte Pfarrer Rudolf Liebig sein 25-j\u00e4hriges Priesterjubil\u00e4um.\u00c2\u00a0 Sein einpr\u00e4gender Gedanke f\u00fcr diesem Tag lautete: Wichtig ist, dass alle dabei sind und Gott in unserer Mitte &hellip;<\/p>\n<\/div>","protected":false},"author":1,"featured_media":0,"comment_status":"closed","ping_status":"closed","sticky":false,"template":"","format":"standard","meta":{"footnotes":""},"categories":[1],"tags":[],"class_list":["post-93972","post","type-post","status-publish","format-standard","hentry","category-startseite"],"_links":{"self":[{"href":"https:\/\/www.fuldaernachrichten.de\/index.php?rest_route=\/wp\/v2\/posts\/93972","targetHints":{"allow":["GET"]}}],"collection":[{"href":"https:\/\/www.fuldaernachrichten.de\/index.php?rest_route=\/wp\/v2\/posts"}],"about":[{"href":"https:\/\/www.fuldaernachrichten.de\/index.php?rest_route=\/wp\/v2\/types\/post"}],"author":[{"embeddable":true,"href":"https:\/\/www.fuldaernachrichten.de\/index.php?rest_route=\/wp\/v2\/users\/1"}],"replies":[{"embeddable":true,"href":"https:\/\/www.fuldaernachrichten.de\/index.php?rest_route=%2Fwp%2Fv2%2Fcomments&post=93972"}],"version-history":[{"count":0,"href":"https:\/\/www.fuldaernachrichten.de\/index.php?rest_route=\/wp\/v2\/posts\/93972\/revisions"}],"wp:attachment":[{"href":"https:\/\/www.fuldaernachrichten.de\/index.php?rest_route=%2Fwp%2Fv2%2Fmedia&parent=93972"}],"wp:term":[{"taxonomy":"category","embeddable":true,"href":"https:\/\/www.fuldaernachrichten.de\/index.php?rest_route=%2Fwp%2Fv2%2Fcategories&post=93972"},{"taxonomy":"post_tag","embeddable":true,"href":"https:\/\/www.fuldaernachrichten.de\/index.php?rest_route=%2Fwp%2Fv2%2Ftags&post=93972"}],"curies":[{"name":"wp","href":"https:\/\/api.w.org\/{rel}","templated":true}]}}