{"id":93970,"date":"2011-12-21T00:12:38","date_gmt":"2011-12-21T00:12:38","guid":{"rendered":"http:\/\/www.fuldaer-nachrichten.de\/?p=93970"},"modified":"2011-12-21T10:24:46","modified_gmt":"2011-12-21T10:24:46","slug":"top-azubis-2011-in-berlin-ausgezeichnet-edag-group-gratuliert-michael-sippel","status":"publish","type":"post","link":"https:\/\/www.fuldaernachrichten.de\/?p=93970","title":{"rendered":"Top Azubis 2011 in Berlin ausgezeichnet &#8211; EDAG Group gratuliert Michael Sippel"},"content":{"rendered":"<p><strong><a href=\"http:\/\/www.fuldaer-nachrichten.de\/wp-content\/uploads\/2011\/12\/111221_EDAG.jpg\"><img decoding=\"async\" class=\"alignleft size-thumbnail wp-image-93971\" title=\"111221_EDAG\" src=\"http:\/\/www.fuldaer-nachrichten.de\/wp-content\/uploads\/2011\/12\/111221_EDAG-265x184.jpg\" alt=\"\" width=\"265\" height=\"184\" srcset=\"https:\/\/www.fuldaernachrichten.de\/wp-content\/uploads\/2011\/12\/111221_EDAG-265x184.jpg 265w, https:\/\/www.fuldaernachrichten.de\/wp-content\/uploads\/2011\/12\/111221_EDAG.jpg 592w\" sizes=\"(max-width: 265px) 100vw, 265px\" \/><\/a>Fulda. <\/strong>Die besten Azubis 2011 wurden von der DIHK-Organisation bei einer feierlichen Abendveranstaltung in Berlin ausgezeichnet. Aus \u00fcber 300.000 Teilnehmern wurden in diesem Jahr 227 Bundesbeste in 218 verschiedenen Berufen ermittelt. Als Bundessieger \u201eTechnischer Produktdesigner\u201c z\u00e4hlt nun auch Michael Sippel (EDAG Group) zu den Besten der Besten. Als Festredner gratulierte Bundesinnenminister Dr. Philipp R\u00f6sler den stolzen Preistr\u00e4gern und deren Angeh\u00f6rigen. Entertainerin Barbara Sch\u00f6neberger f\u00fchrte mit bekanntem Humor und Schlagfertigkeit durch das Programm.<\/p>\n","protected":false},"excerpt":{"rendered":"<div class=\"tmnf_excerpt\"><p>Fulda. Die besten Azubis 2011 wurden von der DIHK-Organisation bei einer feierlichen Abendveranstaltung in Berlin ausgezeichnet. Aus \u00fcber 300.000 Teilnehmern wurden in diesem Jahr 227 Bundesbeste in 218 verschiedenen Berufen ermittelt. Als Bundessieger \u201eTechnischer Produktdesigner\u201c z\u00e4hlt nun auch Michael Sippel (EDAG Group) zu den Besten der Besten. Als Festredner gratulierte Bundesinnenminister Dr. Philipp R\u00f6sler den &hellip;<\/p>\n<\/div>","protected":false},"author":1,"featured_media":0,"comment_status":"closed","ping_status":"closed","sticky":false,"template":"","format":"standard","meta":{"footnotes":""},"categories":[1],"tags":[],"class_list":["post-93970","post","type-post","status-publish","format-standard","hentry","category-startseite"],"_links":{"self":[{"href":"https:\/\/www.fuldaernachrichten.de\/index.php?rest_route=\/wp\/v2\/posts\/93970","targetHints":{"allow":["GET"]}}],"collection":[{"href":"https:\/\/www.fuldaernachrichten.de\/index.php?rest_route=\/wp\/v2\/posts"}],"about":[{"href":"https:\/\/www.fuldaernachrichten.de\/index.php?rest_route=\/wp\/v2\/types\/post"}],"author":[{"embeddable":true,"href":"https:\/\/www.fuldaernachrichten.de\/index.php?rest_route=\/wp\/v2\/users\/1"}],"replies":[{"embeddable":true,"href":"https:\/\/www.fuldaernachrichten.de\/index.php?rest_route=%2Fwp%2Fv2%2Fcomments&post=93970"}],"version-history":[{"count":0,"href":"https:\/\/www.fuldaernachrichten.de\/index.php?rest_route=\/wp\/v2\/posts\/93970\/revisions"}],"wp:attachment":[{"href":"https:\/\/www.fuldaernachrichten.de\/index.php?rest_route=%2Fwp%2Fv2%2Fmedia&parent=93970"}],"wp:term":[{"taxonomy":"category","embeddable":true,"href":"https:\/\/www.fuldaernachrichten.de\/index.php?rest_route=%2Fwp%2Fv2%2Fcategories&post=93970"},{"taxonomy":"post_tag","embeddable":true,"href":"https:\/\/www.fuldaernachrichten.de\/index.php?rest_route=%2Fwp%2Fv2%2Ftags&post=93970"}],"curies":[{"name":"wp","href":"https:\/\/api.w.org\/{rel}","templated":true}]}}