{"id":93960,"date":"2011-12-22T00:11:21","date_gmt":"2011-12-22T00:11:21","guid":{"rendered":"http:\/\/www.fuldaer-nachrichten.de\/?p=93960"},"modified":"2011-12-21T10:28:30","modified_gmt":"2011-12-21T10:28:30","slug":"mehr-als-70-000-menschen-sehen-das-groste-filmfestival-on-tour-der-aktion-mensch","status":"publish","type":"post","link":"https:\/\/www.fuldaernachrichten.de\/?p=93960","title":{"rendered":"Mehr als 70.000 Menschen sehen das gr\u00f6\u00dfte Filmfestival on Tour der Aktion Mensch"},"content":{"rendered":"<p><strong>Bonn.<\/strong> Mehr als 70.000 Besucher haben ueber Mut, das Filmfestival der Aktion Mensch, gesehen. \u201eDas Festival ist bei den Menschen vor Ort angekommen\u201c, zieht Martin Georgi, Vorstand der Aktion Mensch, zum Abschluss eine positive Bilanz. Dabei konnten Menschen mit und ohne Behinderung den Filmen gleicherma\u00dfen folgen. Denn alle Vorf\u00fchrungen waren barrierefrei. Das bedeutet, dass alle Beitr\u00e4ge beispielsweise mit Untertiteln und einer gesprochenen Bildbeschreibung versehen waren. Auch waren die Kinos f\u00fcr Rollstuhlfahrer zug\u00e4nglich. \u201eDas Festival ist der Beweis daf\u00fcr, dass Kino f\u00fcr alle Menschen ein Vergn\u00fcgen sein kann\u201c, sagt Georgi weiter. <!--more--><\/p>\n<p>Seit November 2010 tourte die Aktion Mensch mit zehn Beitr\u00e4gen durch fast 100 St\u00e4dte. In vielen Orten waren die Veranstaltungen ausverkauft. Dabei haben Filme jenseits des Massengeschmacks die Menschen ins Kino gezogen. Beispielsweise fand die ber\u00fchrende Liebesgeschichte von \u201eMonica und David\u201c, einem jungen Paar mit Down-Syndrom, gro\u00dfen Anklang. Gleichzeitig sorgte sie f\u00fcr eine kontroverse Diskussion, denn noch immer ist es ungew\u00f6hnlich, dass Menschen mit Down-Syndrom heiraten. Die Zuschauer fanden nach den\u00c2\u00a0 Vorf\u00fchrungen ein Forum, um ihre Meinungen und Eindr\u00fccke auszutauschen.<\/p>\n<p>Gemeinsam mit rund 1.600 Kooperationspartnern aus lokalen Verb\u00e4nden wie der Caritas, Greenpeace oder Unicef\u00c2\u00a0 hatte die Aktion Mensch ein Rahmenprogramm mit Diskussionsrunden, Kunstausstellungen, Live-Bands oder Tanzvorf\u00fchrungen initiiert. Zum Abschluss des gr\u00f6\u00dften Festivals on Tour in Europa zeigt ein Film auf Facebook unter <a href=\"http:\/\/www.aktion-mensch.de\" target=\"_blank\">www.aktion-mensch.de<\/a>. Ausschnitte vom Spielort Bonn mit Zuschauerreaktionen und Einsch\u00e4tzungen der Regisseure.<\/p>\n<p><strong>\u00dcber die Aktion Mensch e.V.<\/strong><\/p>\n<p>Die Aktion Mensch ist die gr\u00f6\u00dfte private F\u00f6rderorganisation im sozialen Bereich und eine der erfolgreichsten gemeinn\u00fctzigen Organisationen in Deutschland. Die Soziallotterie wurde 1964 als Aktion Sorgenkind gegr\u00fcndet und 2000 in Aktion Mensch umbenannt. Zu ihren Mitgliedern geh\u00f6ren: ZDF, Arbeiterwohlfahrt, Caritas, Deutsches Rotes Kreuz, Diakonie, Der Parit\u00e4tische Gesamtverband, Zentrale Wohlfahrtsstelle der Juden in Deutschland. Gemeinsam mit den Mitgliedsverb\u00e4nden setzen sich die 250 Mitarbeiterinnen und Mitarbeiter der Aktion Mensch f\u00fcr eine gerechte und solidarische Gesellschaft ein, in deren Mittelpunkt Inklusion, Vielfalt und Selbstbestimmung stehen.<\/p>\n<p>Der Verein unterst\u00fctzt mit seinen Erl\u00f6sen jeden Monat bis zu 1.000 soziale Vorhaben der Behindertenhilfe und -selbsthilfe sowie der Kinder- und Jugendhilfe. M\u00f6glich machen dies etwa 4,6 Millionen Menschen, die sich regelm\u00e4\u00dfig an der Aktion Mensch-Lotterie beteiligen. Seit ihrer Gr\u00fcndung hat die Aktion Mensch auf diese Weise bereits mehr als drei Milliarden Euro in F\u00f6rderprojekte investiert.<\/p>\n","protected":false},"excerpt":{"rendered":"<div class=\"tmnf_excerpt\"><p>Bonn. Mehr als 70.000 Besucher haben ueber Mut, das Filmfestival der Aktion Mensch, gesehen. \u201eDas Festival ist bei den Menschen vor Ort angekommen\u201c, zieht Martin Georgi, Vorstand der Aktion Mensch, zum Abschluss eine positive Bilanz. Dabei konnten Menschen mit und ohne Behinderung den Filmen gleicherma\u00dfen folgen. Denn alle Vorf\u00fchrungen waren barrierefrei. Das bedeutet, dass alle &hellip;<\/p>\n<\/div>","protected":false},"author":1,"featured_media":0,"comment_status":"closed","ping_status":"closed","sticky":false,"template":"","format":"standard","meta":{"footnotes":""},"categories":[1],"tags":[],"class_list":["post-93960","post","type-post","status-publish","format-standard","hentry","category-startseite"],"_links":{"self":[{"href":"https:\/\/www.fuldaernachrichten.de\/index.php?rest_route=\/wp\/v2\/posts\/93960","targetHints":{"allow":["GET"]}}],"collection":[{"href":"https:\/\/www.fuldaernachrichten.de\/index.php?rest_route=\/wp\/v2\/posts"}],"about":[{"href":"https:\/\/www.fuldaernachrichten.de\/index.php?rest_route=\/wp\/v2\/types\/post"}],"author":[{"embeddable":true,"href":"https:\/\/www.fuldaernachrichten.de\/index.php?rest_route=\/wp\/v2\/users\/1"}],"replies":[{"embeddable":true,"href":"https:\/\/www.fuldaernachrichten.de\/index.php?rest_route=%2Fwp%2Fv2%2Fcomments&post=93960"}],"version-history":[{"count":0,"href":"https:\/\/www.fuldaernachrichten.de\/index.php?rest_route=\/wp\/v2\/posts\/93960\/revisions"}],"wp:attachment":[{"href":"https:\/\/www.fuldaernachrichten.de\/index.php?rest_route=%2Fwp%2Fv2%2Fmedia&parent=93960"}],"wp:term":[{"taxonomy":"category","embeddable":true,"href":"https:\/\/www.fuldaernachrichten.de\/index.php?rest_route=%2Fwp%2Fv2%2Fcategories&post=93960"},{"taxonomy":"post_tag","embeddable":true,"href":"https:\/\/www.fuldaernachrichten.de\/index.php?rest_route=%2Fwp%2Fv2%2Ftags&post=93960"}],"curies":[{"name":"wp","href":"https:\/\/api.w.org\/{rel}","templated":true}]}}