{"id":93959,"date":"2011-12-21T00:13:34","date_gmt":"2011-12-21T00:13:34","guid":{"rendered":"http:\/\/www.fuldaer-nachrichten.de\/?p=93959"},"modified":"2011-12-21T10:26:15","modified_gmt":"2011-12-21T10:26:15","slug":"abwasserverband-fulda-verabschiedet-haushalt-2012","status":"publish","type":"post","link":"https:\/\/www.fuldaernachrichten.de\/?p=93959","title":{"rendered":"Abwasserverband Fulda verabschiedet Haushalt 2012"},"content":{"rendered":"<p><strong>Fulda. <\/strong>Die Mitglieder der Verbandsversammlung des Abwasserverbandes Fulda erteilten dem Verbandsvorstand einstimmig bei einer Stimmenthaltung die Entlastung f\u00fcr das Rechnungsjahr 2008. Im Jahr 2008 hatte der Abwasserverband Fulda auf die doppische Buchf\u00fchrung umgestellt. Der erste doppische Jahresabschluss war von einem Wirtschaftspr\u00fcfer ohne Beanstandung gepr\u00fcft worden. Weiterhin beschloss die Verbandsversammlung einstimmig, dass auf die Forderung zur Nachr\u00fcstung von \u00dcbergabesch\u00e4chten auf Privatgrundst\u00fccken im Zuge von Kanalsanierungsma\u00dfnahmen im \u00f6ffentlichen Stra\u00dfenbereich zuk\u00fcnftig verzichtet werden soll. Stattdessen wird nur noch eine entsprechende Empfehlung zu deren Herstellung gegeben.<!--more--><\/p>\n<p>Die Verbandsvorsitzende, Stadtbaur\u00e4tin Cornelia Zuschke, dankte den Gremien f\u00fcr diese Entscheidung: \u201eIch bin Ihnen sehr dankbar, dass Sie unseren Vorschlag als Zeichnen der Deregulierung und der St\u00e4rkung der Eigenverantwortung der B\u00fcrger mitgetragen haben.\u201c<\/p>\n<p>So umschrieb Cornelia Zuschke die Kernaufgabe der Haushaltsplanung des Verbandes f\u00fcr 2012, die im Gesamtergebnishaushalt mit 15,7 Mio. Euro abschlie\u00dft. Das Gesamtvolumen der Investitionen liegt bei insgesamt 6,42 Mio. Euro, von denen rd. 5,4 Mio. Euro in die Sanierung und Erweiterung der Abwasseranlagen flie\u00dfen wird. Diese Investitionen sind ein stetiger Stabilit\u00e4tsfaktor f\u00fcr die heimische Bauwirtschaft.<\/p>\n<p>Obwohl der Trend des Schuldenabbaues (rd. 14. Mio. Euro in 10 Jahren) auch in 2011 fortgesetzt werden konnte und beim Abwasserverband Fulda die Geb\u00fchren im achten Folgejahr stabil sein werden, erl\u00e4uterte die Verbandsvorsitzende, dass diese Entwicklung sich nicht als dauerhafte Selbstverst\u00e4ndlichkeit darstellt, sondern vieler vorausschauender und kreativer Strategien und Probleml\u00f6sungen bedarf. \u201eDer Aufwand zur Erf\u00fcllung gesetzlicher Vorgaben, wie die Umsetzung der Eigenkontrollverordnung, die Versch\u00e4rfung der Reinigungsanforderungen sowie die jetzt anstehende getrennte Geb\u00fchrenerhebung, ist immens. Das zeigt die intensive Resonanz und das derzeitige Beratungsvolumen der Mitarbeiter des Verbandes. Hinzu kommen die Investitionen zur Werterhaltung unseres gro\u00dfen Infrastrukturverm\u00f6gens, der Kan\u00e4le und technischen Anlagen,\u201c erkl\u00e4rte Cornelia Zuschke.<\/p>\n<p>Der Haushalt 2012, der von der Verbandsversammlung einstimmig bei 5 Stimmenthaltungen verabschiedet wurde, so die Verbandsvorsitzende abschlie\u00dfend, stehe in der Kontinuit\u00e4t einer konsequenten sowohl vorausschauenden als auch nachhaltigen Investitions- und Finanzierungsstrategie.<\/p>\n","protected":false},"excerpt":{"rendered":"<div class=\"tmnf_excerpt\"><p>Fulda. Die Mitglieder der Verbandsversammlung des Abwasserverbandes Fulda erteilten dem Verbandsvorstand einstimmig bei einer Stimmenthaltung die Entlastung f\u00fcr das Rechnungsjahr 2008. Im Jahr 2008 hatte der Abwasserverband Fulda auf die doppische Buchf\u00fchrung umgestellt. Der erste doppische Jahresabschluss war von einem Wirtschaftspr\u00fcfer ohne Beanstandung gepr\u00fcft worden. Weiterhin beschloss die Verbandsversammlung einstimmig, dass auf die Forderung zur &hellip;<\/p>\n<\/div>","protected":false},"author":1,"featured_media":0,"comment_status":"closed","ping_status":"closed","sticky":false,"template":"","format":"standard","meta":{"footnotes":""},"categories":[1],"tags":[],"class_list":["post-93959","post","type-post","status-publish","format-standard","hentry","category-startseite"],"_links":{"self":[{"href":"https:\/\/www.fuldaernachrichten.de\/index.php?rest_route=\/wp\/v2\/posts\/93959","targetHints":{"allow":["GET"]}}],"collection":[{"href":"https:\/\/www.fuldaernachrichten.de\/index.php?rest_route=\/wp\/v2\/posts"}],"about":[{"href":"https:\/\/www.fuldaernachrichten.de\/index.php?rest_route=\/wp\/v2\/types\/post"}],"author":[{"embeddable":true,"href":"https:\/\/www.fuldaernachrichten.de\/index.php?rest_route=\/wp\/v2\/users\/1"}],"replies":[{"embeddable":true,"href":"https:\/\/www.fuldaernachrichten.de\/index.php?rest_route=%2Fwp%2Fv2%2Fcomments&post=93959"}],"version-history":[{"count":0,"href":"https:\/\/www.fuldaernachrichten.de\/index.php?rest_route=\/wp\/v2\/posts\/93959\/revisions"}],"wp:attachment":[{"href":"https:\/\/www.fuldaernachrichten.de\/index.php?rest_route=%2Fwp%2Fv2%2Fmedia&parent=93959"}],"wp:term":[{"taxonomy":"category","embeddable":true,"href":"https:\/\/www.fuldaernachrichten.de\/index.php?rest_route=%2Fwp%2Fv2%2Fcategories&post=93959"},{"taxonomy":"post_tag","embeddable":true,"href":"https:\/\/www.fuldaernachrichten.de\/index.php?rest_route=%2Fwp%2Fv2%2Ftags&post=93959"}],"curies":[{"name":"wp","href":"https:\/\/api.w.org\/{rel}","templated":true}]}}